{"id":100418,"date":"2021-12-30T11:53:16","date_gmt":"2021-12-30T14:53:16","guid":{"rendered":"https:\/\/portalpopmais.com.br\/?p=100418"},"modified":"2021-12-30T11:59:23","modified_gmt":"2021-12-30T14:59:23","slug":"globo-retira-convite-camilla-de-lucas-apresentar-programa-bbb22","status":"publish","type":"post","link":"https:\/\/portalpopmais.com.br\/en\/globo-retira-convite-camilla-de-lucas-apresentar-programa-bbb22\/","title":{"rendered":"Camilla de Lucas \u00e9 &#8216;desconvidada&#8217; a apresentar programa do BBB22"},"content":{"rendered":"<p>Na \u00faltima quarta-feira (29), <strong><a href=\"https:\/\/portalpopmais.com.br\/en\/apos-engravidar-menina-de-17-anos-mc-poze-ameaca-camilla-de-lucas-cuidado\/\" target=\"_blank\" data-type=\"post\" data-id=\"90373\" rel=\"noreferrer noopener\">Camilla de Lucas<\/a><\/strong> fez um desabafo em suas redes sociais a respeito de aceita\u00e7\u00e3o. A publica\u00e7\u00e3o da influenciadora digital veio logo ap\u00f3s a TV Globo divulgar uma errata afirmando que ela n\u00e3o dever\u00e1 apresentar o programa &#8220;BBB &#8211; A Elimina\u00e7\u00e3o&#8221;, do Multishow , no pr\u00f3ximo <a href=\"http:\/\/instagram.com\/portalpopmais\" target=\"_blank\" rel=\"noreferrer noopener\">ano<\/a>.<\/p>\n\n\n\n<p>Via Twitter, Camilla falou sobre seu desapontamento com a emissora. Ela teria sido escalada para substituir Viviam Amorim , que est\u00e1 gr\u00e1vida e n\u00e3o vai poder apresentar o programa em 2022. Por\u00e9m, a emissora voltou atr\u00e1s e desfez o convite.<\/p>\n\n\n\n<p>A mudan\u00e7a de planos do canal n\u00e3o agradou a influencer, que dissertou sobre o ocorrido. <em>&#8220;Eu lembro que a pior fase da minha vida foi no ensino m\u00e9dio quando me esfor\u00e7ava pra ser aceita pelas pessoas da sala&#8221;<\/em>, escreveu ela.<\/p>\n\n\n\n<figure class=\"wp-block-embed aligncenter is-type-rich is-provider-twitter wp-block-embed-twitter\"><div class=\"wp-block-embed__wrapper\">\n<blockquote class=\"twitter-tweet\" data-width=\"550\" data-dnt=\"true\"><p lang=\"pt\" dir=\"ltr\">Eu lembro que a pior fase da minha vida foi no ensino m\u00e9dio quando me esfor\u00e7ava pra ser aceita pelas pessoas da sala. Quando comecei a trabalhar com a internet em 2017 n\u00e3o entendia como tinha entrado nisso se desde 2011 aceita\u00e7\u00e3o alheia era minha maior fraqueza.<\/p>&mdash; Camilla de Lucas (@camilladelucas) <a href=\"https:\/\/twitter.com\/camilladelucas\/status\/1476263371276124161?ref_src=twsrc%5Etfw\" target=\"_blank\" rel=\"noopener\">December 29, 2021<\/a><\/blockquote><script async src=\"https:\/\/platform.twitter.com\/widgets.js\" charset=\"utf-8\"><\/script>\n<\/div><\/figure>\n\n\n\n<figure class=\"wp-block-embed aligncenter is-type-rich is-provider-twitter wp-block-embed-twitter\"><div class=\"wp-block-embed__wrapper\">\n<blockquote class=\"twitter-tweet\" data-width=\"550\" data-dnt=\"true\"><p lang=\"pt\" dir=\"ltr\">precisa ser voc\u00ea sempre! \ud83d\udc96<\/p>&mdash; Camilla de Lucas (@camilladelucas) <a href=\"https:\/\/twitter.com\/camilladelucas\/status\/1476263374577152007?ref_src=twsrc%5Etfw\" target=\"_blank\" rel=\"noopener\">December 29, 2021<\/a><\/blockquote><script async src=\"https:\/\/platform.twitter.com\/widgets.js\" charset=\"utf-8\"><\/script>\n<\/div><\/figure>\n\n\n\n<h2 class=\"wp-block-heading\">Entenda da pol\u00eamica<\/h2>\n\n\n\n<p>Na ter\u00e7a-feira (28), a Globo enviou um comunicado \u00e0 imprensa onde dizia que Camilla de Lucas seria a apresentadora do programa \u201cBBB \u2013 A Elimina\u00e7\u00e3o\u201d, ao lado de Bruno de Luca. Entretanto, um dia ap\u00f3s o an\u00fancio, a emissora emitiu uma errata revelando que Ana Clara ir\u00e1 comandar o programa no Multishow.<\/p>\n\n\n\n<p>Ana, que foi terceiro lugar no BBB18, seguir\u00e1 na apresenta\u00e7\u00e3o do &#8220;Rede BBB&#8221;, onde entrevista os participantes eliminados e contra detalhes da trajet\u00f3ria de cada um dentro do reality e repercuss\u00e3o nas redes sociais.<\/p>","protected":false},"excerpt":{"rendered":"<p>Na \u00faltima quarta-feira (29), Camilla de Lucas fez um desabafo em suas redes sociais a respeito de aceita\u00e7\u00e3o. A publica\u00e7\u00e3o da influenciadora digital veio logo ap\u00f3s a TV Globo divulgar uma errata afirmando que ela n\u00e3o dever\u00e1 apresentar o programa &#8220;BBB &#8211; A Elimina\u00e7\u00e3o&#8221;, do Multishow , no pr\u00f3ximo ano. Via Twitter, Camilla falou sobre [&hellip;]<\/p>\n","protected":false},"author":2,"featured_media":100419,"comment_status":"closed","ping_status":"open","sticky":false,"template":"","format":"standard","meta":{"footnotes":""},"categories":[181],"tags":[7975,1665],"class_list":["post-100418","post","type-post","status-publish","format-standard","has-post-thumbnail","hentry","category-televisao","tag-camilla-de-lucas","tag-tv-globo"],"_links":{"self":[{"href":"https:\/\/portalpopmais.com.br\/en\/wp-json\/wp\/v2\/posts\/100418","targetHints":{"allow":["GET"]}}],"collection":[{"href":"https:\/\/portalpopmais.com.br\/en\/wp-json\/wp\/v2\/posts"}],"about":[{"href":"https:\/\/portalpopmais.com.br\/en\/wp-json\/wp\/v2\/types\/post"}],"author":[{"embeddable":true,"href":"https:\/\/portalpopmais.com.br\/en\/wp-json\/wp\/v2\/users\/2"}],"replies":[{"embeddable":true,"href":"https:\/\/portalpopmais.com.br\/en\/wp-json\/wp\/v2\/comments?post=100418"}],"version-history":[{"count":0,"href":"https:\/\/portalpopmais.com.br\/en\/wp-json\/wp\/v2\/posts\/100418\/revisions"}],"wp:featuredmedia":[{"embeddable":true,"href":"https:\/\/portalpopmais.com.br\/en\/wp-json\/wp\/v2\/media\/100419"}],"wp:attachment":[{"href":"https:\/\/portalpopmais.com.br\/en\/wp-json\/wp\/v2\/media?parent=100418"}],"wp:term":[{"taxonomy":"category","embeddable":true,"href":"https:\/\/portalpopmais.com.br\/en\/wp-json\/wp\/v2\/categories?post=100418"},{"taxonomy":"post_tag","embeddable":true,"href":"https:\/\/portalpopmais.com.br\/en\/wp-json\/wp\/v2\/tags?post=100418"}],"curies":[{"name":"wp","href":"https:\/\/api.w.org\/{rel}","templated":true}]}}