{"id":102563,"date":"2022-01-21T14:59:36","date_gmt":"2022-01-21T17:59:36","guid":{"rendered":"https:\/\/portalpopmais.com.br\/?p=102563"},"modified":"2022-01-21T14:59:40","modified_gmt":"2022-01-21T17:59:40","slug":"bbb22-durante-prova-do-lider-tadeu-schmidt-da-sua-primeira-bronca-nos-confinados","status":"publish","type":"post","link":"https:\/\/portalpopmais.com.br\/en\/bbb22-durante-prova-do-lider-tadeu-schmidt-da-sua-primeira-bronca-nos-confinados\/","title":{"rendered":"BBB22: Durante prova do l\u00edder, Tadeu Schmidt d\u00e1 sua primeira bronca nos confinados"},"content":{"rendered":"<p class=\"wp-block-paragraph\">O apresentador do BBB22, <strong><a href=\"https:\/\/portalpopmais.com.br\/en\/tadeu-schmidt-deixa-fantastico-apresentar-bbb\/\" target=\"_blank\" data-type=\"post\" data-id=\"94363\" rel=\"noreferrer noopener\">Tadeu Schmidt<\/a><\/strong> deu a sua primeira bronca nos participantes do reality show da <a href=\"http:\/\/instagram.com\/portalpopmais\" target=\"_blank\" rel=\"noreferrer noopener\">TV Globo<\/a>. Nesta sexta-feira (21), ap\u00f3s passar as instru\u00e7\u00f5es para a prova que garante a in\u00e9dita lideran\u00e7a e o poder anjo para os brothers, alguns enrolaram na casa e foram penalizados com menos 50 estalecas.<\/p>\n\n\n\n<p class=\"wp-block-paragraph\">Nat\u00e1lia, Lucas, La\u00eds e Maria foram alguns dos confinados que perderam a moeda espec\u00edfica do reality. A \u00faltima, inclusive, antes de entrar na \u00e1rea da prova, contestou a produ\u00e7\u00e3o. \u201c-50 estalecas? Porque?\u201d, perguntou a sister ao ver o seu nome no tel\u00e3o.<\/p>\n\n\n<ul class=\"wp-block-latest-posts__list is-grid aligncenter wp-block-latest-posts is-layout-flow wp-block-latest-posts-is-layout-flow\"><li><div class=\"wp-block-latest-posts__featured-image aligncenter\"><a href=\"https:\/\/portalpopmais.com.br\/en\/brasileira-expulsa-de-reality-argentina\/\" aria-label=\"Quem \u00e9 a brasileira expulsa de reality na Argentina ap\u00f3s confus\u00e3o\"><img loading=\"lazy\" decoding=\"async\" width=\"768\" height=\"456\" src=\"https:\/\/portalpopmais.com.br\/wp-content\/uploads\/2026\/08\/brasileira-expulsa-reality-argentina-portalpopmais-768x456.png\" class=\"attachment-medium size-medium wp-post-image\" alt=\"brasileira expulsa reality argentina portalpopmais\" style=\"\" srcset=\"https:\/\/portalpopmais.com.br\/wp-content\/uploads\/2026\/08\/brasileira-expulsa-reality-argentina-portalpopmais-768x456.png 768w, https:\/\/portalpopmais.com.br\/wp-content\/uploads\/2026\/08\/brasileira-expulsa-reality-argentina-portalpopmais-1170x694.png 1170w, https:\/\/portalpopmais.com.br\/wp-content\/uploads\/2026\/08\/brasileira-expulsa-reality-argentina-portalpopmais-18x10.png 18w\" sizes=\"auto, (max-width: 768px) 100vw, 768px\" title=\"\"><\/a><\/div><a class=\"wp-block-latest-posts__post-title\" href=\"https:\/\/portalpopmais.com.br\/en\/brasileira-expulsa-de-reality-argentina\/\">Quem \u00e9 a brasileira expulsa de reality na Argentina ap\u00f3s confus\u00e3o<\/a><\/li>\n<li><div class=\"wp-block-latest-posts__featured-image aligncenter\"><a href=\"https:\/\/portalpopmais.com.br\/en\/quem-e-lucas-cardoso-participante-do-rancho-maia-que-viralizou\/\" aria-label=\"Quem \u00e9 Lucas Cardoso, participante do Rancho Maia que viralizou\"><img loading=\"lazy\" decoding=\"async\" width=\"768\" height=\"456\" src=\"https:\/\/portalpopmais.com.br\/wp-content\/uploads\/2026\/08\/lucas-cardoso-768x456.png\" class=\"attachment-medium size-medium wp-post-image\" alt=\"lucas cardoso\" style=\"\" title=\"\"><\/a><\/div><a class=\"wp-block-latest-posts__post-title\" href=\"https:\/\/portalpopmais.com.br\/en\/quem-e-lucas-cardoso-participante-do-rancho-maia-que-viralizou\/\">Quem \u00e9 Lucas Cardoso, participante do Rancho Maia que viralizou<\/a><\/li>\n<li><div class=\"wp-block-latest-posts__featured-image aligncenter\"><a href=\"https:\/\/portalpopmais.com.br\/en\/davi-brito-desiste-luta-rico-melquiades\/\" aria-label=\"Davi Brito vira &#8220;piada&#8221; na web ap\u00f3s desistir de luta contra Rico Melquiades\"><img loading=\"lazy\" decoding=\"async\" width=\"768\" height=\"456\" src=\"https:\/\/portalpopmais.com.br\/wp-content\/uploads\/2026\/08\/Davi-Brito-vira-piada-na-web-apos-desistir-de-luta-contra-Rico-Melquiades-768x456.png\" class=\"attachment-medium size-medium wp-post-image\" alt=\"Davi Brito vira piada na web ap\u00f3s desistir de luta contra Rico Melquiades\" style=\"\" srcset=\"https:\/\/portalpopmais.com.br\/wp-content\/uploads\/2026\/08\/Davi-Brito-vira-piada-na-web-apos-desistir-de-luta-contra-Rico-Melquiades-768x456.png 768w, https:\/\/portalpopmais.com.br\/wp-content\/uploads\/2026\/08\/Davi-Brito-vira-piada-na-web-apos-desistir-de-luta-contra-Rico-Melquiades-1170x694.png 1170w, https:\/\/portalpopmais.com.br\/wp-content\/uploads\/2026\/08\/Davi-Brito-vira-piada-na-web-apos-desistir-de-luta-contra-Rico-Melquiades-18x10.png 18w\" sizes=\"auto, (max-width: 768px) 100vw, 768px\" title=\"\"><\/a><\/div><a class=\"wp-block-latest-posts__post-title\" href=\"https:\/\/portalpopmais.com.br\/en\/davi-brito-desiste-luta-rico-melquiades\/\">Davi Brito vira &#8220;piada&#8221; na web ap\u00f3s desistir de luta contra Rico Melquiades<\/a><\/li>\n<li><div class=\"wp-block-latest-posts__featured-image aligncenter\"><a href=\"https:\/\/portalpopmais.com.br\/en\/personal-carlinhos-maia-observa-machdove-banho\/\" aria-label=\"&#8220;H\u00e9tero&#8221;, personal de Carlinhos Maia \u00e9 flagrado observando banho de MachDove\"><img loading=\"lazy\" decoding=\"async\" width=\"768\" height=\"456\" src=\"https:\/\/portalpopmais.com.br\/wp-content\/uploads\/2026\/08\/personal-carlinhos-maia-observa-machdove-banho-768x456.png\" class=\"attachment-medium size-medium wp-post-image\" alt=\"personal carlinhos maia observa machdove banho\" style=\"\" srcset=\"https:\/\/portalpopmais.com.br\/wp-content\/uploads\/2026\/08\/personal-carlinhos-maia-observa-machdove-banho-768x456.png 768w, https:\/\/portalpopmais.com.br\/wp-content\/uploads\/2026\/08\/personal-carlinhos-maia-observa-machdove-banho-1170x694.png 1170w, https:\/\/portalpopmais.com.br\/wp-content\/uploads\/2026\/08\/personal-carlinhos-maia-observa-machdove-banho-18x10.png 18w\" sizes=\"auto, (max-width: 768px) 100vw, 768px\" title=\"\"><\/a><\/div><a class=\"wp-block-latest-posts__post-title\" href=\"https:\/\/portalpopmais.com.br\/en\/personal-carlinhos-maia-observa-machdove-banho\/\">&#8220;H\u00e9tero&#8221;, personal de Carlinhos Maia \u00e9 flagrado observando banho de MachDove<\/a><\/li>\n<li><div class=\"wp-block-latest-posts__featured-image aligncenter\"><a href=\"https:\/\/portalpopmais.com.br\/en\/video-andressa-urach-e-mc-mirella-protagonizam-barraco-e-partem-para-agressao\/\" aria-label=\"V\u00eddeo: Andressa Urach e MC Mirella protagonizam barraco e partem para agress\u00e3o\"><img loading=\"lazy\" decoding=\"async\" width=\"768\" height=\"456\" src=\"https:\/\/portalpopmais.com.br\/wp-content\/uploads\/2026\/08\/video-briga-urach-mirella-rancho-maia-768x456.png\" class=\"attachment-medium size-medium wp-post-image\" alt=\"video briga urach mirella rancho maia\" style=\"\" srcset=\"https:\/\/portalpopmais.com.br\/wp-content\/uploads\/2026\/08\/video-briga-urach-mirella-rancho-maia-768x456.png 768w, https:\/\/portalpopmais.com.br\/wp-content\/uploads\/2026\/08\/video-briga-urach-mirella-rancho-maia-1170x694.png 1170w\" sizes=\"auto, (max-width: 768px) 100vw, 768px\" title=\"\"><\/a><\/div><a class=\"wp-block-latest-posts__post-title\" href=\"https:\/\/portalpopmais.com.br\/en\/video-andressa-urach-e-mc-mirella-protagonizam-barraco-e-partem-para-agressao\/\">V\u00eddeo: Andressa Urach e MC Mirella protagonizam barraco e partem para agress\u00e3o<\/a><\/li>\n<li><div class=\"wp-block-latest-posts__featured-image aligncenter\"><a href=\"https:\/\/portalpopmais.com.br\/en\/carlinhos-maia-e-anderson-neiff-fazem-se-beijam-no-rancho-maia-veja-video\/\" aria-label=\"Carlinhos Maia e Anderson Neiff se beijam no Rancho Maia; veja v\u00eddeo\"><img loading=\"lazy\" decoding=\"async\" width=\"768\" height=\"456\" src=\"https:\/\/portalpopmais.com.br\/wp-content\/uploads\/2026\/08\/Carlinhos-Maia-e-Anderson-Neiff-768x456.png\" class=\"attachment-medium size-medium wp-post-image\" alt=\"Carlinhos Maia e Anderson Neiff\" style=\"\" srcset=\"https:\/\/portalpopmais.com.br\/wp-content\/uploads\/2026\/08\/Carlinhos-Maia-e-Anderson-Neiff-768x456.png 768w, https:\/\/portalpopmais.com.br\/wp-content\/uploads\/2026\/08\/Carlinhos-Maia-e-Anderson-Neiff-1170x694.png 1170w, https:\/\/portalpopmais.com.br\/wp-content\/uploads\/2026\/08\/Carlinhos-Maia-e-Anderson-Neiff-18x10.png 18w\" sizes=\"auto, (max-width: 768px) 100vw, 768px\" title=\"\"><\/a><\/div><a class=\"wp-block-latest-posts__post-title\" href=\"https:\/\/portalpopmais.com.br\/en\/carlinhos-maia-e-anderson-neiff-fazem-se-beijam-no-rancho-maia-veja-video\/\">Carlinhos Maia e Anderson Neiff se beijam no Rancho Maia; veja v\u00eddeo<\/a><\/li>\n<\/ul>\n\n\n<p class=\"wp-block-paragraph\">Nat\u00e1lia e La\u00eds, pouco depois, aparecem correndo para entrar na zona de prova do BBB22 e tamb\u00e9m notam que foram penalizadas. Com o elenco todo reunido, Tadeu, ent\u00e3o, conduz sua primeira bronca. <em>\u201cQuando a gente fala que vai ter uma prova, a gente j\u00e1 pede para que todos voc\u00eas fiquem prontos para n\u00e3o atrasar e para ningu\u00e9m perder estalecas\u201d<\/em>, falou, com um leve tom.<\/p>\n\n\n\n<p class=\"wp-block-paragraph\">Nas redes sociais, muitos usu\u00e1rios brincaram sobre o momento. <em>\u201cO Tadeu Schmidt \u00e9 muito bonzinho, coitado\u201d<\/em>, disse um.<em> \u201cTadeu reizinho d\u00e1 bronca com carinho!\u201d<\/em>, brincou outro.<em> \u201cBoa, Tadeu, dando bronca no pessoal, tava na hora j\u00e1\u201d,<\/em> falou mais um.<\/p>\n\n\n\n<p class=\"wp-block-paragraph\">Outros internautas reclamaram da postura dos participantes, apontando outras atitudes. <em>\u201cEsse elenco t\u00e1 me irritando pq eles n\u00e3o calam a porra da boca na explica\u00e7\u00e3o, dps ficam fazendo a porra da mesma pergunta por varias vezes! Tadeu Schmidt t\u00e1 na hora de tu ativar o modo seu lunga pra eles terem um pingo de respeito e educa\u00e7\u00e3o\u201d<\/em>, reclamou uma. <em>\u201cPelo amor de deus manda essa galera calar a boca. Galera n\u00e3o fica quieta UM segundo, nem durante explica\u00e7\u00e3o de prova. Que \u00f3dio\u201d<\/em>, completou outra.<\/p>\n\n\n\n<figure class=\"wp-block-embed is-type-rich is-provider-twitter wp-block-embed-twitter\"><div class=\"wp-block-embed__wrapper\">\n<blockquote class=\"twitter-tweet\" data-width=\"550\" data-dnt=\"true\"><p lang=\"pt\" dir=\"ltr\">tadeu muito fofo dando bronca n\u00e3o tem como sentir raiva dele <a href=\"https:\/\/t.co\/MxWmSRGBwA\">pic.twitter.com\/MxWmSRGBwA<\/a><\/p>&mdash; let (@letbernardoo) <a href=\"https:\/\/twitter.com\/letbernardoo\/status\/1484575545086074881?ref_src=twsrc%5Etfw\" target=\"_blank\" rel=\"noopener\">January 21, 2022<\/a><\/blockquote><script async src=\"https:\/\/platform.twitter.com\/widgets.js\" charset=\"utf-8\"><\/script>\n<\/div><\/figure>\n\n\n\n<figure class=\"wp-block-embed aligncenter is-type-rich is-provider-twitter wp-block-embed-twitter\"><div class=\"wp-block-embed__wrapper\">\n<blockquote class=\"twitter-tweet\" data-width=\"550\" data-dnt=\"true\"><p lang=\"pt\" dir=\"ltr\">Tadeu sendo fofo at\u00e9 na hora de dar bronca <a href=\"https:\/\/twitter.com\/hashtag\/BBB22?src=hash&amp;ref_src=twsrc%5Etfw\" target=\"_blank\" rel=\"noopener\">#BBB22<\/a> <a href=\"https:\/\/t.co\/UBylc4hdC6\">https:\/\/t.co\/UBylc4hdC6<\/a><\/p>&mdash; Cintia Borini \ud83c\udf97 (@CintiaBorini) <a href=\"https:\/\/twitter.com\/CintiaBorini\/status\/1484576069810368514?ref_src=twsrc%5Etfw\" target=\"_blank\" rel=\"noopener\">January 21, 2022<\/a><\/blockquote><script async src=\"https:\/\/platform.twitter.com\/widgets.js\" charset=\"utf-8\"><\/script>\n<\/div><\/figure>\n\n\n\n<figure class=\"wp-block-embed aligncenter is-type-rich is-provider-twitter wp-block-embed-twitter\"><div class=\"wp-block-embed__wrapper\">\n<blockquote class=\"twitter-tweet\" data-width=\"550\" data-dnt=\"true\"><p lang=\"pt\" dir=\"ltr\">Tadeu dando uma leve bronca pra quem demorou pra sair \ud83d\udde3<\/p>&mdash; Lais \ud83d\udd25 (@013larica) <a href=\"https:\/\/twitter.com\/013larica\/status\/1484575351665741824?ref_src=twsrc%5Etfw\" target=\"_blank\" rel=\"noopener\">January 21, 2022<\/a><\/blockquote><script async src=\"https:\/\/platform.twitter.com\/widgets.js\" charset=\"utf-8\"><\/script>\n<\/div><\/figure>\n\n\n\n<figure class=\"wp-block-embed aligncenter is-type-rich is-provider-twitter wp-block-embed-twitter\"><div class=\"wp-block-embed__wrapper\">\n<blockquote class=\"twitter-tweet\" data-width=\"550\" data-dnt=\"true\"><p lang=\"pt\" dir=\"ltr\">Tadeu o campe\u00e3o do povo<br>Esperando ele dar uma bronca nessa gente<\/p>&mdash; Santa Mamacita Padroeira dos Cancelados \ud83e\udd80\ud83c\udfb2\ud83c\udf2a\ufe0f\ud83c\udf0a (@ASantaMamacita) <a href=\"https:\/\/twitter.com\/ASantaMamacita\/status\/1484578067599212545?ref_src=twsrc%5Etfw\" target=\"_blank\" rel=\"noopener\">January 21, 2022<\/a><\/blockquote><script async src=\"https:\/\/platform.twitter.com\/widgets.js\" charset=\"utf-8\"><\/script>\n<\/div><\/figure>","protected":false},"excerpt":{"rendered":"<p>O apresentador do BBB22, Tadeu Schmidt deu a sua primeira bronca nos participantes do reality show da TV Globo. Nesta sexta-feira (21), ap\u00f3s passar as instru\u00e7\u00f5es para a prova que garante a in\u00e9dita lideran\u00e7a e o poder anjo para os brothers, alguns enrolaram na casa e foram penalizados com menos 50 estalecas. Nat\u00e1lia, Lucas, La\u00eds [&hellip;]<\/p>\n","protected":false},"author":2,"featured_media":102564,"comment_status":"closed","ping_status":"open","sticky":false,"template":"","format":"standard","meta":{"footnotes":""},"categories":[8605],"tags":[8624,9193],"class_list":["post-102563","post","type-post","status-publish","format-standard","has-post-thumbnail","hentry","category-realities","tag-bbb22","tag-tadeu-schmidt"],"_links":{"self":[{"href":"https:\/\/portalpopmais.com.br\/en\/wp-json\/wp\/v2\/posts\/102563","targetHints":{"allow":["GET"]}}],"collection":[{"href":"https:\/\/portalpopmais.com.br\/en\/wp-json\/wp\/v2\/posts"}],"about":[{"href":"https:\/\/portalpopmais.com.br\/en\/wp-json\/wp\/v2\/types\/post"}],"author":[{"embeddable":true,"href":"https:\/\/portalpopmais.com.br\/en\/wp-json\/wp\/v2\/users\/2"}],"replies":[{"embeddable":true,"href":"https:\/\/portalpopmais.com.br\/en\/wp-json\/wp\/v2\/comments?post=102563"}],"version-history":[{"count":0,"href":"https:\/\/portalpopmais.com.br\/en\/wp-json\/wp\/v2\/posts\/102563\/revisions"}],"wp:featuredmedia":[{"embeddable":true,"href":"https:\/\/portalpopmais.com.br\/en\/wp-json\/wp\/v2\/media\/102564"}],"wp:attachment":[{"href":"https:\/\/portalpopmais.com.br\/en\/wp-json\/wp\/v2\/media?parent=102563"}],"wp:term":[{"taxonomy":"category","embeddable":true,"href":"https:\/\/portalpopmais.com.br\/en\/wp-json\/wp\/v2\/categories?post=102563"},{"taxonomy":"post_tag","embeddable":true,"href":"https:\/\/portalpopmais.com.br\/en\/wp-json\/wp\/v2\/tags?post=102563"}],"curies":[{"name":"wp","href":"https:\/\/api.w.org\/{rel}","templated":true}]}}