{"id":102664,"date":"2022-01-23T11:45:54","date_gmt":"2022-01-23T14:45:54","guid":{"rendered":"https:\/\/portalpopmais.com.br\/?p=102664"},"modified":"2022-01-23T11:45:58","modified_gmt":"2022-01-23T14:45:58","slug":"video-bbb22-rodrigo-manda-barbara-tomar-no-c","status":"publish","type":"post","link":"https:\/\/portalpopmais.com.br\/en\/video-bbb22-rodrigo-manda-barbara-tomar-no-c\/","title":{"rendered":"V\u00eddeo: No BBB22, Rodrigo chama B\u00e1rbara para dan\u00e7ar, ela se nega e ele a manda ir tomar no c*"},"content":{"rendered":"<p>A primeira festa do<strong> <a href=\"http:\/\/instagram.com\/portalpopmais\" target=\"_blank\" rel=\"noopener\">BBB22<\/a><\/strong> rolou neste s\u00e1bado (22), e contou com um show exclusivo de Alok. Ap\u00f3s a performance do DJ, n\u00e3o demorou para que os participantes ficassem b\u00eabados. <\/p>\n\n\n\n<p><strong><a href=\"https:\/\/portalpopmais.com.br\/en\/bbb22-rodrigo-mussi-mostra-penis-bbb22\/\" target=\"_blank\" data-type=\"post\" data-id=\"102598\" rel=\"noreferrer noopener\">Rodrigo<\/a><\/strong>, por exemplo, demonstrou a embriaguez em um di\u00e1logo com B\u00e1rbara. Ele pediu para a loira ir dan\u00e7ar, mas ela se negou e, na sequ\u00eancia, o brother a ofendeu.<\/p>\n\n\n<ul class=\"wp-block-latest-posts__list is-grid columns-3 aligncenter wp-block-latest-posts\"><li><div class=\"wp-block-latest-posts__featured-image aligncenter\"><a href=\"https:\/\/portalpopmais.com.br\/en\/casa-do-patrao-exibe-participante-urinando-e-video-viraliza-veja\/\" aria-label=\"\u201cCasa do Patr\u00e3o\u201d exibe participante urinando e v\u00eddeo viraliza; veja\"><img loading=\"lazy\" decoding=\"async\" width=\"768\" height=\"456\" src=\"https:\/\/portalpopmais.com.br\/wp-content\/uploads\/2026\/05\/casa-do-patrao-768x456.png\" class=\"attachment-medium size-medium wp-post-image\" alt=\"casa do patrao\" style=\"\" srcset=\"https:\/\/portalpopmais.com.br\/wp-content\/uploads\/2026\/05\/casa-do-patrao-768x456.png 768w, https:\/\/portalpopmais.com.br\/wp-content\/uploads\/2026\/05\/casa-do-patrao-18x12.png 18w\" sizes=\"auto, (max-width: 768px) 100vw, 768px\" title=\"\"><\/a><\/div><a class=\"wp-block-latest-posts__post-title\" href=\"https:\/\/portalpopmais.com.br\/en\/casa-do-patrao-exibe-participante-urinando-e-video-viraliza-veja\/\">\u201cCasa do Patr\u00e3o\u201d exibe participante urinando e v\u00eddeo viraliza; veja<\/a><\/li>\n<li><div class=\"wp-block-latest-posts__featured-image aligncenter\"><a href=\"https:\/\/portalpopmais.com.br\/en\/jonas-sulzbach-acusa-edicao-do-bbb-de-ser-tendenciosa\/\" aria-label=\"Jonas Sulzbach acusa edi\u00e7\u00e3o do BBB de ser tendenciosa\"><img loading=\"lazy\" decoding=\"async\" width=\"768\" height=\"450\" src=\"https:\/\/portalpopmais.com.br\/wp-content\/uploads\/2026\/03\/jonas-eliminado-bbb-26-768x450.jpg\" class=\"attachment-medium size-medium wp-post-image\" alt=\"jonas eliminado bbb 26\" style=\"\" srcset=\"https:\/\/portalpopmais.com.br\/wp-content\/uploads\/2026\/03\/jonas-eliminado-bbb-26-768x450.jpg 768w, https:\/\/portalpopmais.com.br\/wp-content\/uploads\/2026\/03\/jonas-eliminado-bbb-26-18x10.jpg 18w\" sizes=\"auto, (max-width: 768px) 100vw, 768px\" title=\"\"><\/a><\/div><a class=\"wp-block-latest-posts__post-title\" href=\"https:\/\/portalpopmais.com.br\/en\/jonas-sulzbach-acusa-edicao-do-bbb-de-ser-tendenciosa\/\">Jonas Sulzbach acusa edi\u00e7\u00e3o do BBB de ser tendenciosa<\/a><\/li>\n<li><div class=\"wp-block-latest-posts__featured-image aligncenter\"><a href=\"https:\/\/portalpopmais.com.br\/en\/samira-quebra-o-silencio-sobre-o-fim-da-amizade-com-juliano-floss\/\" aria-label=\"Samira quebra o sil\u00eancio sobre o fim da amizade com Juliano Floss\"><img loading=\"lazy\" decoding=\"async\" width=\"768\" height=\"456\" src=\"https:\/\/portalpopmais.com.br\/wp-content\/uploads\/2026\/04\/samira-fala-fim-amizade-juliano-floss-768x456.png\" class=\"attachment-medium size-medium wp-post-image\" alt=\"samira fala fim amizade juliano floss\" style=\"\" srcset=\"https:\/\/portalpopmais.com.br\/wp-content\/uploads\/2026\/04\/samira-fala-fim-amizade-juliano-floss-768x456.png 768w, https:\/\/portalpopmais.com.br\/wp-content\/uploads\/2026\/04\/samira-fala-fim-amizade-juliano-floss-18x10.png 18w\" sizes=\"auto, (max-width: 768px) 100vw, 768px\" title=\"\"><\/a><\/div><a class=\"wp-block-latest-posts__post-title\" href=\"https:\/\/portalpopmais.com.br\/en\/samira-quebra-o-silencio-sobre-o-fim-da-amizade-com-juliano-floss\/\">Samira quebra o sil\u00eancio sobre o fim da amizade com Juliano Floss<\/a><\/li>\n<li><div class=\"wp-block-latest-posts__featured-image aligncenter\"><a href=\"https:\/\/portalpopmais.com.br\/en\/tudo-o-que-voce-precisa-saber-sobre-a-casa-do-patrao-novo-reality-da-record\/\" aria-label=\"Tudo o que voc\u00ea precisa saber sobre a &#8220;Casa do Patr\u00e3o&#8221;, novo reality da RECORD\"><img loading=\"lazy\" decoding=\"async\" width=\"768\" height=\"456\" src=\"https:\/\/portalpopmais.com.br\/wp-content\/uploads\/2026\/03\/Leandro-Hassum-confirmado-apresentador-casa-do-patrao-768x456.png\" class=\"attachment-medium size-medium wp-post-image\" alt=\"Leandro Hassum confirmado apresentador casa do patr\u00e3o\" style=\"\" srcset=\"https:\/\/portalpopmais.com.br\/wp-content\/uploads\/2026\/03\/Leandro-Hassum-confirmado-apresentador-casa-do-patrao-768x456.png 768w, https:\/\/portalpopmais.com.br\/wp-content\/uploads\/2026\/03\/Leandro-Hassum-confirmado-apresentador-casa-do-patrao-18x10.png 18w\" sizes=\"auto, (max-width: 768px) 100vw, 768px\" title=\"\"><\/a><\/div><a class=\"wp-block-latest-posts__post-title\" href=\"https:\/\/portalpopmais.com.br\/en\/tudo-o-que-voce-precisa-saber-sobre-a-casa-do-patrao-novo-reality-da-record\/\">Tudo o que voc\u00ea precisa saber sobre a &#8220;Casa do Patr\u00e3o&#8221;, novo reality da RECORD<\/a><\/li>\n<li><div class=\"wp-block-latest-posts__featured-image aligncenter\"><a href=\"https:\/\/portalpopmais.com.br\/en\/final-do-bbb-26-registra-baixa-audiencia-e-acende-alerta-na-globo\/\" aria-label=\"Final do BBB 26 registra baixa audi\u00eancia e acende alerta na Globo\"><img loading=\"lazy\" decoding=\"async\" width=\"768\" height=\"456\" src=\"https:\/\/portalpopmais.com.br\/wp-content\/uploads\/2026\/04\/juliano-floss-ana-paula-renault-e-milena-768x456.webp\" class=\"attachment-medium size-medium wp-post-image\" alt=\"juliano floss ana paula renault e milena\" style=\"\" srcset=\"https:\/\/portalpopmais.com.br\/wp-content\/uploads\/2026\/04\/juliano-floss-ana-paula-renault-e-milena-768x456.webp 768w, https:\/\/portalpopmais.com.br\/wp-content\/uploads\/2026\/04\/juliano-floss-ana-paula-renault-e-milena-18x12.webp 18w\" sizes=\"auto, (max-width: 768px) 100vw, 768px\" title=\"\"><\/a><\/div><a class=\"wp-block-latest-posts__post-title\" href=\"https:\/\/portalpopmais.com.br\/en\/final-do-bbb-26-registra-baixa-audiencia-e-acende-alerta-na-globo\/\">Final do BBB 26 registra baixa audi\u00eancia e acende alerta na Globo<\/a><\/li>\n<li><div class=\"wp-block-latest-posts__featured-image aligncenter\"><a href=\"https:\/\/portalpopmais.com.br\/en\/ana-paula-renault-vence-o-bbb-26-e-leva-premio-milionario-saiba-quanto\/\" aria-label=\"Ana Paula Renault vence o BBB 26 e leva pr\u00eamio milion\u00e1rio; saiba quanto\"><img loading=\"lazy\" decoding=\"async\" width=\"768\" height=\"450\" src=\"https:\/\/portalpopmais.com.br\/wp-content\/uploads\/2026\/03\/ana-paula-lider-bbb-26-768x450.jpg\" class=\"attachment-medium size-medium wp-post-image\" alt=\"ana paula lider bbb 26\" style=\"\" srcset=\"https:\/\/portalpopmais.com.br\/wp-content\/uploads\/2026\/03\/ana-paula-lider-bbb-26-768x450.jpg 768w, https:\/\/portalpopmais.com.br\/wp-content\/uploads\/2026\/03\/ana-paula-lider-bbb-26-18x10.jpg 18w\" sizes=\"auto, (max-width: 768px) 100vw, 768px\" title=\"\"><\/a><\/div><a class=\"wp-block-latest-posts__post-title\" href=\"https:\/\/portalpopmais.com.br\/en\/ana-paula-renault-vence-o-bbb-26-e-leva-premio-milionario-saiba-quanto\/\">Ana Paula Renault vence o BBB 26 e leva pr\u00eamio milion\u00e1rio; saiba quanto<\/a><\/li>\n<\/ul>\n\n\n<p>\u201c\u00d4, B\u00e1rbara, voc\u00ea t\u00e1 no Big Brother, porr<em>. Se tu n\u00e3o dan\u00e7ar e for dormir\u2026\u201d, disse Rodrigo. \u201cEu n\u00e3o vou dormir\u201d, respondeu ela. \u201cPor, v\u00e1 tomar no c<\/em>\u201c, disparou ele.<\/p>\n\n\n\n<p>Ainda durante a festa, Rodrigo tentou beijar a loira, e recebeu um fora, isso porque a mo\u00e7a tem namorado fora do reality. O gerente comercial tamb\u00e9m investiu em La\u00eds, mas recuou quando Nat\u00e1lia quis beij\u00e1-lo, afirmando que possui algu\u00e9m fora do BBB22. A modelo, no entanto, chamou o rapaz de &#8220;frouxo&#8221;.<\/p>\n\n\n\n<figure class=\"wp-block-embed aligncenter is-type-rich is-provider-twitter wp-block-embed-twitter\"><div class=\"wp-block-embed__wrapper\">\n<blockquote class=\"twitter-tweet\" data-width=\"550\" data-dnt=\"true\"><p lang=\"pt\" dir=\"ltr\">gente isso \u00e9 o que parece mesmo? o rodrigo tenta beijar a b\u00e1rbara e manda ela tomar no cu? eu to chocada com a escrotid\u00e3o do macho <a href=\"https:\/\/t.co\/gApUhw1WGS\">pic.twitter.com\/gApUhw1WGS<\/a><\/p>&mdash; mel (@pao_de_meI) <a href=\"https:\/\/twitter.com\/pao_de_meI\/status\/1485105921189728259?ref_src=twsrc%5Etfw\" target=\"_blank\" rel=\"noopener\">January 23, 2022<\/a><\/blockquote><script async src=\"https:\/\/platform.twitter.com\/widgets.js\" charset=\"utf-8\"><\/script>\n<\/div><\/figure>\n\n\n\n<figure class=\"wp-block-embed aligncenter is-type-rich is-provider-twitter wp-block-embed-twitter\"><div class=\"wp-block-embed__wrapper\">\n<blockquote class=\"twitter-tweet\" data-width=\"550\" data-dnt=\"true\"><p lang=\"pt\" dir=\"ltr\">E esse fora que a Nat\u00e1lia levou do Rodrigo \ud83d\udde3<a href=\"https:\/\/twitter.com\/hashtag\/bbb?src=hash&amp;ref_src=twsrc%5Etfw\" target=\"_blank\" rel=\"noopener\">#bbb<\/a> <a href=\"https:\/\/twitter.com\/hashtag\/bbb22?src=hash&amp;ref_src=twsrc%5Etfw\" target=\"_blank\" rel=\"noopener\">#bbb22<\/a> <a href=\"https:\/\/twitter.com\/hashtag\/BBB2?src=hash&amp;ref_src=twsrc%5Etfw\" target=\"_blank\" rel=\"noopener\">#BBB2<\/a> <a href=\"https:\/\/t.co\/n0J59cuE9l\">pic.twitter.com\/n0J59cuE9l<\/a><\/p>&mdash; bbb22natv (@bbb22natv) <a href=\"https:\/\/twitter.com\/bbb22natv\/status\/1485140413883289600?ref_src=twsrc%5Etfw\" target=\"_blank\" rel=\"noopener\">January 23, 2022<\/a><\/blockquote><script async src=\"https:\/\/platform.twitter.com\/widgets.js\" charset=\"utf-8\"><\/script>\n<\/div><\/figure>","protected":false},"excerpt":{"rendered":"<p>A primeira festa do BBB22 rolou neste s\u00e1bado (22), e contou com um show exclusivo de Alok. Ap\u00f3s a performance do DJ, n\u00e3o demorou para que os participantes ficassem b\u00eabados. Rodrigo, por exemplo, demonstrou a embriaguez em um di\u00e1logo com B\u00e1rbara. Ele pediu para a loira ir dan\u00e7ar, mas ela se negou e, na sequ\u00eancia, [&hellip;]<\/p>\n","protected":false},"author":2,"featured_media":102665,"comment_status":"closed","ping_status":"open","sticky":false,"template":"","format":"standard","meta":{"footnotes":""},"categories":[8605],"tags":[10389,8624,10390,10403],"class_list":["post-102664","post","type-post","status-publish","format-standard","has-post-thumbnail","hentry","category-realities","tag-barbara","tag-bbb22","tag-natalia","tag-rodrigo-mussi"],"_links":{"self":[{"href":"https:\/\/portalpopmais.com.br\/en\/wp-json\/wp\/v2\/posts\/102664","targetHints":{"allow":["GET"]}}],"collection":[{"href":"https:\/\/portalpopmais.com.br\/en\/wp-json\/wp\/v2\/posts"}],"about":[{"href":"https:\/\/portalpopmais.com.br\/en\/wp-json\/wp\/v2\/types\/post"}],"author":[{"embeddable":true,"href":"https:\/\/portalpopmais.com.br\/en\/wp-json\/wp\/v2\/users\/2"}],"replies":[{"embeddable":true,"href":"https:\/\/portalpopmais.com.br\/en\/wp-json\/wp\/v2\/comments?post=102664"}],"version-history":[{"count":0,"href":"https:\/\/portalpopmais.com.br\/en\/wp-json\/wp\/v2\/posts\/102664\/revisions"}],"wp:featuredmedia":[{"embeddable":true,"href":"https:\/\/portalpopmais.com.br\/en\/wp-json\/wp\/v2\/media\/102665"}],"wp:attachment":[{"href":"https:\/\/portalpopmais.com.br\/en\/wp-json\/wp\/v2\/media?parent=102664"}],"wp:term":[{"taxonomy":"category","embeddable":true,"href":"https:\/\/portalpopmais.com.br\/en\/wp-json\/wp\/v2\/categories?post=102664"},{"taxonomy":"post_tag","embeddable":true,"href":"https:\/\/portalpopmais.com.br\/en\/wp-json\/wp\/v2\/tags?post=102664"}],"curies":[{"name":"wp","href":"https:\/\/api.w.org\/{rel}","templated":true}]}}