{"id":102667,"date":"2022-01-23T11:55:36","date_gmt":"2022-01-23T14:55:36","guid":{"rendered":"https:\/\/portalpopmais.com.br\/?p=102667"},"modified":"2022-01-23T11:55:45","modified_gmt":"2022-01-23T14:55:45","slug":"bbb22-maria-chama-paulo-andre-de-palmiteiro-e-web-reage","status":"publish","type":"post","link":"https:\/\/portalpopmais.com.br\/en\/bbb22-maria-chama-paulo-andre-de-palmiteiro-e-web-reage\/","title":{"rendered":"BBB22: Maria chama Paulo Andr\u00e9 de &#8220;Palmiteiro&#8221; e web reage"},"content":{"rendered":"<p>Neste domingo (23),<strong> Maria <\/strong>resolveu alfinetar <strong><a href=\"https:\/\/portalpopmais.com.br\/en\/bbb22-perfil-paulo-andre-camilo\/\" target=\"_blank\" data-type=\"post\" data-id=\"101881\" rel=\"noreferrer noopener\">Paulo Andr\u00e9<\/a><\/strong> e o chamou duas vezes de &#8220;<a href=\"http:\/\/instagram.com\/portalpopmais\" target=\"_blank\" rel=\"noopener\">Palmiteiro<\/a>&#8220;, g\u00edria que significa quando uma pessoa preta s\u00f3 fica com pessoas brancas.<\/p>\n\n\n\n<p>Durante a festa, que rolou nesta madrugada, a cantora disparou: <em>&#8220;T\u00f4 sentindo que o Paulo Andr\u00e9 \u00e9 palmiteiro&#8221;.<\/em><\/p>\n\n\n\n<p>J\u00e1 pela manh\u00e3, quarto Lollipop, enquanto trocava de roupa, Maria n\u00e3o perdeu a oportunidade de outra alfinetaa em Paulo Andr\u00e9. <em>&#8220;E, palmiteiro&#8221;.<\/em><\/p>\n\n\n\n<figure class=\"wp-block-embed aligncenter is-type-rich is-provider-twitter wp-block-embed-twitter\"><div class=\"wp-block-embed__wrapper\">\n<blockquote class=\"twitter-tweet\" data-width=\"550\" data-dnt=\"true\"><p lang=\"pt\" dir=\"ltr\">&quot;To sentindo que o Paulo Andr\u00e9 \u00e9 palmiteiro.&quot; (Maria)<br><br>N\u00c3O MENTIU. <a href=\"https:\/\/twitter.com\/hashtag\/BBB22?src=hash&amp;ref_src=twsrc%5Etfw\" target=\"_blank\" rel=\"noopener\">#BBB22<\/a> <a href=\"https:\/\/t.co\/PAcxeubkt3\">pic.twitter.com\/PAcxeubkt3<\/a><\/p>&mdash; S\u00e9rgio Santos (@ZAMENZA) <a href=\"https:\/\/twitter.com\/ZAMENZA\/status\/1485119489658212352?ref_src=twsrc%5Etfw\" target=\"_blank\" rel=\"noopener\">January 23, 2022<\/a><\/blockquote><script async src=\"https:\/\/platform.twitter.com\/widgets.js\" charset=\"utf-8\"><\/script>\n<\/div><\/figure>\n\n\n\n<figure class=\"wp-block-embed aligncenter is-type-rich is-provider-twitter wp-block-embed-twitter\"><div class=\"wp-block-embed__wrapper\">\n<blockquote class=\"twitter-tweet\" data-width=\"550\" data-dnt=\"true\"><p lang=\"pt\" dir=\"ltr\">No quarto Lollipop, chegando para trocar de roupa e devolver o figurino da festa, Maria n\u00e3o perde a oportunidade de dar uma alfinetadinha em Paulo Andr\u00e9: \u201cE, palmiteiro!\u201d <a href=\"https:\/\/twitter.com\/hashtag\/BBB22?src=hash&amp;ref_src=twsrc%5Etfw\" target=\"_blank\" rel=\"noopener\">#BBB22<\/a>  <a href=\"https:\/\/t.co\/MMCEEqieD8\">pic.twitter.com\/MMCEEqieD8<\/a><\/p>&mdash; BCharts #BBB22 (@bchartsnet) <a href=\"https:\/\/twitter.com\/bchartsnet\/status\/1485206937985761283?ref_src=twsrc%5Etfw\" target=\"_blank\" rel=\"noopener\">January 23, 2022<\/a><\/blockquote><script async src=\"https:\/\/platform.twitter.com\/widgets.js\" charset=\"utf-8\"><\/script>\n<\/div><\/figure>\n\n\n\n<p>Nas redes sociais, o termo &#8220;Palmiteiro&#8221; ficou entre os assuntos mais comentados desta manh\u00e3. Veja algumas rea\u00e7\u00f5es:<\/p>\n\n\n\n<figure class=\"wp-block-embed aligncenter is-type-rich is-provider-twitter wp-block-embed-twitter\"><div class=\"wp-block-embed__wrapper\">\n<blockquote class=\"twitter-tweet\" data-width=\"550\" data-dnt=\"true\"><p lang=\"pt\" dir=\"ltr\">amor, ser palmiteiro n\u00e3o \u00e9 FICAR COM BRANCA. \u00c9 preferir branca e nem olhar pra negra como mais q uma buceta. \u201cAi q gosto e pipipi popopo\u201d. Se \u00e9 branco e nunca viveu eu n\u00e3o vou ficar dando aula de socialismo do pq e oq leva isso a acontecer n\u00e3o.<\/p>&mdash; 111 \u30e8\u30a6\u30b3 (@YokoMariana1) <a href=\"https:\/\/twitter.com\/YokoMariana1\/status\/1485132994138591232?ref_src=twsrc%5Etfw\" target=\"_blank\" rel=\"noopener\">January 23, 2022<\/a><\/blockquote><script async src=\"https:\/\/platform.twitter.com\/widgets.js\" charset=\"utf-8\"><\/script>\n<\/div><\/figure>\n\n\n\n<figure class=\"wp-block-embed aligncenter is-type-rich is-provider-twitter wp-block-embed-twitter\"><div class=\"wp-block-embed__wrapper\">\n<blockquote class=\"twitter-tweet\" data-width=\"550\" data-dnt=\"true\"><p lang=\"pt\" dir=\"ltr\">ta mas essas muie do bbb se humilharam d mais uma chamando o outro d palmiteiro a outra n sabendo ouvir nao, achei bem feinho<\/p>&mdash; alienada\ud83c\udfb2\ud83d\udc0d\ud83c\udf2a (@Labragam) <a href=\"https:\/\/twitter.com\/Labragam\/status\/1485263997070938112?ref_src=twsrc%5Etfw\" target=\"_blank\" rel=\"noopener\">January 23, 2022<\/a><\/blockquote><script async src=\"https:\/\/platform.twitter.com\/widgets.js\" charset=\"utf-8\"><\/script>\n<\/div><\/figure>\n\n\n\n<figure class=\"wp-block-embed aligncenter is-type-rich is-provider-twitter wp-block-embed-twitter\"><div class=\"wp-block-embed__wrapper\">\n<blockquote class=\"twitter-tweet\" data-width=\"550\" data-dnt=\"true\"><p lang=\"pt\" dir=\"ltr\">eu acho engra\u00e7ado que eu fico falando de palmiteiro aqui no tt mas eu s\u00f3 fico com palmiteiro (por motivos \u00f3bvios) kkkkkkkkk<\/p>&mdash; vilmais \ud83e\udddc\u200d\u2640\ufe0f\ud83e\uddec\ud83c\udfb2 (@vilmaiis) <a href=\"https:\/\/twitter.com\/vilmaiis\/status\/1485263944898031624?ref_src=twsrc%5Etfw\" target=\"_blank\" rel=\"noopener\">January 23, 2022<\/a><\/blockquote><script async src=\"https:\/\/platform.twitter.com\/widgets.js\" charset=\"utf-8\"><\/script>\n<\/div><\/figure>\n\n\n\n<figure class=\"wp-block-embed is-type-rich is-provider-twitter wp-block-embed-twitter\"><div class=\"wp-block-embed__wrapper\">\n<blockquote class=\"twitter-tweet\" data-width=\"550\" data-dnt=\"true\"><p lang=\"pt\" dir=\"ltr\">maria foi extremamente sem no\u00e7\u00e3o e desrespeitosa chamando o cara de palmiteiro mas voc\u00eas nao est\u00e3o preparados pra essa conversa<\/p>&mdash; chaves \ud83c\udf2a\ud83d\udcb8 (@chaves00000) <a href=\"https:\/\/twitter.com\/chaves00000\/status\/1485263929492262920?ref_src=twsrc%5Etfw\" target=\"_blank\" rel=\"noopener\">January 23, 2022<\/a><\/blockquote><script async src=\"https:\/\/platform.twitter.com\/widgets.js\" charset=\"utf-8\"><\/script>\n<\/div><\/figure>\n\n\n\n<figure class=\"wp-block-embed is-type-rich is-provider-twitter wp-block-embed-twitter\"><div class=\"wp-block-embed__wrapper\">\n<blockquote class=\"twitter-tweet\" data-width=\"550\" data-dnt=\"true\"><p lang=\"pt\" dir=\"ltr\">\u00c9  ineg\u00e1vel a conex\u00e3o entre os dois, at\u00e9  quem t\u00e1  dentro da casa j\u00e1  percebeu.  Maria chamou ele  e palmiteiro, sabe-se l\u00e1  pq, mas nada a ver isso  ai. Eu vivo palmitando, normalmente  eu fico com quem eu quero independente  da cor.  Povo besta. <a href=\"https:\/\/twitter.com\/hashtag\/BBB22?src=hash&amp;ref_src=twsrc%5Etfw\" target=\"_blank\" rel=\"noopener\">#BBB22<\/a><\/p>&mdash; Manoela Moreno \ud83c\udfb2 (@ManoelaMoreno70) <a href=\"https:\/\/twitter.com\/ManoelaMoreno70\/status\/1485263887670861825?ref_src=twsrc%5Etfw\" target=\"_blank\" rel=\"noopener\">January 23, 2022<\/a><\/blockquote><script async src=\"https:\/\/platform.twitter.com\/widgets.js\" charset=\"utf-8\"><\/script>\n<\/div><\/figure>","protected":false},"excerpt":{"rendered":"<p>Neste domingo (23), Maria resolveu alfinetar Paulo Andr\u00e9 e o chamou duas vezes de &#8220;Palmiteiro&#8220;, g\u00edria que significa quando uma pessoa preta s\u00f3 fica com pessoas brancas. Durante a festa, que rolou nesta madrugada, a cantora disparou: &#8220;T\u00f4 sentindo que o Paulo Andr\u00e9 \u00e9 palmiteiro&#8221;. J\u00e1 pela manh\u00e3, quarto Lollipop, enquanto trocava de roupa, Maria [&hellip;]<\/p>\n","protected":false},"author":1,"featured_media":102668,"comment_status":"closed","ping_status":"open","sticky":false,"template":"","format":"standard","meta":{"footnotes":""},"categories":[8605],"tags":[8624,1387,10432],"class_list":["post-102667","post","type-post","status-publish","format-standard","has-post-thumbnail","hentry","category-realities","tag-bbb22","tag-maria","tag-paulo-andre"],"_links":{"self":[{"href":"https:\/\/portalpopmais.com.br\/en\/wp-json\/wp\/v2\/posts\/102667","targetHints":{"allow":["GET"]}}],"collection":[{"href":"https:\/\/portalpopmais.com.br\/en\/wp-json\/wp\/v2\/posts"}],"about":[{"href":"https:\/\/portalpopmais.com.br\/en\/wp-json\/wp\/v2\/types\/post"}],"author":[{"embeddable":true,"href":"https:\/\/portalpopmais.com.br\/en\/wp-json\/wp\/v2\/users\/1"}],"replies":[{"embeddable":true,"href":"https:\/\/portalpopmais.com.br\/en\/wp-json\/wp\/v2\/comments?post=102667"}],"version-history":[{"count":0,"href":"https:\/\/portalpopmais.com.br\/en\/wp-json\/wp\/v2\/posts\/102667\/revisions"}],"wp:featuredmedia":[{"embeddable":true,"href":"https:\/\/portalpopmais.com.br\/en\/wp-json\/wp\/v2\/media\/102668"}],"wp:attachment":[{"href":"https:\/\/portalpopmais.com.br\/en\/wp-json\/wp\/v2\/media?parent=102667"}],"wp:term":[{"taxonomy":"category","embeddable":true,"href":"https:\/\/portalpopmais.com.br\/en\/wp-json\/wp\/v2\/categories?post=102667"},{"taxonomy":"post_tag","embeddable":true,"href":"https:\/\/portalpopmais.com.br\/en\/wp-json\/wp\/v2\/tags?post=102667"}],"curies":[{"name":"wp","href":"https:\/\/api.w.org\/{rel}","templated":true}]}}