{"id":102728,"date":"2022-01-24T12:52:22","date_gmt":"2022-01-24T15:52:22","guid":{"rendered":"https:\/\/portalpopmais.com.br\/?p=102728"},"modified":"2022-01-24T12:52:26","modified_gmt":"2022-01-24T15:52:26","slug":"gloria-maria-recebe-alta-hospital","status":"publish","type":"post","link":"https:\/\/portalpopmais.com.br\/en\/gloria-maria-recebe-alta-hospital\/","title":{"rendered":"Gl\u00f3ria Maria recebe alta do hospital ap\u00f3s dreno no pulm\u00e3o por conta da Covid"},"content":{"rendered":"<p class=\"wp-block-paragraph\">A jornalista <strong><a href=\"https:\/\/portalpopmais.com.br\/en\/internada-apos-diagnostico-de-covid-19-gloria-maria-coloca-dreno-no-pulmao\/\" target=\"_blank\" data-type=\"post\" data-id=\"102615\" rel=\"noreferrer noopener\">Gl\u00f3ria Maria<\/a><\/strong> recebeu alta do hospital do Rio de Janeiro, onde estava internada desde a \u00faltima quarta-feira (19\/1). Ela testou positivo para Covid-19 e apresentou algumas complica\u00e7\u00f5es <a href=\"http:\/\/instagram.com\/portalpopmais\" target=\"_blank\" rel=\"noreferrer noopener\">respirat\u00f3rias<\/a>.<\/p>\n\n\n\n<p class=\"wp-block-paragraph\">Segundo a jornalista F\u00e1bia Oliveira, Gl\u00f3ria saiu do hospital, mas n\u00e3o deve voltar ao trabalho, pois foi instalado um dreno pulmonar na apresentadora do &#8220;Globo Rep\u00f3rter&#8221;. A veterana deve se recuperar em casa.<\/p>\n\n\n\n<p class=\"wp-block-paragraph\">Em 2019, Gl\u00f3ria descobriu um tumor no c\u00e9rebro e passou por uma delicada cirurgia. Durante a recupera\u00e7\u00e3o do procedimento, a jornalista tamb\u00e9m apresentou problemas respirat\u00f3rios, como uma infec\u00e7\u00e3o pulmonar.<\/p>","protected":false},"excerpt":{"rendered":"<p>A jornalista Gl\u00f3ria Maria recebeu alta do hospital do Rio de Janeiro, onde estava internada desde a \u00faltima quarta-feira (19\/1). Ela testou positivo para Covid-19 e apresentou algumas complica\u00e7\u00f5es respirat\u00f3rias. Segundo a jornalista F\u00e1bia Oliveira, Gl\u00f3ria saiu do hospital, mas n\u00e3o deve voltar ao trabalho, pois foi instalado um dreno pulmonar na apresentadora do &#8220;Globo [&hellip;]<\/p>\n","protected":false},"author":2,"featured_media":102729,"comment_status":"closed","ping_status":"open","sticky":false,"template":"","format":"standard","meta":{"footnotes":""},"categories":[173],"tags":[10427],"class_list":["post-102728","post","type-post","status-publish","format-standard","has-post-thumbnail","hentry","category-celebridades","tag-gloria-maria-2"],"_links":{"self":[{"href":"https:\/\/portalpopmais.com.br\/en\/wp-json\/wp\/v2\/posts\/102728","targetHints":{"allow":["GET"]}}],"collection":[{"href":"https:\/\/portalpopmais.com.br\/en\/wp-json\/wp\/v2\/posts"}],"about":[{"href":"https:\/\/portalpopmais.com.br\/en\/wp-json\/wp\/v2\/types\/post"}],"author":[{"embeddable":true,"href":"https:\/\/portalpopmais.com.br\/en\/wp-json\/wp\/v2\/users\/2"}],"replies":[{"embeddable":true,"href":"https:\/\/portalpopmais.com.br\/en\/wp-json\/wp\/v2\/comments?post=102728"}],"version-history":[{"count":0,"href":"https:\/\/portalpopmais.com.br\/en\/wp-json\/wp\/v2\/posts\/102728\/revisions"}],"wp:featuredmedia":[{"embeddable":true,"href":"https:\/\/portalpopmais.com.br\/en\/wp-json\/wp\/v2\/media\/102729"}],"wp:attachment":[{"href":"https:\/\/portalpopmais.com.br\/en\/wp-json\/wp\/v2\/media?parent=102728"}],"wp:term":[{"taxonomy":"category","embeddable":true,"href":"https:\/\/portalpopmais.com.br\/en\/wp-json\/wp\/v2\/categories?post=102728"},{"taxonomy":"post_tag","embeddable":true,"href":"https:\/\/portalpopmais.com.br\/en\/wp-json\/wp\/v2\/tags?post=102728"}],"curies":[{"name":"wp","href":"https:\/\/api.w.org\/{rel}","templated":true}]}}