{"id":103317,"date":"2022-01-30T10:51:01","date_gmt":"2022-01-30T13:51:01","guid":{"rendered":"https:\/\/portalpopmais.com.br\/?p=103317"},"modified":"2022-01-30T10:51:05","modified_gmt":"2022-01-30T13:51:05","slug":"bbb22-arthur-saudade-maira-fortalecer-relacao","status":"publish","type":"post","link":"https:\/\/portalpopmais.com.br\/en\/bbb22-arthur-saudade-maira-fortalecer-relacao\/","title":{"rendered":"BBB22: Arthur fala sobre saudade de Ma\u00edra: &#8220;vai fortalecer ainda mais a nossa rela\u00e7\u00e3o&#8221;"},"content":{"rendered":"<p class=\"wp-block-paragraph\">O ator <strong><a href=\"https:\/\/portalpopmais.com.br\/en\/linn-revela-relacao-conturbada-com-arthur-aguiar-antes-bbb22\/\" data-type=\"post\" data-id=\"103052\" target=\"_blank\" rel=\"noreferrer noopener\">Arthur Aguiar<\/a><\/strong> fez uma avalia\u00e7\u00e3o da saudade que sente da esposa, <strong><a href=\"http:\/\/instagram.com\/portalpopmais\" target=\"_blank\" rel=\"noreferrer noopener\">Ma\u00edra Cardi<\/a><\/strong>, enquanto est\u00e1 confinado no BBB22. Na madrugada deste domingo (30), o rapaz abriu o cora\u00e7\u00e3o. <\/p>\n\n\n\n<p class=\"wp-block-paragraph\">Em conversa com Pedro Scooby, ele disse que estava sentindo a aus\u00eancia da coach. <em>&#8220;Sinto muita falta dela, velho&#8221;<\/em>, disse deitado.<\/p>\n\n\n\n<p class=\"wp-block-paragraph\">Ele ainda fez um balan\u00e7o desse per\u00edodo afastado e disse que os dois v\u00e3o ficar ainda mais pr\u00f3ximos. <em>\u201cMas eu acredito que isso vai fortalecer ainda mais a nossa rela\u00e7\u00e3o, sabe?\u201d<\/em>, disse.<\/p>\n\n\n\n<p class=\"wp-block-paragraph\">Segundo o ator, os dois est\u00e3o em um momento importante da rela\u00e7\u00e3o. <em>\u201cPelo menos para mim, assim, cada dia que passa me d\u00e1 mais certeza do que eu quero, e do quanto que ela \u00e9 importante para mim, da falta que ela me faz, enfim\u2026\u201d,<\/em> afirmou.<\/p>\n\n\n\n<p class=\"wp-block-paragraph\">Scooby ent\u00e3o consolou o ator. \u201d<em>Isso \u00e9 importante mesmo. D\u00e1 saudade, n\u00e9?\u201d, <\/em>perguntou: <em>\u201cEstou doido para ver uma foto dela, um v\u00eddeo\u2026\u201d, <\/em>disse o pai de Sophia Cardi.<\/p>","protected":false},"excerpt":{"rendered":"<p>O ator Arthur Aguiar fez uma avalia\u00e7\u00e3o da saudade que sente da esposa, Ma\u00edra Cardi, enquanto est\u00e1 confinado no BBB22. Na madrugada deste domingo (30), o rapaz abriu o cora\u00e7\u00e3o. Em conversa com Pedro Scooby, ele disse que estava sentindo a aus\u00eancia da coach. &#8220;Sinto muita falta dela, velho&#8221;, disse deitado. Ele ainda fez um [&hellip;]<\/p>\n","protected":false},"author":2,"featured_media":103318,"comment_status":"closed","ping_status":"open","sticky":false,"template":"","format":"standard","meta":{"footnotes":""},"categories":[8605],"tags":[1185,8624,10434],"class_list":["post-103317","post","type-post","status-publish","format-standard","has-post-thumbnail","hentry","category-realities","tag-arthur-aguiar","tag-bbb22","tag-maira-cardi-2"],"_links":{"self":[{"href":"https:\/\/portalpopmais.com.br\/en\/wp-json\/wp\/v2\/posts\/103317","targetHints":{"allow":["GET"]}}],"collection":[{"href":"https:\/\/portalpopmais.com.br\/en\/wp-json\/wp\/v2\/posts"}],"about":[{"href":"https:\/\/portalpopmais.com.br\/en\/wp-json\/wp\/v2\/types\/post"}],"author":[{"embeddable":true,"href":"https:\/\/portalpopmais.com.br\/en\/wp-json\/wp\/v2\/users\/2"}],"replies":[{"embeddable":true,"href":"https:\/\/portalpopmais.com.br\/en\/wp-json\/wp\/v2\/comments?post=103317"}],"version-history":[{"count":0,"href":"https:\/\/portalpopmais.com.br\/en\/wp-json\/wp\/v2\/posts\/103317\/revisions"}],"wp:featuredmedia":[{"embeddable":true,"href":"https:\/\/portalpopmais.com.br\/en\/wp-json\/wp\/v2\/media\/103318"}],"wp:attachment":[{"href":"https:\/\/portalpopmais.com.br\/en\/wp-json\/wp\/v2\/media?parent=103317"}],"wp:term":[{"taxonomy":"category","embeddable":true,"href":"https:\/\/portalpopmais.com.br\/en\/wp-json\/wp\/v2\/categories?post=103317"},{"taxonomy":"post_tag","embeddable":true,"href":"https:\/\/portalpopmais.com.br\/en\/wp-json\/wp\/v2\/tags?post=103317"}],"curies":[{"name":"wp","href":"https:\/\/api.w.org\/{rel}","templated":true}]}}