{"id":103986,"date":"2022-02-08T08:50:26","date_gmt":"2022-02-08T11:50:26","guid":{"rendered":"https:\/\/portalpopmais.com.br\/?p=103986"},"modified":"2022-02-08T08:50:36","modified_gmt":"2022-02-08T11:50:36","slug":"bbb22-barbara-usa-termo-racista-douglas-silva","status":"publish","type":"post","link":"https:\/\/portalpopmais.com.br\/en\/bbb22-barbara-usa-termo-racista-douglas-silva\/","title":{"rendered":"V\u00eddeo | BBB22: B\u00e1rbara usa termo racista contra Douglas Silva e se retrata: &#8220;Que feio&#8221;"},"content":{"rendered":"<p><strong><a href=\"https:\/\/portalpopmais.com.br\/en\/bbb22-barbara-nao-aprova-recado-namorado-detona\/\" target=\"_blank\" data-type=\"post\" data-id=\"103922\" rel=\"noreferrer noopener\">B\u00e1rbara<\/a><\/strong> teve de se autocensurar na madrugada desta ter\u00e7a-feira (08), ap\u00f3s usar um termo racista para se referir \u00e0 <strong><a href=\"http:\/\/instagram.com\/portalpopmais\" target=\"_blank\" rel=\"noreferrer noopener\">Douglas Silva<\/a><\/strong>. O momento aconteceu enquanto a sister conversava La\u00eds e Jade no quarto do L\u00edder, do BBB22.<\/p>\n\n\n\n<p><em>&#8220;Ele fez aquele samba do crioulo do- ai, que feio\u2026 eu ia falar uma express\u00e3o muito velha e que \u00e9 horrorosa. O samba l\u00e1 que ele falou que fez\u2026&#8221;, <\/em>soltou ela, percebendo imediatamente que quase se jogou para o cancelamento.<\/p>\n\n\n<ul class=\"wp-block-latest-posts__list is-grid columns-3 wp-block-latest-posts\"><li><div class=\"wp-block-latest-posts__featured-image aligncenter\"><a href=\"https:\/\/portalpopmais.com.br\/en\/entenda-o-motivo-do-atraso-do-show-de-shakira-em-copacabana\/\" aria-label=\"Entenda o motivo do atraso do show de Shakira em Copacabana\"><img loading=\"lazy\" decoding=\"async\" width=\"768\" height=\"456\" src=\"https:\/\/portalpopmais.com.br\/wp-content\/uploads\/2026\/02\/Shakira-POP-Mais-768x456.webp\" class=\"attachment-medium size-medium wp-post-image\" alt=\"Shakira far\u00e1 show gratuito em Copacabana - Foto: Reprodu\u00e7\u00e3o\/ TV Globo\" style=\"\" srcset=\"https:\/\/portalpopmais.com.br\/wp-content\/uploads\/2026\/02\/Shakira-POP-Mais-768x456.webp 768w, https:\/\/portalpopmais.com.br\/wp-content\/uploads\/2026\/02\/Shakira-POP-Mais-1170x694.webp 1170w, https:\/\/portalpopmais.com.br\/wp-content\/uploads\/2026\/02\/Shakira-POP-Mais-18x10.webp 18w\" sizes=\"auto, (max-width: 768px) 100vw, 768px\" title=\"\"><\/a><\/div><a class=\"wp-block-latest-posts__post-title\" href=\"https:\/\/portalpopmais.com.br\/en\/entenda-o-motivo-do-atraso-do-show-de-shakira-em-copacabana\/\">Entenda o motivo do atraso do show de Shakira em Copacabana<\/a><\/li>\n<li><div class=\"wp-block-latest-posts__featured-image aligncenter\"><a href=\"https:\/\/portalpopmais.com.br\/en\/matheus-dupla-com-kauan-anuncia-fim-do-casamento\/\" aria-label=\"Matheus, dupla com Kauan, anuncia fim do casamento\"><img loading=\"lazy\" decoding=\"async\" width=\"768\" height=\"456\" src=\"https:\/\/portalpopmais.com.br\/wp-content\/uploads\/2026\/05\/fim-casamento-768x456.png\" class=\"attachment-medium size-medium wp-post-image\" alt=\"fim casamento\" style=\"\" srcset=\"https:\/\/portalpopmais.com.br\/wp-content\/uploads\/2026\/05\/fim-casamento-768x456.png 768w, https:\/\/portalpopmais.com.br\/wp-content\/uploads\/2026\/05\/fim-casamento-18x12.png 18w\" sizes=\"auto, (max-width: 768px) 100vw, 768px\" title=\"\"><\/a><\/div><a class=\"wp-block-latest-posts__post-title\" href=\"https:\/\/portalpopmais.com.br\/en\/matheus-dupla-com-kauan-anuncia-fim-do-casamento\/\">Matheus, dupla com Kauan, anuncia fim do casamento<\/a><\/li>\n<li><div class=\"wp-block-latest-posts__featured-image aligncenter\"><a href=\"https:\/\/portalpopmais.com.br\/en\/jovem-viraliza-ao-receber-beijos-de-todos-os-seus-amigos-homens-como-presente-de-aniversario\/\" aria-label=\"Jovem viraliza ao receber beijos de todos os seus amigos homens como presente de anivers\u00e1rio\"><img loading=\"lazy\" decoding=\"async\" width=\"768\" height=\"456\" src=\"https:\/\/portalpopmais.com.br\/wp-content\/uploads\/2026\/05\/JOVEM-BEIJOS-768x456.png\" class=\"attachment-medium size-medium wp-post-image\" alt=\"JOVEM BEIJOS\" style=\"\" srcset=\"https:\/\/portalpopmais.com.br\/wp-content\/uploads\/2026\/05\/JOVEM-BEIJOS-768x456.png 768w, https:\/\/portalpopmais.com.br\/wp-content\/uploads\/2026\/05\/JOVEM-BEIJOS-18x12.png 18w\" sizes=\"auto, (max-width: 768px) 100vw, 768px\" title=\"\"><\/a><\/div><a class=\"wp-block-latest-posts__post-title\" href=\"https:\/\/portalpopmais.com.br\/en\/jovem-viraliza-ao-receber-beijos-de-todos-os-seus-amigos-homens-como-presente-de-aniversario\/\">Jovem viraliza ao receber beijos de todos os seus amigos homens como presente de anivers\u00e1rio<\/a><\/li>\n<li><div class=\"wp-block-latest-posts__featured-image aligncenter\"><a href=\"https:\/\/portalpopmais.com.br\/en\/esposa-de-faustao-emociona-ao-falar-sobre-saude-do-apresentador-em-homenagem\/\" aria-label=\"Esposa de Faust\u00e3o emociona ao falar sobre sa\u00fade do apresentador em homenagem\"><img loading=\"lazy\" decoding=\"async\" width=\"768\" height=\"456\" src=\"https:\/\/portalpopmais.com.br\/wp-content\/uploads\/2025\/08\/IMG-20250806-WA0116-768x456.jpg\" class=\"attachment-medium size-medium wp-post-image\" alt=\"O apresentador Faust\u00e3o\" style=\"\" title=\"\"><\/a><\/div><a class=\"wp-block-latest-posts__post-title\" href=\"https:\/\/portalpopmais.com.br\/en\/esposa-de-faustao-emociona-ao-falar-sobre-saude-do-apresentador-em-homenagem\/\">Esposa de Faust\u00e3o emociona ao falar sobre sa\u00fade do apresentador em homenagem<\/a><\/li>\n<li><div class=\"wp-block-latest-posts__featured-image aligncenter\"><a href=\"https:\/\/portalpopmais.com.br\/en\/morre-alex-zanardi-icone-do-automobilismo-e-campeao-paralimpico-aos-59-anos\/\" aria-label=\"Morre Alex Zanardi, \u00edcone do automobilismo e campe\u00e3o paral\u00edmpico, aos 59 anos\"><img loading=\"lazy\" decoding=\"async\" width=\"768\" height=\"456\" src=\"https:\/\/portalpopmais.com.br\/wp-content\/uploads\/2026\/05\/morre-alex-zanardi-768x456.png\" class=\"attachment-medium size-medium wp-post-image\" alt=\"morre alex zanardi\" style=\"\" srcset=\"https:\/\/portalpopmais.com.br\/wp-content\/uploads\/2026\/05\/morre-alex-zanardi-768x456.png 768w, https:\/\/portalpopmais.com.br\/wp-content\/uploads\/2026\/05\/morre-alex-zanardi-18x12.png 18w\" sizes=\"auto, (max-width: 768px) 100vw, 768px\" title=\"\"><\/a><\/div><a class=\"wp-block-latest-posts__post-title\" href=\"https:\/\/portalpopmais.com.br\/en\/morre-alex-zanardi-icone-do-automobilismo-e-campeao-paralimpico-aos-59-anos\/\">Morre Alex Zanardi, \u00edcone do automobilismo e campe\u00e3o paral\u00edmpico, aos 59 anos<\/a><\/li>\n<\/ul>\n\n\n<p><em>&#8220;Quase falei uma express\u00e3o muito racista&#8221;,<\/em> se repreende logo depois. La\u00eds d\u00e1 risada: &#8220;E<em>u vi o que voc\u00ea ia falar&#8221;<\/em> e Jade complementa:<em> &#8220;Ia ser p\u00e9ssimo&#8221;.<\/em> <\/p>\n\n\n\n<p>O termo deriva de um samba composto na \u00e9poca da ditadura que fazia piada com o ensino da hist\u00f3ria do pa\u00eds durante o per\u00edodo. Usada hoje mais como um sin\u00f4nimo de bagun\u00e7a, adquiriu um sentido muito pejorativo contra pessoas negras.<\/p>\n\n\n\n<p>O momento n\u00e3o pegou nada bem para o p\u00fablico do reality, mas alguns tentaram amenizar a situa\u00e7\u00e3o:<em> &#8220;Ela se corrigiu, n\u00e3o vale perdoar? N\u00e3o \u00e9 sinal que ela t\u00e1 (ao menos) tentando aprender?&#8221;,<\/em> questionou um f\u00e3. Outra respondeu: <em>&#8220;Se ela &#8216;quase falou&#8217; \u00e9 porque ela usa esse termo! S\u00f3 n\u00e3o falou porque est\u00e1 sendo filmada e sabe das consequ\u00eancias! Mas em off ela usaria sem peso na consci\u00eancia, ou seja, racista sim! Com inten\u00e7\u00e3o ou sem \u00e9 do mesmo jeito&#8221;.<\/em><\/p>\n\n\n\n<figure class=\"wp-block-embed is-type-rich is-provider-twitter wp-block-embed-twitter\"><div class=\"wp-block-embed__wrapper\">\n<blockquote class=\"twitter-tweet\" data-width=\"550\" data-dnt=\"true\"><p lang=\"pt\" dir=\"ltr\">B\u00e1rbara falando que o <a href=\"https:\/\/twitter.com\/Silva_DG?ref_src=twsrc%5Etfw\" target=\"_blank\" rel=\"noopener\">@Silva_DG<\/a> fez o \u201csamba do criolo doido\u201d, s\u00e3o essas minas que voc\u00eas v\u00e3o deixar feliz se ele sair. <a href=\"https:\/\/t.co\/StSuTxlCW3\">pic.twitter.com\/StSuTxlCW3<\/a><\/p>&mdash; ixter arlequina do arthur (@Iegendior) <a href=\"https:\/\/twitter.com\/Iegendior\/status\/1490902896828825604?ref_src=twsrc%5Etfw\" target=\"_blank\" rel=\"noopener\">February 8, 2022<\/a><\/blockquote><script async src=\"https:\/\/platform.twitter.com\/widgets.js\" charset=\"utf-8\"><\/script>\n<\/div><\/figure>","protected":false},"excerpt":{"rendered":"<p>B\u00e1rbara teve de se autocensurar na madrugada desta ter\u00e7a-feira (08), ap\u00f3s usar um termo racista para se referir \u00e0 Douglas Silva. O momento aconteceu enquanto a sister conversava La\u00eds e Jade no quarto do L\u00edder, do BBB22. &#8220;Ele fez aquele samba do crioulo do- ai, que feio\u2026 eu ia falar uma express\u00e3o muito velha e [&hellip;]<\/p>\n","protected":false},"author":2,"featured_media":103987,"comment_status":"closed","ping_status":"open","sticky":false,"template":"","format":"standard","meta":{"footnotes":""},"categories":[8605],"tags":[10389,8624,10393],"class_list":["post-103986","post","type-post","status-publish","format-standard","has-post-thumbnail","hentry","category-realities","tag-barbara","tag-bbb22","tag-douglas-silva"],"_links":{"self":[{"href":"https:\/\/portalpopmais.com.br\/en\/wp-json\/wp\/v2\/posts\/103986","targetHints":{"allow":["GET"]}}],"collection":[{"href":"https:\/\/portalpopmais.com.br\/en\/wp-json\/wp\/v2\/posts"}],"about":[{"href":"https:\/\/portalpopmais.com.br\/en\/wp-json\/wp\/v2\/types\/post"}],"author":[{"embeddable":true,"href":"https:\/\/portalpopmais.com.br\/en\/wp-json\/wp\/v2\/users\/2"}],"replies":[{"embeddable":true,"href":"https:\/\/portalpopmais.com.br\/en\/wp-json\/wp\/v2\/comments?post=103986"}],"version-history":[{"count":0,"href":"https:\/\/portalpopmais.com.br\/en\/wp-json\/wp\/v2\/posts\/103986\/revisions"}],"wp:featuredmedia":[{"embeddable":true,"href":"https:\/\/portalpopmais.com.br\/en\/wp-json\/wp\/v2\/media\/103987"}],"wp:attachment":[{"href":"https:\/\/portalpopmais.com.br\/en\/wp-json\/wp\/v2\/media?parent=103986"}],"wp:term":[{"taxonomy":"category","embeddable":true,"href":"https:\/\/portalpopmais.com.br\/en\/wp-json\/wp\/v2\/categories?post=103986"},{"taxonomy":"post_tag","embeddable":true,"href":"https:\/\/portalpopmais.com.br\/en\/wp-json\/wp\/v2\/tags?post=103986"}],"curies":[{"name":"wp","href":"https:\/\/api.w.org\/{rel}","templated":true}]}}