{"id":104646,"date":"2022-02-16T09:21:46","date_gmt":"2022-02-16T12:21:46","guid":{"rendered":"https:\/\/portalpopmais.com.br\/?p=104646"},"modified":"2022-02-16T11:05:01","modified_gmt":"2022-02-16T14:05:01","slug":"bbb22-paulo-andre-defende-arthur-enquadra-jade-escrota","status":"publish","type":"post","link":"https:\/\/portalpopmais.com.br\/en\/bbb22-paulo-andre-defende-arthur-enquadra-jade-escrota\/","title":{"rendered":"BBB22: Paulo Andr\u00e9 sai em defesa de Arthur e enquadra Jade: &#8220;t\u00e1 comprando a guerra errada&#8221;"},"content":{"rendered":"\n<p><strong><a href=\"https:\/\/portalpopmais.com.br\/maira-cardi-recusa-segundo-filho-arthur-aguiar-trauma\/\" data-type=\"post\" data-id=\"104523\">Arthur Aguiar<\/a><\/strong> ganhou um novo aliado no <a href=\"http:\/\/instagram.com\/portalpopmais\" target=\"_blank\" rel=\"noreferrer noopener\">BBB22<\/a>! <a href=\"https:\/\/portalpopmais.com.br\/bbb22-paulo-andre-descobre-mentira-jade-picon-sobre-arthur\/\" target=\"_blank\" data-type=\"post\" data-id=\"104509\" rel=\"noreferrer noopener\"><strong>Paulo Andr\u00e9<\/strong> descobriu que <strong>Jade Picon<\/strong> espalhou uma mentira sobre ele<\/a>, ao dizer que o ator n\u00e3o havia participado da exibi\u00e7\u00e3o do v\u00eddeo do Anjo, no \u00faltimo domingo (13).<\/p>\n\n\n\n<p>Com o resultado do pared\u00e3o desta ter\u00e7a-feira (15), o atleta conseguiu enxergar que o jogo de Jade, sua affair dentro do reality, est\u00e1 indo para o lado errado. L\u00edder por duas semanas consecutivas, a influencer indicou o marido de Maira Cardi duas vezes \u00e0 berlinda.<\/p>\n\n\n<ul class=\"wp-block-latest-posts__list is-grid columns-3 aligncenter wp-block-latest-posts\"><li><div class=\"wp-block-latest-posts__featured-image aligncenter\"><a href=\"https:\/\/portalpopmais.com.br\/en\/jonas-sulzbach-acusa-edicao-do-bbb-de-ser-tendenciosa\/\" aria-label=\"Jonas Sulzbach acusa edi\u00e7\u00e3o do BBB de ser tendenciosa\"><img loading=\"lazy\" decoding=\"async\" width=\"768\" height=\"450\" src=\"https:\/\/portalpopmais.com.br\/wp-content\/uploads\/2026\/03\/jonas-eliminado-bbb-26-768x450.jpg\" class=\"attachment-medium size-medium wp-post-image\" alt=\"jonas eliminado bbb 26\" style=\"\" srcset=\"https:\/\/portalpopmais.com.br\/wp-content\/uploads\/2026\/03\/jonas-eliminado-bbb-26-768x450.jpg 768w, https:\/\/portalpopmais.com.br\/wp-content\/uploads\/2026\/03\/jonas-eliminado-bbb-26-18x10.jpg 18w\" sizes=\"auto, (max-width: 768px) 100vw, 768px\" title=\"\"><\/a><\/div><a class=\"wp-block-latest-posts__post-title\" href=\"https:\/\/portalpopmais.com.br\/en\/jonas-sulzbach-acusa-edicao-do-bbb-de-ser-tendenciosa\/\">Jonas Sulzbach acusa edi\u00e7\u00e3o do BBB de ser tendenciosa<\/a><\/li>\n<li><div class=\"wp-block-latest-posts__featured-image aligncenter\"><a href=\"https:\/\/portalpopmais.com.br\/en\/samira-quebra-o-silencio-sobre-o-fim-da-amizade-com-juliano-floss\/\" aria-label=\"Samira quebra o sil\u00eancio sobre o fim da amizade com Juliano Floss\"><img loading=\"lazy\" decoding=\"async\" width=\"768\" height=\"456\" src=\"https:\/\/portalpopmais.com.br\/wp-content\/uploads\/2026\/04\/samira-fala-fim-amizade-juliano-floss-768x456.png\" class=\"attachment-medium size-medium wp-post-image\" alt=\"samira fala fim amizade juliano floss\" style=\"\" srcset=\"https:\/\/portalpopmais.com.br\/wp-content\/uploads\/2026\/04\/samira-fala-fim-amizade-juliano-floss-768x456.png 768w, https:\/\/portalpopmais.com.br\/wp-content\/uploads\/2026\/04\/samira-fala-fim-amizade-juliano-floss-18x10.png 18w\" sizes=\"auto, (max-width: 768px) 100vw, 768px\" title=\"\"><\/a><\/div><a class=\"wp-block-latest-posts__post-title\" href=\"https:\/\/portalpopmais.com.br\/en\/samira-quebra-o-silencio-sobre-o-fim-da-amizade-com-juliano-floss\/\">Samira quebra o sil\u00eancio sobre o fim da amizade com Juliano Floss<\/a><\/li>\n<li><div class=\"wp-block-latest-posts__featured-image aligncenter\"><a href=\"https:\/\/portalpopmais.com.br\/en\/tudo-o-que-voce-precisa-saber-sobre-a-casa-do-patrao-novo-reality-da-record\/\" aria-label=\"Tudo o que voc\u00ea precisa saber sobre a &#8220;Casa do Patr\u00e3o&#8221;, novo reality da RECORD\"><img loading=\"lazy\" decoding=\"async\" width=\"768\" height=\"456\" src=\"https:\/\/portalpopmais.com.br\/wp-content\/uploads\/2026\/03\/Leandro-Hassum-confirmado-apresentador-casa-do-patrao-768x456.png\" class=\"attachment-medium size-medium wp-post-image\" alt=\"Leandro Hassum confirmado apresentador casa do patr\u00e3o\" style=\"\" srcset=\"https:\/\/portalpopmais.com.br\/wp-content\/uploads\/2026\/03\/Leandro-Hassum-confirmado-apresentador-casa-do-patrao-768x456.png 768w, https:\/\/portalpopmais.com.br\/wp-content\/uploads\/2026\/03\/Leandro-Hassum-confirmado-apresentador-casa-do-patrao-18x10.png 18w\" sizes=\"auto, (max-width: 768px) 100vw, 768px\" title=\"\"><\/a><\/div><a class=\"wp-block-latest-posts__post-title\" href=\"https:\/\/portalpopmais.com.br\/en\/tudo-o-que-voce-precisa-saber-sobre-a-casa-do-patrao-novo-reality-da-record\/\">Tudo o que voc\u00ea precisa saber sobre a &#8220;Casa do Patr\u00e3o&#8221;, novo reality da RECORD<\/a><\/li>\n<li><div class=\"wp-block-latest-posts__featured-image aligncenter\"><a href=\"https:\/\/portalpopmais.com.br\/en\/final-do-bbb-26-registra-baixa-audiencia-e-acende-alerta-na-globo\/\" aria-label=\"Final do BBB 26 registra baixa audi\u00eancia e acende alerta na Globo\"><img loading=\"lazy\" decoding=\"async\" width=\"768\" height=\"456\" src=\"https:\/\/portalpopmais.com.br\/wp-content\/uploads\/2026\/04\/juliano-floss-ana-paula-renault-e-milena-768x456.webp\" class=\"attachment-medium size-medium wp-post-image\" alt=\"juliano floss ana paula renault e milena\" style=\"\" srcset=\"https:\/\/portalpopmais.com.br\/wp-content\/uploads\/2026\/04\/juliano-floss-ana-paula-renault-e-milena-768x456.webp 768w, https:\/\/portalpopmais.com.br\/wp-content\/uploads\/2026\/04\/juliano-floss-ana-paula-renault-e-milena-18x12.webp 18w\" sizes=\"auto, (max-width: 768px) 100vw, 768px\" title=\"\"><\/a><\/div><a class=\"wp-block-latest-posts__post-title\" href=\"https:\/\/portalpopmais.com.br\/en\/final-do-bbb-26-registra-baixa-audiencia-e-acende-alerta-na-globo\/\">Final do BBB 26 registra baixa audi\u00eancia e acende alerta na Globo<\/a><\/li>\n<li><div class=\"wp-block-latest-posts__featured-image aligncenter\"><a href=\"https:\/\/portalpopmais.com.br\/en\/ana-paula-renault-vence-o-bbb-26-e-leva-premio-milionario-saiba-quanto\/\" aria-label=\"Ana Paula Renault vence o BBB 26 e leva pr\u00eamio milion\u00e1rio; saiba quanto\"><img loading=\"lazy\" decoding=\"async\" width=\"768\" height=\"450\" src=\"https:\/\/portalpopmais.com.br\/wp-content\/uploads\/2026\/03\/ana-paula-lider-bbb-26-768x450.jpg\" class=\"attachment-medium size-medium wp-post-image\" alt=\"ana paula lider bbb 26\" style=\"\" srcset=\"https:\/\/portalpopmais.com.br\/wp-content\/uploads\/2026\/03\/ana-paula-lider-bbb-26-768x450.jpg 768w, https:\/\/portalpopmais.com.br\/wp-content\/uploads\/2026\/03\/ana-paula-lider-bbb-26-18x10.jpg 18w\" sizes=\"auto, (max-width: 768px) 100vw, 768px\" title=\"\"><\/a><\/div><a class=\"wp-block-latest-posts__post-title\" href=\"https:\/\/portalpopmais.com.br\/en\/ana-paula-renault-vence-o-bbb-26-e-leva-premio-milionario-saiba-quanto\/\">Ana Paula Renault vence o BBB 26 e leva pr\u00eamio milion\u00e1rio; saiba quanto<\/a><\/li>\n<li><div class=\"wp-block-latest-posts__featured-image aligncenter\"><a href=\"https:\/\/portalpopmais.com.br\/en\/maior-treta-de-ana-paula-renault-no-bbb-26-foi-por-causa-do-pai\/\" aria-label=\"Maior treta de Ana Paula Renault no BBB 26 foi por causa do pai\"><img loading=\"lazy\" decoding=\"async\" width=\"768\" height=\"456\" src=\"https:\/\/portalpopmais.com.br\/wp-content\/uploads\/2026\/04\/ana-paula-renault-768x456.png\" class=\"attachment-medium size-medium wp-post-image\" alt=\"ana paula renault\" style=\"\" srcset=\"https:\/\/portalpopmais.com.br\/wp-content\/uploads\/2026\/04\/ana-paula-renault-768x456.png 768w, https:\/\/portalpopmais.com.br\/wp-content\/uploads\/2026\/04\/ana-paula-renault-18x12.png 18w\" sizes=\"auto, (max-width: 768px) 100vw, 768px\" title=\"\"><\/a><\/div><a class=\"wp-block-latest-posts__post-title\" href=\"https:\/\/portalpopmais.com.br\/en\/maior-treta-de-ana-paula-renault-no-bbb-26-foi-por-causa-do-pai\/\">Maior treta de Ana Paula Renault no BBB 26 foi por causa do pai<\/a><\/li>\n<\/ul>\n\n\n<p>Em sua \u00faltima conquista do colar do l\u00edder, Picon ainda provocou Arthur, ao caminhar at\u00e9 o ator sugerindo que daria o colar do VIP, mas admitiu posteriormente que tinha apenas a inten\u00e7\u00e3o de iludir o brother.<\/p>\n\n\n\n<p>Na manh\u00e3 de hoje, em clima descontra\u00eddo, PA abriu os olhos da sister e saiu em defesa de Arthur.<\/p>\n\n\n\n<p><em>&#8220;Maluco [Arthur] voltou de dois pared\u00f5es, c\u00ea t\u00e1 comprando a guerra errada&#8221;, <\/em>disse PA.<\/p>\n\n\n\n<p>Jade respondeu: <em>&#8220;Eu vim pra isso, pra viver, pra jogar, vou seguir meu cora\u00e7\u00e3o\u2026&#8221;<\/em><\/p>\n\n\n\n<p><em> &#8220;Voc\u00ea faz de prop\u00f3sito, n\u00e9? Ir\u00f4nica com ele [Arthur]. Tu \u00e9 escrota, cara, tu subiu na parada l\u00e1 e saiu. Esse bagulho nada a ver de fingir que vai entregar a pulseira&#8221;<\/em>, disparou o atleta.<\/p>\n\n\n\n<p><em>&#8220;\u00c9 s\u00f3 uma tira\u00e7\u00e3ozinha&#8221;, <\/em>respondeu Jade.<\/p>\n\n\n\n<p>Paulo Andr\u00e9 segue imitando a cena em que Picon joga um balde de \u00e1gua em Arthur, durante o Jogo da Disc\u00f3rdia. <em>&#8220;Tu \u00e9 muito escrota&#8221;,<\/em> disse ele mais uma vez.<\/p>\n","protected":false},"excerpt":{"rendered":"<p>Arthur Aguiar ganhou um novo aliado no BBB22! Paulo Andr\u00e9 descobriu que Jade Picon espalhou uma mentira sobre ele, ao dizer que o ator n\u00e3o havia participado da exibi\u00e7\u00e3o do v\u00eddeo do Anjo, no \u00faltimo domingo (13). Com o resultado do pared\u00e3o desta ter\u00e7a-feira (15), o atleta conseguiu enxergar que o jogo de Jade, sua [&hellip;]<\/p>\n","protected":false},"author":1,"featured_media":104647,"comment_status":"closed","ping_status":"open","sticky":false,"template":"","format":"standard","meta":{"footnotes":""},"categories":[8605],"tags":[1185,8624,9180,10432],"class_list":["post-104646","post","type-post","status-publish","format-standard","has-post-thumbnail","hentry","category-realities","tag-arthur-aguiar","tag-bbb22","tag-jade-picon","tag-paulo-andre"],"_links":{"self":[{"href":"https:\/\/portalpopmais.com.br\/en\/wp-json\/wp\/v2\/posts\/104646","targetHints":{"allow":["GET"]}}],"collection":[{"href":"https:\/\/portalpopmais.com.br\/en\/wp-json\/wp\/v2\/posts"}],"about":[{"href":"https:\/\/portalpopmais.com.br\/en\/wp-json\/wp\/v2\/types\/post"}],"author":[{"embeddable":true,"href":"https:\/\/portalpopmais.com.br\/en\/wp-json\/wp\/v2\/users\/1"}],"replies":[{"embeddable":true,"href":"https:\/\/portalpopmais.com.br\/en\/wp-json\/wp\/v2\/comments?post=104646"}],"version-history":[{"count":0,"href":"https:\/\/portalpopmais.com.br\/en\/wp-json\/wp\/v2\/posts\/104646\/revisions"}],"wp:featuredmedia":[{"embeddable":true,"href":"https:\/\/portalpopmais.com.br\/en\/wp-json\/wp\/v2\/media\/104647"}],"wp:attachment":[{"href":"https:\/\/portalpopmais.com.br\/en\/wp-json\/wp\/v2\/media?parent=104646"}],"wp:term":[{"taxonomy":"category","embeddable":true,"href":"https:\/\/portalpopmais.com.br\/en\/wp-json\/wp\/v2\/categories?post=104646"},{"taxonomy":"post_tag","embeddable":true,"href":"https:\/\/portalpopmais.com.br\/en\/wp-json\/wp\/v2\/tags?post=104646"}],"curies":[{"name":"wp","href":"https:\/\/api.w.org\/{rel}","templated":true}]}}