{"id":104941,"date":"2022-02-23T20:04:39","date_gmt":"2022-02-23T23:04:39","guid":{"rendered":"https:\/\/portalpopmais.com.br\/?p=104941"},"modified":"2022-02-23T20:10:24","modified_gmt":"2022-02-23T23:10:24","slug":"paulinha-abelha-morre-43-anos","status":"publish","type":"post","link":"https:\/\/portalpopmais.com.br\/en\/paulinha-abelha-morre-43-anos\/","title":{"rendered":"Paulinha Abelha, vocalista do Calcinha Preta, morre aos 43 anos"},"content":{"rendered":"<p class=\"wp-block-paragraph\">Faleceu nesta quarta-feira (23), a cantora <strong><a href=\"https:\/\/portalpopmais.com.br\/en\/paulinha-abelha-calcinha-preta-coma-apos-piora\/\" data-type=\"post\" data-id=\"104929\" target=\"_blank\" rel=\"noreferrer noopener\">Paulinha Abelha<\/a><\/strong>, vocalista da banda de forr\u00f3 Calcinha Preta. Ela foi internada na UTI de um hospital de Aracaju no dia 11 de fevereiro com problemas renais. A informa\u00e7\u00e3o foi de falecimento foi confirmada pela assessoria de comunica\u00e7\u00e3o do Hospital Primavera.<\/p>\n\n\n\n<p class=\"wp-block-paragraph\">De acordo com a nota, a cantora morreu \u00e0s 19h26 em decorr\u00eancia de um quadro de comprometimento multiss\u00eamico.<\/p>\n\n\n\n<p class=\"wp-block-paragraph\">Desde que foi internada, o quadro de sa\u00fade de Paulinha se agravou de forma consider\u00e1vel, chegando a entrar em coma. Questionada sobre poss\u00edveis sequelas, a equipe m\u00e9dica que a acompanhava chegou a dizer que o maior desafio era \u201cmant\u00ea-la viva\u201d.<\/p>\n\n\n\n<h2 class=\"wp-block-heading\" id=\"carreira\">Carreira<\/h2>\n\n\n\n<p class=\"wp-block-paragraph\">Paulinha Abelha tinha 43 anos e iniciou sua carreira art\u00edstica ainda adolescente em cidades do interior de Sergipe.<\/p>\n\n\n\n<p class=\"wp-block-paragraph\">Chegou a ter a sua pr\u00f3pria banda, chamada Flor de Mel, mas precisou desistir do projeto por causa de problemas financeiros.<\/p>\n\n\n\n<p class=\"wp-block-paragraph\">Anos depois entrou para o Calcinha Preta, ganhando proje\u00e7\u00e3o nacional. Ficou 12 anos na banda antes de ir para o GDO do Forr\u00f3, mas voltou pouco tempo depois ao Calcinha, onde ficou mais 6 anos e manteve um projeto paralelo chamado &#8220;Paulinha &amp; Marlus&#8221;, onde fazia dupla com seu ent\u00e3o marido Marlus Viana.<\/p>\n\n\n\n<p class=\"wp-block-paragraph\">Deixou o Calcinha Preta em 2016, mas voltou ao seu posto de vocalista do grupo em 2018 onde ficou at\u00e9 sua morte.<\/p>\n\n\n\n<figure class=\"wp-block-embed aligncenter is-type-video is-provider-youtube wp-block-embed-youtube wp-embed-aspect-16-9 wp-has-aspect-ratio\"><div class=\"wp-block-embed__wrapper\">\n<iframe loading=\"lazy\" title=\"LIGA PRA MIM   PREVIA DVD\" width=\"880\" height=\"495\" src=\"https:\/\/www.youtube.com\/embed\/bF4dC5k7VEA?feature=oembed\" frameborder=\"0\" allow=\"accelerometer; autoplay; clipboard-write; encrypted-media; gyroscope; picture-in-picture; web-share\" allowfullscreen><\/iframe>\n<\/div><\/figure>","protected":false},"excerpt":{"rendered":"<p>Faleceu nesta quarta-feira (23), a cantora Paulinha Abelha, vocalista da banda de forr\u00f3 Calcinha Preta. Ela foi internada na UTI de um hospital de Aracaju no dia 11 de fevereiro com problemas renais. A informa\u00e7\u00e3o foi de falecimento foi confirmada pela assessoria de comunica\u00e7\u00e3o do Hospital Primavera. De acordo com a nota, a cantora morreu [&hellip;]<\/p>\n","protected":false},"author":1,"featured_media":104931,"comment_status":"closed","ping_status":"open","sticky":false,"template":"","format":"standard","meta":{"footnotes":""},"categories":[173,154],"tags":[10052,10556],"class_list":["post-104941","post","type-post","status-publish","format-standard","has-post-thumbnail","hentry","category-celebridades","category-musica","tag-calcinha-preta","tag-paulinha-abelha"],"_links":{"self":[{"href":"https:\/\/portalpopmais.com.br\/en\/wp-json\/wp\/v2\/posts\/104941","targetHints":{"allow":["GET"]}}],"collection":[{"href":"https:\/\/portalpopmais.com.br\/en\/wp-json\/wp\/v2\/posts"}],"about":[{"href":"https:\/\/portalpopmais.com.br\/en\/wp-json\/wp\/v2\/types\/post"}],"author":[{"embeddable":true,"href":"https:\/\/portalpopmais.com.br\/en\/wp-json\/wp\/v2\/users\/1"}],"replies":[{"embeddable":true,"href":"https:\/\/portalpopmais.com.br\/en\/wp-json\/wp\/v2\/comments?post=104941"}],"version-history":[{"count":0,"href":"https:\/\/portalpopmais.com.br\/en\/wp-json\/wp\/v2\/posts\/104941\/revisions"}],"wp:featuredmedia":[{"embeddable":true,"href":"https:\/\/portalpopmais.com.br\/en\/wp-json\/wp\/v2\/media\/104931"}],"wp:attachment":[{"href":"https:\/\/portalpopmais.com.br\/en\/wp-json\/wp\/v2\/media?parent=104941"}],"wp:term":[{"taxonomy":"category","embeddable":true,"href":"https:\/\/portalpopmais.com.br\/en\/wp-json\/wp\/v2\/categories?post=104941"},{"taxonomy":"post_tag","embeddable":true,"href":"https:\/\/portalpopmais.com.br\/en\/wp-json\/wp\/v2\/tags?post=104941"}],"curies":[{"name":"wp","href":"https:\/\/api.w.org\/{rel}","templated":true}]}}