{"id":105821,"date":"2022-02-25T13:10:35","date_gmt":"2022-02-25T16:10:35","guid":{"rendered":"https:\/\/portalpopmais.com.br\/?p=105821"},"modified":"2022-02-25T13:10:47","modified_gmt":"2022-02-25T16:10:47","slug":"globo-elenco-novela-apurar-racismo-diretor","status":"publish","type":"post","link":"https:\/\/portalpopmais.com.br\/en\/globo-elenco-novela-apurar-racismo-diretor\/","title":{"rendered":"Ap\u00f3s afastamento de diretor, Globo convoca elenco de novela para apurar acusa\u00e7\u00f5es de racismo"},"content":{"rendered":"<p>Segundo informa\u00e7\u00f5es divulgadas pelo Not\u00edcias da TV, a <a href=\"https:\/\/portalpopmais.com.br\/en\/lazaro-ramos-deixa-tv-globo\/\" target=\"_blank\" data-type=\"post\" data-id=\"92577\" rel=\"noreferrer noopener\">TV Globo<\/a> estaria convocando o elenco da novela das 18h, \u201cNos Tempos do Imperador\u201d, para apurar acusa\u00e7\u00f5es de racismo. O diretor art\u00edstico Vin\u00edcius Coimbra, que seria respons\u00e1vel pela pr\u00f3xima novela das 21h, \u201cMar do Sert\u00e3o&#8221;, j\u00e1 foi afastado de suas <a href=\"http:\/\/instagram.com\/portalpopmais\" target=\"_blank\" rel=\"noopener\">fun\u00e7\u00f5es<\/a>.<\/p>\n\n\n\n<p>Conforme j\u00e1 noticiado, o elenco negro do folhetim era tratado diferente nos bastidores, chegando a separa\u00e7\u00e3o de camarins e em documentos existiam marca\u00e7\u00f5es de elenco com pessoas negras e pessoas brancas. A alta c\u00fapula da Plim Plim j\u00e1 vinha sendo avisada sobre esse acontecimentos, mas, s\u00f3 come\u00e7ou a agir depois que o caso ganhou grande repercuss\u00e3o. As atrizes Roberta Rodrigues, Cinara Leal e Dani Ornellas, foram as primeiras a denunciarem o tratamento diferenciado, a emissora na \u00e9poca disse que iria resolver, por\u00e9m nada foi feito.<\/p>\n\n\n\n<p>A novela, chegou a desagradar o p\u00fablico com algumas cenas, que possu\u00edam descaradamente teor racistas em suas falas, como por exemplo, uma cena que abordou o racismo reverso. \u00c9 tanto que a Globo precisou chamar especialistas para ler o texto e mostrar o que precisava ser modificado.<\/p>\n\n\n\n<p>Agora, o elenco segue sendo entrevistado para apurar o caso, a atriz Mariana Ximenes deve ser chamada em breve para depor, ela foi uma das primeiras a tentar entender e resolver essa situa\u00e7\u00e3o. Os atores que interpretaram, a Pilar e o Samuel, Gabriela Medvedovski e Michel Gomes respectivamente, j\u00e1 foram entrevistados.<\/p>","protected":false},"excerpt":{"rendered":"<p>Segundo informa\u00e7\u00f5es divulgadas pelo Not\u00edcias da TV, a TV Globo estaria convocando o elenco da novela das 18h, \u201cNos Tempos do Imperador\u201d, para apurar acusa\u00e7\u00f5es de racismo. O diretor art\u00edstico Vin\u00edcius Coimbra, que seria respons\u00e1vel pela pr\u00f3xima novela das 21h, \u201cMar do Sert\u00e3o&#8221;, j\u00e1 foi afastado de suas fun\u00e7\u00f5es. Conforme j\u00e1 noticiado, o elenco negro [&hellip;]<\/p>\n","protected":false},"author":2,"featured_media":98436,"comment_status":"closed","ping_status":"open","sticky":false,"template":"","format":"standard","meta":{"footnotes":""},"categories":[181],"tags":[8735,1665],"class_list":["post-105821","post","type-post","status-publish","format-standard","has-post-thumbnail","hentry","category-televisao","tag-nos-tempos-do-imperador","tag-tv-globo"],"_links":{"self":[{"href":"https:\/\/portalpopmais.com.br\/en\/wp-json\/wp\/v2\/posts\/105821","targetHints":{"allow":["GET"]}}],"collection":[{"href":"https:\/\/portalpopmais.com.br\/en\/wp-json\/wp\/v2\/posts"}],"about":[{"href":"https:\/\/portalpopmais.com.br\/en\/wp-json\/wp\/v2\/types\/post"}],"author":[{"embeddable":true,"href":"https:\/\/portalpopmais.com.br\/en\/wp-json\/wp\/v2\/users\/2"}],"replies":[{"embeddable":true,"href":"https:\/\/portalpopmais.com.br\/en\/wp-json\/wp\/v2\/comments?post=105821"}],"version-history":[{"count":0,"href":"https:\/\/portalpopmais.com.br\/en\/wp-json\/wp\/v2\/posts\/105821\/revisions"}],"wp:featuredmedia":[{"embeddable":true,"href":"https:\/\/portalpopmais.com.br\/en\/wp-json\/wp\/v2\/media\/98436"}],"wp:attachment":[{"href":"https:\/\/portalpopmais.com.br\/en\/wp-json\/wp\/v2\/media?parent=105821"}],"wp:term":[{"taxonomy":"category","embeddable":true,"href":"https:\/\/portalpopmais.com.br\/en\/wp-json\/wp\/v2\/categories?post=105821"},{"taxonomy":"post_tag","embeddable":true,"href":"https:\/\/portalpopmais.com.br\/en\/wp-json\/wp\/v2\/tags?post=105821"}],"curies":[{"name":"wp","href":"https:\/\/api.w.org\/{rel}","templated":true}]}}