{"id":106340,"date":"2022-03-01T07:10:37","date_gmt":"2022-03-01T10:10:37","guid":{"rendered":"https:\/\/portalpopmais.com.br\/?p=106340"},"modified":"2022-03-01T07:10:44","modified_gmt":"2022-03-01T10:10:44","slug":"tadeu-schmidt-debocha-eliezer-ao-vivo-video-bbb22","status":"publish","type":"post","link":"https:\/\/portalpopmais.com.br\/en\/tadeu-schmidt-debocha-eliezer-ao-vivo-video-bbb22\/","title":{"rendered":"BBB22: Tadeu Schmidt debocha de Eliezer ao vivo: &#8220;ficou bolado&#8221;; veja v\u00eddeo"},"content":{"rendered":"<p class=\"wp-block-paragraph\">Na noite desta segunda-feira (28) apresentador do <strong><a href=\"http:\/\/instagram.com\/portalpopmais\" target=\"_blank\" rel=\"noopener\">BBB22<\/a><\/strong>, <strong><a href=\"https:\/\/portalpopmais.com.br\/en\/bbb22-tadeu-schmidt-repercute-desistencia-tiago-abravanel\/\" target=\"_blank\" data-type=\"post\" data-id=\"106287\" rel=\"noreferrer noopener\">Tadeu Schmidt<\/a><\/strong>, debochou de Eliezer ao relembrar os acontecimentos no programa ap\u00f3s a forma\u00e7\u00e3o do pared\u00e3o no dia anterior. Ao vivo, o ex-Fant\u00e1stico apontou que o empres\u00e1rio acredita ter sido votado por Nat\u00e1lia, mas a informa\u00e7\u00e3o ele tirou de sua pr\u00f3pria cabe\u00e7a. <\/p>\n\n\n\n<p class=\"wp-block-paragraph\"><em>&#8220;E falando em rela\u00e7\u00f5es ontem o Eli ficou bolado com a Nat\u00e1lia. Ele cismou que ela tinha votado nele, s\u00f3 que isso n\u00e3o aconteceu&#8221;, <\/em>disparou Tadeu Schmidt ao vivo, e em tom de deboche antes da exibi\u00e7\u00e3o do VT.<\/p>\n\n\n\n<h2 class=\"wp-block-heading\">Leia tamb\u00e9m<\/h2>\n\n\n<ul class=\"wp-block-latest-posts__list is-grid aligncenter wp-block-latest-posts is-layout-flow wp-block-latest-posts-is-layout-flow\"><li><div class=\"wp-block-latest-posts__featured-image\"><a href=\"https:\/\/portalpopmais.com.br\/en\/brasileira-expulsa-de-reality-argentina\/\" aria-label=\"Quem \u00e9 a brasileira expulsa de reality na Argentina ap\u00f3s confus\u00e3o\"><img loading=\"lazy\" decoding=\"async\" width=\"768\" height=\"456\" src=\"https:\/\/portalpopmais.com.br\/wp-content\/uploads\/2026\/08\/brasileira-expulsa-reality-argentina-portalpopmais-768x456.png\" class=\"attachment-medium size-medium wp-post-image\" alt=\"brasileira expulsa reality argentina portalpopmais\" style=\"\" srcset=\"https:\/\/portalpopmais.com.br\/wp-content\/uploads\/2026\/08\/brasileira-expulsa-reality-argentina-portalpopmais-768x456.png 768w, https:\/\/portalpopmais.com.br\/wp-content\/uploads\/2026\/08\/brasileira-expulsa-reality-argentina-portalpopmais-1170x694.png 1170w, https:\/\/portalpopmais.com.br\/wp-content\/uploads\/2026\/08\/brasileira-expulsa-reality-argentina-portalpopmais-18x10.png 18w\" sizes=\"auto, (max-width: 768px) 100vw, 768px\" title=\"\"><\/a><\/div><a class=\"wp-block-latest-posts__post-title\" href=\"https:\/\/portalpopmais.com.br\/en\/brasileira-expulsa-de-reality-argentina\/\">Quem \u00e9 a brasileira expulsa de reality na Argentina ap\u00f3s confus\u00e3o<\/a><\/li>\n<li><div class=\"wp-block-latest-posts__featured-image\"><a href=\"https:\/\/portalpopmais.com.br\/en\/quem-e-lucas-cardoso-participante-do-rancho-maia-que-viralizou\/\" aria-label=\"Quem \u00e9 Lucas Cardoso, participante do Rancho Maia que viralizou\"><img loading=\"lazy\" decoding=\"async\" width=\"768\" height=\"456\" src=\"https:\/\/portalpopmais.com.br\/wp-content\/uploads\/2026\/08\/lucas-cardoso-768x456.png\" class=\"attachment-medium size-medium wp-post-image\" alt=\"lucas cardoso\" style=\"\" title=\"\"><\/a><\/div><a class=\"wp-block-latest-posts__post-title\" href=\"https:\/\/portalpopmais.com.br\/en\/quem-e-lucas-cardoso-participante-do-rancho-maia-que-viralizou\/\">Quem \u00e9 Lucas Cardoso, participante do Rancho Maia que viralizou<\/a><\/li>\n<li><div class=\"wp-block-latest-posts__featured-image\"><a href=\"https:\/\/portalpopmais.com.br\/en\/davi-brito-desiste-luta-rico-melquiades\/\" aria-label=\"Davi Brito vira &#8220;piada&#8221; na web ap\u00f3s desistir de luta contra Rico Melquiades\"><img loading=\"lazy\" decoding=\"async\" width=\"768\" height=\"456\" src=\"https:\/\/portalpopmais.com.br\/wp-content\/uploads\/2026\/08\/Davi-Brito-vira-piada-na-web-apos-desistir-de-luta-contra-Rico-Melquiades-768x456.png\" class=\"attachment-medium size-medium wp-post-image\" alt=\"Davi Brito vira piada na web ap\u00f3s desistir de luta contra Rico Melquiades\" style=\"\" srcset=\"https:\/\/portalpopmais.com.br\/wp-content\/uploads\/2026\/08\/Davi-Brito-vira-piada-na-web-apos-desistir-de-luta-contra-Rico-Melquiades-768x456.png 768w, https:\/\/portalpopmais.com.br\/wp-content\/uploads\/2026\/08\/Davi-Brito-vira-piada-na-web-apos-desistir-de-luta-contra-Rico-Melquiades-1170x694.png 1170w, https:\/\/portalpopmais.com.br\/wp-content\/uploads\/2026\/08\/Davi-Brito-vira-piada-na-web-apos-desistir-de-luta-contra-Rico-Melquiades-18x10.png 18w\" sizes=\"auto, (max-width: 768px) 100vw, 768px\" title=\"\"><\/a><\/div><a class=\"wp-block-latest-posts__post-title\" href=\"https:\/\/portalpopmais.com.br\/en\/davi-brito-desiste-luta-rico-melquiades\/\">Davi Brito vira &#8220;piada&#8221; na web ap\u00f3s desistir de luta contra Rico Melquiades<\/a><\/li>\n<\/ul>\n\n\n<h2 class=\"wp-block-heading\">Entenda<\/h2>\n\n\n\n<p class=\"wp-block-paragraph\">Logo ap\u00f3s o fim do programa de domingo, a modelo foi abra\u00e7ar Eli, e disse ter ficado feliz por ele n\u00e3o ter ido ao pared\u00e3o. Por\u00e9m, o amigo de Vyni interpretou a conversa como uma confiss\u00e3o por parte da mineira, e resolveu espalhar a fofoca pela casa.<\/p>\n\n\n\n<p class=\"wp-block-paragraph\">Ao entrar no quarto lollipop Eliezer fez quest\u00e3o de falar sobre a situa\u00e7\u00e3o com as meninas que estavam conversando. No mesmo instante, Nat\u00e1lia entrou no quarto para falar sobre a janta da xepa e o empres\u00e1rio n\u00e3o teve coragem de tirar a hist\u00f3ria a limpo. <\/p>\n\n\n\n<p class=\"wp-block-paragraph\">Assista:<\/p>\n\n\n\n<figure class=\"wp-block-embed aligncenter is-type-rich is-provider-twitter wp-block-embed-twitter\"><div class=\"wp-block-embed__wrapper\">\nhttps:\/\/twitter.com\/niconatv\/status\/1498475447537094659\n<\/div><\/figure>\n\n\n\n<p class=\"wp-block-paragraph\"><\/p>","protected":false},"excerpt":{"rendered":"<p>Na noite desta segunda-feira (28) apresentador do BBB22, Tadeu Schmidt, debochou de Eliezer ao relembrar os acontecimentos no programa ap\u00f3s a forma\u00e7\u00e3o do pared\u00e3o no dia anterior. Ao vivo, o ex-Fant\u00e1stico apontou que o empres\u00e1rio acredita ter sido votado por Nat\u00e1lia, mas a informa\u00e7\u00e3o ele tirou de sua pr\u00f3pria cabe\u00e7a. &#8220;E falando em rela\u00e7\u00f5es ontem [&hellip;]<\/p>\n","protected":false},"author":2,"featured_media":106342,"comment_status":"closed","ping_status":"open","sticky":false,"template":"","format":"standard","meta":{"footnotes":""},"categories":[8605],"tags":[8624,10385,9193],"class_list":["post-106340","post","type-post","status-publish","format-standard","has-post-thumbnail","hentry","category-realities","tag-bbb22","tag-eliezer","tag-tadeu-schmidt"],"_links":{"self":[{"href":"https:\/\/portalpopmais.com.br\/en\/wp-json\/wp\/v2\/posts\/106340","targetHints":{"allow":["GET"]}}],"collection":[{"href":"https:\/\/portalpopmais.com.br\/en\/wp-json\/wp\/v2\/posts"}],"about":[{"href":"https:\/\/portalpopmais.com.br\/en\/wp-json\/wp\/v2\/types\/post"}],"author":[{"embeddable":true,"href":"https:\/\/portalpopmais.com.br\/en\/wp-json\/wp\/v2\/users\/2"}],"replies":[{"embeddable":true,"href":"https:\/\/portalpopmais.com.br\/en\/wp-json\/wp\/v2\/comments?post=106340"}],"version-history":[{"count":0,"href":"https:\/\/portalpopmais.com.br\/en\/wp-json\/wp\/v2\/posts\/106340\/revisions"}],"wp:featuredmedia":[{"embeddable":true,"href":"https:\/\/portalpopmais.com.br\/en\/wp-json\/wp\/v2\/media\/106342"}],"wp:attachment":[{"href":"https:\/\/portalpopmais.com.br\/en\/wp-json\/wp\/v2\/media?parent=106340"}],"wp:term":[{"taxonomy":"category","embeddable":true,"href":"https:\/\/portalpopmais.com.br\/en\/wp-json\/wp\/v2\/categories?post=106340"},{"taxonomy":"post_tag","embeddable":true,"href":"https:\/\/portalpopmais.com.br\/en\/wp-json\/wp\/v2\/tags?post=106340"}],"curies":[{"name":"wp","href":"https:\/\/api.w.org\/{rel}","templated":true}]}}