{"id":107169,"date":"2022-03-09T13:37:18","date_gmt":"2022-03-09T16:37:18","guid":{"rendered":"https:\/\/portalpopmais.com.br\/?p=107169"},"modified":"2022-03-09T13:37:26","modified_gmt":"2022-03-09T16:37:26","slug":"juliana-paes-deixa-tv-globo-apos-21-anos","status":"publish","type":"post","link":"https:\/\/portalpopmais.com.br\/en\/juliana-paes-deixa-tv-globo-apos-21-anos\/","title":{"rendered":"Juliana Paes encerra contrato com a Globo ap\u00f3s 21 anos"},"content":{"rendered":"<p>A atriz <strong><a href=\"https:\/\/portalpopmais.com.br\/en\/juliana-paes-cai-golpe-perde-500-mil\/\" data-type=\"post\" data-id=\"90164\">Juliana Paes<\/a><\/strong> anunciou em suas redes sociais que n\u00e3o faz mais parte do elenco fixo da <a href=\"http:\/\/instagram.com\/portalpopmais\" target=\"_blank\" rel=\"noopener\">Globo<\/a>. A atriz, que estar\u00e1 na novela &#8220;Pantanal&#8221;, novo folhetim das 21h da emissora, postou no Instagram uma foto segurando seu crach\u00e1.<\/p>\n\n\n\n<p><em>&#8220;21 anos. Tornou-se plena a maioridade do tempo que passei nesta casa t\u00e3o maternal, o que a Globo sempre foi pra mim. Sigo de uma nova maneira, n\u00e3o mais com contratos fixos, mas por obra. Minha decis\u00e3o vem sendo conversada h\u00e1 um tempo e foi aceita com muito respeito e carinho pela dire\u00e7\u00e3o&#8221;<\/em>, escreveu ela na legenda.<\/p>\n\n\n\n<p><em>&#8220;N\u00e3o farei desta mensagem uma despedida, pois ainda estarei nas telas da emissora em Pantanal at\u00e9 o meio do ano; com um novo projeto que come\u00e7aremos a gravar este m\u00eas e depois em projetos futuros com novos estilos de contrato. Assim seguiremos&#8221;<\/em>, continuou.<\/p>\n\n\n\n<p><em>&#8220;Aproveito o ensejo pra dizer que tenho um orgulho danado dessa casa e que cada vez em que ponho os p\u00e9s ali, seja nos est\u00fadios ou nas externas, eu me sinto feliz, feliz com meus colegas, feliz com minhas equipes, feliz por estar numa empresa que considera tanto o meu of\u00edcio. Feliz!!! Sou uma grande privilegiada por fazer parte da hist\u00f3ria da TV brasileira pelas m\u00e3os da Globo<\/em>&#8220;, finalizou.<\/p>\n\n\n\n<figure class=\"wp-block-embed is-type-rich is-provider-instagram wp-block-embed-instagram\"><div class=\"wp-block-embed__wrapper\">\nhttps:\/\/www.instagram.com\/p\/Ca4ydz4OZZl\/\n<\/div><\/figure>","protected":false},"excerpt":{"rendered":"<p>A atriz Juliana Paes anunciou em suas redes sociais que n\u00e3o faz mais parte do elenco fixo da Globo. A atriz, que estar\u00e1 na novela &#8220;Pantanal&#8221;, novo folhetim das 21h da emissora, postou no Instagram uma foto segurando seu crach\u00e1. &#8220;21 anos. Tornou-se plena a maioridade do tempo que passei nesta casa t\u00e3o maternal, o [&hellip;]<\/p>\n","protected":false},"author":1,"featured_media":84516,"comment_status":"closed","ping_status":"open","sticky":false,"template":"","format":"standard","meta":{"footnotes":""},"categories":[181],"tags":[6094],"class_list":["post-107169","post","type-post","status-publish","format-standard","has-post-thumbnail","hentry","category-televisao","tag-juliana-paes"],"_links":{"self":[{"href":"https:\/\/portalpopmais.com.br\/en\/wp-json\/wp\/v2\/posts\/107169","targetHints":{"allow":["GET"]}}],"collection":[{"href":"https:\/\/portalpopmais.com.br\/en\/wp-json\/wp\/v2\/posts"}],"about":[{"href":"https:\/\/portalpopmais.com.br\/en\/wp-json\/wp\/v2\/types\/post"}],"author":[{"embeddable":true,"href":"https:\/\/portalpopmais.com.br\/en\/wp-json\/wp\/v2\/users\/1"}],"replies":[{"embeddable":true,"href":"https:\/\/portalpopmais.com.br\/en\/wp-json\/wp\/v2\/comments?post=107169"}],"version-history":[{"count":0,"href":"https:\/\/portalpopmais.com.br\/en\/wp-json\/wp\/v2\/posts\/107169\/revisions"}],"wp:featuredmedia":[{"embeddable":true,"href":"https:\/\/portalpopmais.com.br\/en\/wp-json\/wp\/v2\/media\/84516"}],"wp:attachment":[{"href":"https:\/\/portalpopmais.com.br\/en\/wp-json\/wp\/v2\/media?parent=107169"}],"wp:term":[{"taxonomy":"category","embeddable":true,"href":"https:\/\/portalpopmais.com.br\/en\/wp-json\/wp\/v2\/categories?post=107169"},{"taxonomy":"post_tag","embeddable":true,"href":"https:\/\/portalpopmais.com.br\/en\/wp-json\/wp\/v2\/tags?post=107169"}],"curies":[{"name":"wp","href":"https:\/\/api.w.org\/{rel}","templated":true}]}}