{"id":107238,"date":"2022-03-10T10:51:26","date_gmt":"2022-03-10T13:51:26","guid":{"rendered":"https:\/\/portalpopmais.com.br\/?p=107238"},"modified":"2022-03-10T12:39:48","modified_gmt":"2022-03-10T15:39:48","slug":"bbb22-vyni-pede-para-ver-penis-de-eliezer","status":"publish","type":"post","link":"https:\/\/portalpopmais.com.br\/en\/bbb22-vyni-pede-para-ver-penis-de-eliezer\/","title":{"rendered":"BBB22: Vyni pede para ver p\u00eanis de Eliezer"},"content":{"rendered":"<p class=\"wp-block-paragraph\">Ap\u00f3s se declarar para <a href=\"https:\/\/portalpopmais.com.br\/en\/bbb22-vyni-se-declara-elizer-amo-voce\/\" data-type=\"post\" data-id=\"107133\"><strong>Eliezer<\/strong>, afirmando que o ama mas n\u00e3o espera reciprocidade<\/a>, <strong><a href=\"http:\/\/instagram.com\/portalpopmais\" target=\"_blank\" rel=\"noreferrer noopener\">Vyni<\/a><\/strong> foi al\u00e9m durante a festa do l\u00edder que aconteceu na madrugada desta quinta-feira (10).<\/p>\n\n\n\n<p class=\"wp-block-paragraph\">Em um determinado momento, Eli acabou urinando na sala e foi intimado pelo bacharel de direito sobre n\u00e3o lavar as m\u00e3os ap\u00f3s a atividade<em>. &#8220;Vai lavar as m\u00e3os n\u00e3o?&#8221;<\/em>, disparou o influencer.<\/p>\n\n\n\n<h2 class=\"wp-block-heading\">Veja tamb\u00e9m<\/h2>\n\n\n<ul class=\"wp-block-latest-posts__list is-grid wp-block-latest-posts is-layout-flow wp-block-latest-posts-is-layout-flow\"><li><div class=\"wp-block-latest-posts__featured-image aligncenter\"><a href=\"https:\/\/portalpopmais.com.br\/en\/brasileira-expulsa-de-reality-argentina\/\" aria-label=\"Quem \u00e9 a brasileira expulsa de reality na Argentina ap\u00f3s confus\u00e3o\"><img loading=\"lazy\" decoding=\"async\" width=\"768\" height=\"456\" src=\"https:\/\/portalpopmais.com.br\/wp-content\/uploads\/2026\/08\/brasileira-expulsa-reality-argentina-portalpopmais-768x456.png\" class=\"attachment-medium size-medium wp-post-image\" alt=\"brasileira expulsa reality argentina portalpopmais\" style=\"\" srcset=\"https:\/\/portalpopmais.com.br\/wp-content\/uploads\/2026\/08\/brasileira-expulsa-reality-argentina-portalpopmais-768x456.png 768w, https:\/\/portalpopmais.com.br\/wp-content\/uploads\/2026\/08\/brasileira-expulsa-reality-argentina-portalpopmais-1170x694.png 1170w, https:\/\/portalpopmais.com.br\/wp-content\/uploads\/2026\/08\/brasileira-expulsa-reality-argentina-portalpopmais-18x10.png 18w\" sizes=\"auto, (max-width: 768px) 100vw, 768px\" title=\"\"><\/a><\/div><a class=\"wp-block-latest-posts__post-title\" href=\"https:\/\/portalpopmais.com.br\/en\/brasileira-expulsa-de-reality-argentina\/\">Quem \u00e9 a brasileira expulsa de reality na Argentina ap\u00f3s confus\u00e3o<\/a><\/li>\n<li><div class=\"wp-block-latest-posts__featured-image aligncenter\"><a href=\"https:\/\/portalpopmais.com.br\/en\/quem-e-lucas-cardoso-participante-do-rancho-maia-que-viralizou\/\" aria-label=\"Quem \u00e9 Lucas Cardoso, participante do Rancho Maia que viralizou\"><img loading=\"lazy\" decoding=\"async\" width=\"768\" height=\"456\" src=\"https:\/\/portalpopmais.com.br\/wp-content\/uploads\/2026\/08\/lucas-cardoso-768x456.png\" class=\"attachment-medium size-medium wp-post-image\" alt=\"lucas cardoso\" style=\"\" title=\"\"><\/a><\/div><a class=\"wp-block-latest-posts__post-title\" href=\"https:\/\/portalpopmais.com.br\/en\/quem-e-lucas-cardoso-participante-do-rancho-maia-que-viralizou\/\">Quem \u00e9 Lucas Cardoso, participante do Rancho Maia que viralizou<\/a><\/li>\n<li><div class=\"wp-block-latest-posts__featured-image aligncenter\"><a href=\"https:\/\/portalpopmais.com.br\/en\/davi-brito-desiste-luta-rico-melquiades\/\" aria-label=\"Davi Brito vira &#8220;piada&#8221; na web ap\u00f3s desistir de luta contra Rico Melquiades\"><img loading=\"lazy\" decoding=\"async\" width=\"768\" height=\"456\" src=\"https:\/\/portalpopmais.com.br\/wp-content\/uploads\/2026\/08\/Davi-Brito-vira-piada-na-web-apos-desistir-de-luta-contra-Rico-Melquiades-768x456.png\" class=\"attachment-medium size-medium wp-post-image\" alt=\"Davi Brito vira piada na web ap\u00f3s desistir de luta contra Rico Melquiades\" style=\"\" srcset=\"https:\/\/portalpopmais.com.br\/wp-content\/uploads\/2026\/08\/Davi-Brito-vira-piada-na-web-apos-desistir-de-luta-contra-Rico-Melquiades-768x456.png 768w, https:\/\/portalpopmais.com.br\/wp-content\/uploads\/2026\/08\/Davi-Brito-vira-piada-na-web-apos-desistir-de-luta-contra-Rico-Melquiades-1170x694.png 1170w, https:\/\/portalpopmais.com.br\/wp-content\/uploads\/2026\/08\/Davi-Brito-vira-piada-na-web-apos-desistir-de-luta-contra-Rico-Melquiades-18x10.png 18w\" sizes=\"auto, (max-width: 768px) 100vw, 768px\" title=\"\"><\/a><\/div><a class=\"wp-block-latest-posts__post-title\" href=\"https:\/\/portalpopmais.com.br\/en\/davi-brito-desiste-luta-rico-melquiades\/\">Davi Brito vira &#8220;piada&#8221; na web ap\u00f3s desistir de luta contra Rico Melquiades<\/a><\/li>\n<li><div class=\"wp-block-latest-posts__featured-image aligncenter\"><a href=\"https:\/\/portalpopmais.com.br\/en\/personal-carlinhos-maia-observa-machdove-banho\/\" aria-label=\"&#8220;H\u00e9tero&#8221;, personal de Carlinhos Maia \u00e9 flagrado observando banho de MachDove\"><img loading=\"lazy\" decoding=\"async\" width=\"768\" height=\"456\" src=\"https:\/\/portalpopmais.com.br\/wp-content\/uploads\/2026\/08\/personal-carlinhos-maia-observa-machdove-banho-768x456.png\" class=\"attachment-medium size-medium wp-post-image\" alt=\"personal carlinhos maia observa machdove banho\" style=\"\" srcset=\"https:\/\/portalpopmais.com.br\/wp-content\/uploads\/2026\/08\/personal-carlinhos-maia-observa-machdove-banho-768x456.png 768w, https:\/\/portalpopmais.com.br\/wp-content\/uploads\/2026\/08\/personal-carlinhos-maia-observa-machdove-banho-1170x694.png 1170w, https:\/\/portalpopmais.com.br\/wp-content\/uploads\/2026\/08\/personal-carlinhos-maia-observa-machdove-banho-18x10.png 18w\" sizes=\"auto, (max-width: 768px) 100vw, 768px\" title=\"\"><\/a><\/div><a class=\"wp-block-latest-posts__post-title\" href=\"https:\/\/portalpopmais.com.br\/en\/personal-carlinhos-maia-observa-machdove-banho\/\">&#8220;H\u00e9tero&#8221;, personal de Carlinhos Maia \u00e9 flagrado observando banho de MachDove<\/a><\/li>\n<li><div class=\"wp-block-latest-posts__featured-image aligncenter\"><a href=\"https:\/\/portalpopmais.com.br\/en\/video-andressa-urach-e-mc-mirella-protagonizam-barraco-e-partem-para-agressao\/\" aria-label=\"V\u00eddeo: Andressa Urach e MC Mirella protagonizam barraco e partem para agress\u00e3o\"><img loading=\"lazy\" decoding=\"async\" width=\"768\" height=\"456\" src=\"https:\/\/portalpopmais.com.br\/wp-content\/uploads\/2026\/08\/video-briga-urach-mirella-rancho-maia-768x456.png\" class=\"attachment-medium size-medium wp-post-image\" alt=\"video briga urach mirella rancho maia\" style=\"\" srcset=\"https:\/\/portalpopmais.com.br\/wp-content\/uploads\/2026\/08\/video-briga-urach-mirella-rancho-maia-768x456.png 768w, https:\/\/portalpopmais.com.br\/wp-content\/uploads\/2026\/08\/video-briga-urach-mirella-rancho-maia-1170x694.png 1170w\" sizes=\"auto, (max-width: 768px) 100vw, 768px\" title=\"\"><\/a><\/div><a class=\"wp-block-latest-posts__post-title\" href=\"https:\/\/portalpopmais.com.br\/en\/video-andressa-urach-e-mc-mirella-protagonizam-barraco-e-partem-para-agressao\/\">V\u00eddeo: Andressa Urach e MC Mirella protagonizam barraco e partem para agress\u00e3o<\/a><\/li>\n<li><div class=\"wp-block-latest-posts__featured-image aligncenter\"><a href=\"https:\/\/portalpopmais.com.br\/en\/carlinhos-maia-e-anderson-neiff-fazem-se-beijam-no-rancho-maia-veja-video\/\" aria-label=\"Carlinhos Maia e Anderson Neiff se beijam no Rancho Maia; veja v\u00eddeo\"><img loading=\"lazy\" decoding=\"async\" width=\"768\" height=\"456\" src=\"https:\/\/portalpopmais.com.br\/wp-content\/uploads\/2026\/08\/Carlinhos-Maia-e-Anderson-Neiff-768x456.png\" class=\"attachment-medium size-medium wp-post-image\" alt=\"Carlinhos Maia e Anderson Neiff\" style=\"\" srcset=\"https:\/\/portalpopmais.com.br\/wp-content\/uploads\/2026\/08\/Carlinhos-Maia-e-Anderson-Neiff-768x456.png 768w, https:\/\/portalpopmais.com.br\/wp-content\/uploads\/2026\/08\/Carlinhos-Maia-e-Anderson-Neiff-1170x694.png 1170w, https:\/\/portalpopmais.com.br\/wp-content\/uploads\/2026\/08\/Carlinhos-Maia-e-Anderson-Neiff-18x10.png 18w\" sizes=\"auto, (max-width: 768px) 100vw, 768px\" title=\"\"><\/a><\/div><a class=\"wp-block-latest-posts__post-title\" href=\"https:\/\/portalpopmais.com.br\/en\/carlinhos-maia-e-anderson-neiff-fazem-se-beijam-no-rancho-maia-veja-video\/\">Carlinhos Maia e Anderson Neiff se beijam no Rancho Maia; veja v\u00eddeo<\/a><\/li>\n<\/ul>\n\n\n<p class=\"wp-block-paragraph\">Eli responde sem entender:<em> &#8220;Oxe! O que eu fiz agora?&#8221;<\/em>.<\/p>\n\n\n\n<p class=\"wp-block-paragraph\">Vyni ent\u00e3o repete sobre a falta de higiene do rapaz. <em>&#8220;N\u00e3o lavar a m\u00e3o&#8221;,<\/em> disse.<\/p>\n\n\n\n<p class=\"wp-block-paragraph\">&#8220;<em>Meu piru \u00e9 limpo, caralho&#8221;, <\/em>rebateu o designer. Vyni ent\u00e3o aproveita a deixa e faz um pedido inusitado:<em> &#8220;Deixa eu ver.&#8221;<\/em> Eli se esquiva do pedido e leva na esportiva.<\/p>\n\n\n\n<h2 class=\"wp-block-heading\">Tentou filmar p\u00eanis de Eliezer<\/h2>\n\n\n\n<p class=\"wp-block-paragraph\">Vyni acabou repreendido pela produ\u00e7\u00e3o do BBB22, na \u00faltima ter\u00e7a-feira (8\/3), ap\u00f3s tentar filmar o p\u00eanis de Eliezer, enquanto o brother estava deitado na sala. Como resultado da tentativa, o big boss mandou um \u201caten\u00e7\u00e3o\u201d nas telas que ficam espalhadas pela casa mais vigiada do Brasil.<\/p>\n\n\n\n<p class=\"wp-block-paragraph\">Ao ver Vyni com o celular na m\u00e3o, focando em sua genital, Eli logo tratou de questionar. <em>\u201cO que voc\u00ea vai fazer?\u201d<\/em>, questionou o designer.<em> \u201cTira a m\u00e3o\u201d<\/em>, pediu o cearense, colocando a parte \u00edntima de seu aliado no centro da imagem.<em> \u201cN\u00e3o, n\u00e3o\u201d,<\/em> repreendeu o carioca.<\/p>\n\n\n\n<p class=\"wp-block-paragraph\">O influencer continuou insistindo.<em> \u201cJ\u00e1 fiz isso com o Gustavo\u201d<\/em>, argumentou.<em> \u201cTirar uma foto, P\u00e3o de A\u00e7ucar\u201d<\/em>, continuou ele, tirando a foto mesmo sem autoriza\u00e7\u00e3o. Foi nesse momento que a produ\u00e7\u00e3o emitiu a chamada de aten\u00e7\u00e3o.<\/p>\n\n\n\n<p class=\"wp-block-paragraph\"><em>\u201cEu n\u00e3o sei o que \u00e9. Vin\u00edcius, aten\u00e7\u00e3o.. sei l\u00e1\u201d<\/em>, tentou desconversar Vyni. Paulo Andr\u00e9, que estava pr\u00f3ximo da cena e a assistiu por completo, argumentou: <em>\u201cDetalhes obscenos, talvez\u201d. <\/em>Enquanto isso, o cearense andava de um lado para o outro e tentava disfar\u00e7ar, visivelmente incomodado, a bronca que levou.<\/p>\n\n\n\n<center><blockquote class=\"twitter-tweet\"><p lang=\"pt\" dir=\"ltr\">GENTE \ud83d\ude33<br>Vyni tomou &#8220;aten\u00e7\u00e3o&#8221; da produ\u00e7\u00e3o depois de ter tentado filmar o p\u00eanis de Eliezer.<br><br>Foi longe demais? <a href=\"https:\/\/twitter.com\/hashtag\/BBB22?src=hash&amp;ref_src=twsrc%5Etfw\" target=\"_blank\" rel=\"noopener\">#BBB22<\/a> <a href=\"https:\/\/t.co\/M2I0KtOwLM\">pic.twitter.com\/M2I0KtOwLM<\/a><\/p>\u2014 SPLASH CELEBS (@Splash_Celebs) <a href=\"https:\/\/twitter.com\/Splash_Celebs\/status\/1501355500524298242?ref_src=twsrc%5Etfw\" target=\"_blank\" rel=\"noopener\">March 9, 2022<\/a><\/blockquote> <script async=\"\" src=\"https:\/\/platform.twitter.com\/widgets.js\" charset=\"utf-8\"><\/script><\/center>","protected":false},"excerpt":{"rendered":"<p>Ap\u00f3s se declarar para Eliezer, afirmando que o ama mas n\u00e3o espera reciprocidade, Vyni foi al\u00e9m durante a festa do l\u00edder que aconteceu na madrugada desta quinta-feira (10). Em um determinado momento, Eli acabou urinando na sala e foi intimado pelo bacharel de direito sobre n\u00e3o lavar as m\u00e3os ap\u00f3s a atividade. &#8220;Vai lavar as [&hellip;]<\/p>\n","protected":false},"author":2,"featured_media":107240,"comment_status":"closed","ping_status":"open","sticky":false,"template":"","format":"standard","meta":{"footnotes":""},"categories":[8605],"tags":[8624,10830,10395],"class_list":["post-107238","post","type-post","status-publish","format-standard","has-post-thumbnail","hentry","category-realities","tag-bbb22","tag-elizer","tag-vyni"],"_links":{"self":[{"href":"https:\/\/portalpopmais.com.br\/en\/wp-json\/wp\/v2\/posts\/107238","targetHints":{"allow":["GET"]}}],"collection":[{"href":"https:\/\/portalpopmais.com.br\/en\/wp-json\/wp\/v2\/posts"}],"about":[{"href":"https:\/\/portalpopmais.com.br\/en\/wp-json\/wp\/v2\/types\/post"}],"author":[{"embeddable":true,"href":"https:\/\/portalpopmais.com.br\/en\/wp-json\/wp\/v2\/users\/2"}],"replies":[{"embeddable":true,"href":"https:\/\/portalpopmais.com.br\/en\/wp-json\/wp\/v2\/comments?post=107238"}],"version-history":[{"count":0,"href":"https:\/\/portalpopmais.com.br\/en\/wp-json\/wp\/v2\/posts\/107238\/revisions"}],"wp:featuredmedia":[{"embeddable":true,"href":"https:\/\/portalpopmais.com.br\/en\/wp-json\/wp\/v2\/media\/107240"}],"wp:attachment":[{"href":"https:\/\/portalpopmais.com.br\/en\/wp-json\/wp\/v2\/media?parent=107238"}],"wp:term":[{"taxonomy":"category","embeddable":true,"href":"https:\/\/portalpopmais.com.br\/en\/wp-json\/wp\/v2\/categories?post=107238"},{"taxonomy":"post_tag","embeddable":true,"href":"https:\/\/portalpopmais.com.br\/en\/wp-json\/wp\/v2\/tags?post=107238"}],"curies":[{"name":"wp","href":"https:\/\/api.w.org\/{rel}","templated":true}]}}