{"id":10831,"date":"2018-09-08T17:09:59","date_gmt":"2018-09-08T17:09:59","guid":{"rendered":"http:\/\/popmais.com.br\/?p=10831"},"modified":"2018-09-08T17:09:59","modified_gmt":"2018-09-08T17:09:59","slug":"leo-dias-ira-se-internar-em-clinica-de-reabilitacao-para-tratar-vicio-em-drogas","status":"publish","type":"post","link":"https:\/\/portalpopmais.com.br\/en\/leo-dias-ira-se-internar-em-clinica-de-reabilitacao-para-tratar-vicio-em-drogas\/","title":{"rendered":"Leo Dias ir\u00e1 se internar em cl\u00ednica de reabilita\u00e7\u00e3o para tratar v\u00edcio em drogas"},"content":{"rendered":"<p>L\u00e9o Dias soltou um comunicado aos f\u00e3s na manh\u00e3 deste s\u00e1bado (08) via Twitter, informando que ir\u00e1 se internar em uma cl\u00ednica de reabilita\u00e7\u00e3o para combater o v\u00edcio em drogas.<\/p>\n<blockquote class=\"twitter-tweet\" data-width=\"550\" data-dnt=\"true\">\n<p lang=\"pt\" dir=\"ltr\">Muita gente faz piada do meu vicio e n\u00e3o tem ideia do quanto isso me d\u00f3i. \u00c9 uma luta di\u00e1ria. Em breve farei um novo tratamento, pe\u00e7o sinceramente que respeitem a minha dor<\/p>\n<p>&mdash; LeoDias (@euleodias) <a href=\"https:\/\/twitter.com\/euleodias\/status\/1037945890244370433?ref_src=twsrc%5Etfw\" target=\"_blank\" rel=\"noopener\">September 7, 2018<\/a><\/p><\/blockquote>\n<p><script async src=\"https:\/\/platform.twitter.com\/widgets.js\" charset=\"utf-8\"><\/script><\/p>\n<blockquote class=\"twitter-tweet\" data-width=\"550\" data-dnt=\"true\">\n<p lang=\"pt\" dir=\"ltr\">Apesar de tantos falarem do meu vicio como se fosse ligado \u00e0 falta de \u00e9tica, desculpem, mas eu trabalho muito e o destaque que as not\u00edcias que p\u00fablico tem, deve-se a um enorme esfor\u00e7o<\/p>\n<p>&mdash; LeoDias (@euleodias) <a href=\"https:\/\/twitter.com\/euleodias\/status\/1037946868448325633?ref_src=twsrc%5Etfw\" target=\"_blank\" rel=\"noopener\">September 7, 2018<\/a><\/p><\/blockquote>\n<p><script async src=\"https:\/\/platform.twitter.com\/widgets.js\" charset=\"utf-8\"><\/script><\/p>\n<blockquote class=\"twitter-tweet\" data-width=\"550\" data-dnt=\"true\">\n<p lang=\"pt\" dir=\"ltr\">Eu rezo do fundo do cora\u00e7\u00e3o para quem me ataca por conta do meu vicio, ou faz piadinhas, nunca passe pelo que passei e nem pela dor de sempre recome\u00e7ar<\/p>\n<p>&mdash; LeoDias (@euleodias) <a href=\"https:\/\/twitter.com\/euleodias\/status\/1037947457093726208?ref_src=twsrc%5Etfw\" target=\"_blank\" rel=\"noopener\">September 7, 2018<\/a><\/p><\/blockquote>\n<p><script async src=\"https:\/\/platform.twitter.com\/widgets.js\" charset=\"utf-8\"><\/script><\/p>\n<blockquote class=\"twitter-tweet\" data-width=\"550\" data-dnt=\"true\">\n<p lang=\"pt\" dir=\"ltr\">Minha terapeuta \u201cculpa\u201d o meu trabalho insalubre, meu pai acha que \u00e9 uma prova\u00e7\u00e3o de Deus. Eu sou mais simples: mas em breve mais uma tentativa se inicia<\/p>\n<p>&mdash; LeoDias (@euleodias) <a href=\"https:\/\/twitter.com\/euleodias\/status\/1037948306650001408?ref_src=twsrc%5Etfw\" target=\"_blank\" rel=\"noopener\">September 7, 2018<\/a><\/p><\/blockquote>\n<p><script async src=\"https:\/\/platform.twitter.com\/widgets.js\" charset=\"utf-8\"><\/script><\/p>\n<blockquote class=\"twitter-tweet\" data-width=\"550\" data-dnt=\"true\">\n<p lang=\"pt\" dir=\"ltr\">Por mais que me critiquem, eu trabalho para tr\u00eas grandes empesas. N\u00e3o \u00e9 para qualquer um, minha vida virou o meu trabalho<\/p>\n<p>&mdash; LeoDias (@euleodias) <a href=\"https:\/\/twitter.com\/euleodias\/status\/1037949911411646469?ref_src=twsrc%5Etfw\" target=\"_blank\" rel=\"noopener\">September 7, 2018<\/a><\/p><\/blockquote>\n<p><script async src=\"https:\/\/platform.twitter.com\/widgets.js\" charset=\"utf-8\"><\/script><\/p>\n<p>A primeira vez que L\u00e9o falou abertamente sobre o problema, foi durante sua entrevista \u00e0 revista veja Rio, no \u00faltimo m\u00eas de maio. \u00c0 publica\u00e7\u00e3o o<br \/>\napresentador do &#8220;Fofocalizando&#8221; afirmou que usa drogas desde 2000, e relatou passar noites em clado ap\u00f3s consumir ecstasy.<\/p>\n<p>Esta \u00e9 a segunda interna\u00e7\u00e3o do jornalista, a primeira foi durante o carnaval de 2012, ap\u00f3s passar dias trancado em seu apartamento no Rio.<\/p>","protected":false},"excerpt":{"rendered":"<p>L\u00e9o Dias soltou um comunicado aos f\u00e3s na manh\u00e3 deste s\u00e1bado (08) via Twitter, informando que ir\u00e1 se internar em uma cl\u00ednica de reabilita\u00e7\u00e3o para combater o v\u00edcio em drogas. Muita gente faz piada do meu vicio e n\u00e3o tem ideia do quanto isso me d\u00f3i. \u00c9 uma luta di\u00e1ria. Em breve farei um novo [&hellip;]<\/p>\n","protected":false},"author":2,"featured_media":10832,"comment_status":"open","ping_status":"open","sticky":false,"template":"","format":"standard","meta":{"footnotes":""},"categories":[173],"tags":[425,403],"class_list":["post-10831","post","type-post","status-publish","format-standard","has-post-thumbnail","hentry","category-celebridades","tag-leo-dias","tag-sbt"],"_links":{"self":[{"href":"https:\/\/portalpopmais.com.br\/en\/wp-json\/wp\/v2\/posts\/10831","targetHints":{"allow":["GET"]}}],"collection":[{"href":"https:\/\/portalpopmais.com.br\/en\/wp-json\/wp\/v2\/posts"}],"about":[{"href":"https:\/\/portalpopmais.com.br\/en\/wp-json\/wp\/v2\/types\/post"}],"author":[{"embeddable":true,"href":"https:\/\/portalpopmais.com.br\/en\/wp-json\/wp\/v2\/users\/2"}],"replies":[{"embeddable":true,"href":"https:\/\/portalpopmais.com.br\/en\/wp-json\/wp\/v2\/comments?post=10831"}],"version-history":[{"count":0,"href":"https:\/\/portalpopmais.com.br\/en\/wp-json\/wp\/v2\/posts\/10831\/revisions"}],"wp:attachment":[{"href":"https:\/\/portalpopmais.com.br\/en\/wp-json\/wp\/v2\/media?parent=10831"}],"wp:term":[{"taxonomy":"category","embeddable":true,"href":"https:\/\/portalpopmais.com.br\/en\/wp-json\/wp\/v2\/categories?post=10831"},{"taxonomy":"post_tag","embeddable":true,"href":"https:\/\/portalpopmais.com.br\/en\/wp-json\/wp\/v2\/tags?post=10831"}],"curies":[{"name":"wp","href":"https:\/\/api.w.org\/{rel}","templated":true}]}}