{"id":108317,"date":"2022-03-16T16:50:54","date_gmt":"2022-03-16T19:50:54","guid":{"rendered":"https:\/\/portalpopmais.com.br\/?p=108317"},"modified":"2022-03-16T17:09:30","modified_gmt":"2022-03-16T20:09:30","slug":"sabrina-sato-anuncia-saida-definitiva-da-recordtv-e-emplaca-2-programa-na-globo","status":"publish","type":"post","link":"https:\/\/portalpopmais.com.br\/en\/sabrina-sato-anuncia-saida-definitiva-da-recordtv-e-emplaca-2-programa-na-globo\/","title":{"rendered":"Sabrina Sato anuncia sa\u00edda definitiva da RecordTV e emplaca 2\u00b0 programa na Globo"},"content":{"rendered":"\n<p class=\"wp-block-paragraph\">Na Record desde 2014, a apresentadora Sabrina Sato pediu demiss\u00e3o da emissora para se dedicar a novos projetos no GNT, canal por assinatura da Globo, com quem assinou contrato no ano passado. A apresentadora informou o pedido nesta quarta-feira (16) e disse que a decis\u00e3o foi um dos &#8220;momentos mais dif\u00edceis de sua carreira&#8221;. Ela foi confirmada como nova integrante do &#8220;Saia Justa&#8221;, o seu segundo programa no canal fechado.<\/p>\n\n\n\n<p class=\"wp-block-paragraph\">&#8220;Estou com meu cora\u00e7\u00e3o t\u00e3o apertado. Esse \u00e9 um dos momentos mais dif\u00edceis da minha carreira. Porque mesmo recebendo todo esse amor e cuidado [na Record], sinto que preciso seguir. Seria f\u00e1cil e confort\u00e1vel continuar, mas sinto que esta na hora de viver outras hist\u00f3rias.&#8221;, disse a japa em publica\u00e7\u00e3o mas redes sociais. <\/p>\n\n\n\n<p class=\"wp-block-paragraph\"><strong>Confira:<\/strong><\/p>\n\n\n\n<figure class=\"wp-block-embed is-type-rich is-provider-instagram wp-block-embed-instagram\"><div class=\"wp-block-embed__wrapper\">\nhttps:\/\/www.instagram.com\/tv\/CbLJ4ZtA1n8\/?utm_medium=copy_link\n<\/div><\/figure>\n\n\n\n<p class=\"wp-block-paragraph\">A japonesa foi contratada pela emissora de Edir Macedo em 2014, ap\u00f3s anos como integrante do &#8220;P\u00e2nico&#8221;. Por l\u00e1 ela estreou na emissora com um programa pra chamar de seu, o &#8220;Programa da Sabrina&#8221;. A atra\u00e7\u00e3o foi extinta e tempos depois ela foi convidada para comandar o novo &#8220;Domingo Show&#8221;, programa tamb\u00e9m retirado da grade da Record depois fracassar na audi\u00eancia. No ano passado foi a titular do original &#8220;Ilha Record&#8221;.<\/p>\n\n\n\n<p class=\"wp-block-paragraph\">No GNT, al\u00e9m do Saia Justa, Sabrina vai comandar o &#8220;Desapegue Se For Capaz&#8221;, com previs\u00e3o de estreia para abril deste ano.<\/p>\n\n\n\n<p class=\"wp-block-paragraph\"><\/p>\n","protected":false},"excerpt":{"rendered":"<p>Na Record desde 2014, a apresentadora Sabrina Sato pediu demiss\u00e3o da emissora para se dedicar a novos projetos no GNT, canal por assinatura da Globo, com quem assinou contrato no ano passado. A apresentadora informou o pedido nesta quarta-feira (16) e disse que a decis\u00e3o foi um dos &#8220;momentos mais dif\u00edceis de sua carreira&#8221;. Ela [&hellip;]<\/p>\n","protected":false},"author":2,"featured_media":108320,"comment_status":"closed","ping_status":"open","sticky":false,"template":"","format":"standard","meta":{"footnotes":""},"categories":[181],"tags":[9495,180,9076,882,2417,9875],"class_list":["post-108317","post","type-post","status-publish","format-standard","has-post-thumbnail","hentry","category-televisao","tag-demissao","tag-globo","tag-gnt","tag-record","tag-sabrina-sato","tag-televisao-2"],"_links":{"self":[{"href":"https:\/\/portalpopmais.com.br\/en\/wp-json\/wp\/v2\/posts\/108317","targetHints":{"allow":["GET"]}}],"collection":[{"href":"https:\/\/portalpopmais.com.br\/en\/wp-json\/wp\/v2\/posts"}],"about":[{"href":"https:\/\/portalpopmais.com.br\/en\/wp-json\/wp\/v2\/types\/post"}],"author":[{"embeddable":true,"href":"https:\/\/portalpopmais.com.br\/en\/wp-json\/wp\/v2\/users\/2"}],"replies":[{"embeddable":true,"href":"https:\/\/portalpopmais.com.br\/en\/wp-json\/wp\/v2\/comments?post=108317"}],"version-history":[{"count":0,"href":"https:\/\/portalpopmais.com.br\/en\/wp-json\/wp\/v2\/posts\/108317\/revisions"}],"wp:featuredmedia":[{"embeddable":true,"href":"https:\/\/portalpopmais.com.br\/en\/wp-json\/wp\/v2\/media\/108320"}],"wp:attachment":[{"href":"https:\/\/portalpopmais.com.br\/en\/wp-json\/wp\/v2\/media?parent=108317"}],"wp:term":[{"taxonomy":"category","embeddable":true,"href":"https:\/\/portalpopmais.com.br\/en\/wp-json\/wp\/v2\/categories?post=108317"},{"taxonomy":"post_tag","embeddable":true,"href":"https:\/\/portalpopmais.com.br\/en\/wp-json\/wp\/v2\/tags?post=108317"}],"curies":[{"name":"wp","href":"https:\/\/api.w.org\/{rel}","templated":true}]}}