{"id":108330,"date":"2022-03-16T17:31:49","date_gmt":"2022-03-16T20:31:49","guid":{"rendered":"https:\/\/portalpopmais.com.br\/?p=108330"},"modified":"2022-03-16T17:33:52","modified_gmt":"2022-03-16T20:33:52","slug":"saiba-quem-deve-assumir-o-ilha-record-apos-a-saida-de-sabrina-sato","status":"publish","type":"post","link":"https:\/\/portalpopmais.com.br\/en\/saiba-quem-deve-assumir-o-ilha-record-apos-a-saida-de-sabrina-sato\/","title":{"rendered":"Saiba quem deve assumir o &#8220;Ilha Record&#8221; ap\u00f3s a sa\u00edda de Sabrina Sato"},"content":{"rendered":"<p class=\"wp-block-paragraph\">Depois da sa\u00edda de Sabrina Sato da RecordTV, a especula\u00e7\u00e3o de quem deve substituir a japa no comando do &#8220;Ilha Record&#8221; reality original da emissora da Barra Funda, come\u00e7a a rodar nos bastidores.<\/p>\n\n\n\n<p class=\"wp-block-paragraph\">A atra\u00e7\u00e3o j\u00e1 est\u00e1 com a segunda temporada confirmada. E mesmo com o an\u00fancio do desligamento, o contrato da apresentadora com Record TV continua em vigor at\u00e9 dezembro deste ano, e sua presen\u00e7a na segunda da temporada do Ilha Record est\u00e1 confirmada pela emissora paulista.<\/p>\n\n\n\n<p class=\"wp-block-paragraph\">De acordo com o site Observat\u00f3rio da TV, Rodrigo Faro \u00e9 quem vai assumir o comando da terceira temporada da atra\u00e7\u00e3o que tem estreia prevista para julho de 2023.<\/p>\n\n\n\n<p class=\"wp-block-paragraph\">Atualmente, Faro comanda um dominical que leva seu nome. Por\u00e9m, j\u00e1 apresentou realities como &#8220;\u00cddolos&#8221;, &#8220;A Fazenda de Ver\u00e3o&#8221; e as vers\u00f5es de &#8220;Canta Comigo&#8221;, todas na Record TV<\/p>","protected":false},"excerpt":{"rendered":"<p>Depois da sa\u00edda de Sabrina Sato da RecordTV, a especula\u00e7\u00e3o de quem deve substituir a japa no comando do &#8220;Ilha Record&#8221; reality original da emissora da Barra Funda, come\u00e7a a rodar nos bastidores. A atra\u00e7\u00e3o j\u00e1 est\u00e1 com a segunda temporada confirmada. E mesmo com o an\u00fancio do desligamento, o contrato da apresentadora com Record [&hellip;]<\/p>\n","protected":false},"author":2,"featured_media":108332,"comment_status":"closed","ping_status":"open","sticky":false,"template":"","format":"standard","meta":{"footnotes":""},"categories":[181],"tags":[9080,882,2417,1665],"class_list":["post-108330","post","type-post","status-publish","format-standard","has-post-thumbnail","hentry","category-televisao","tag-ilha-record","tag-record","tag-sabrina-sato","tag-tv-globo"],"_links":{"self":[{"href":"https:\/\/portalpopmais.com.br\/en\/wp-json\/wp\/v2\/posts\/108330","targetHints":{"allow":["GET"]}}],"collection":[{"href":"https:\/\/portalpopmais.com.br\/en\/wp-json\/wp\/v2\/posts"}],"about":[{"href":"https:\/\/portalpopmais.com.br\/en\/wp-json\/wp\/v2\/types\/post"}],"author":[{"embeddable":true,"href":"https:\/\/portalpopmais.com.br\/en\/wp-json\/wp\/v2\/users\/2"}],"replies":[{"embeddable":true,"href":"https:\/\/portalpopmais.com.br\/en\/wp-json\/wp\/v2\/comments?post=108330"}],"version-history":[{"count":0,"href":"https:\/\/portalpopmais.com.br\/en\/wp-json\/wp\/v2\/posts\/108330\/revisions"}],"wp:featuredmedia":[{"embeddable":true,"href":"https:\/\/portalpopmais.com.br\/en\/wp-json\/wp\/v2\/media\/108332"}],"wp:attachment":[{"href":"https:\/\/portalpopmais.com.br\/en\/wp-json\/wp\/v2\/media?parent=108330"}],"wp:term":[{"taxonomy":"category","embeddable":true,"href":"https:\/\/portalpopmais.com.br\/en\/wp-json\/wp\/v2\/categories?post=108330"},{"taxonomy":"post_tag","embeddable":true,"href":"https:\/\/portalpopmais.com.br\/en\/wp-json\/wp\/v2\/tags?post=108330"}],"curies":[{"name":"wp","href":"https:\/\/api.w.org\/{rel}","templated":true}]}}