{"id":108473,"date":"2022-03-17T10:13:17","date_gmt":"2022-03-17T13:13:17","guid":{"rendered":"https:\/\/portalpopmais.com.br\/?p=108473"},"modified":"2022-03-17T10:19:44","modified_gmt":"2022-03-17T13:19:44","slug":"bbb22-arthur-aguiar-detona-lais-crava-destino-vai-sair","status":"publish","type":"post","link":"https:\/\/portalpopmais.com.br\/en\/bbb22-arthur-aguiar-detona-lais-crava-destino-vai-sair\/","title":{"rendered":"BBB22: Soberbo? Arthur Aguiar detona sister e crava destino de La\u00eds: &#8220;Vai sair&#8221;"},"content":{"rendered":"<p class=\"wp-block-paragraph\">Na madrugada desta quinta-feira (17), <strong><a href=\"https:\/\/portalpopmais.com.br\/en\/bbb22-arthur-aguiar-acolhe-natalia-apos-surto\/\" target=\"_blank\" data-type=\"post\" data-id=\"108468\" rel=\"noreferrer noopener\">Arthur Aguiar<\/a><\/strong> detonou a sister La\u00eds  e afirmou que no primeiro Pared\u00e3o que a m\u00e9dica for, ela ser\u00e1 eliminada.<\/p>\n\n\n\n<p class=\"wp-block-paragraph\">O assunto come\u00e7ou ainda durante a festa do l\u00edder, quando Paulo Andr\u00e9 relatou a conversa que teve com a m\u00e9dica a respeito do <a href=\"http:\/\/instagram.com\/portalpopmais\" target=\"_blank\" rel=\"noopener\">ator<\/a>.<\/p>\n\n\n\n<h2 class=\"wp-block-heading\">Veja tamb\u00e9m<\/h2>\n\n\n<ul class=\"wp-block-latest-posts__list is-grid wp-block-latest-posts is-layout-flow wp-block-latest-posts-is-layout-flow\"><li><div class=\"wp-block-latest-posts__featured-image aligncenter\"><a href=\"https:\/\/portalpopmais.com.br\/en\/brasileira-expulsa-de-reality-argentina\/\" aria-label=\"Quem \u00e9 a brasileira expulsa de reality na Argentina ap\u00f3s confus\u00e3o\"><img loading=\"lazy\" decoding=\"async\" width=\"768\" height=\"456\" src=\"https:\/\/portalpopmais.com.br\/wp-content\/uploads\/2026\/08\/brasileira-expulsa-reality-argentina-portalpopmais-768x456.png\" class=\"attachment-medium size-medium wp-post-image\" alt=\"brasileira expulsa reality argentina portalpopmais\" style=\"\" srcset=\"https:\/\/portalpopmais.com.br\/wp-content\/uploads\/2026\/08\/brasileira-expulsa-reality-argentina-portalpopmais-768x456.png 768w, https:\/\/portalpopmais.com.br\/wp-content\/uploads\/2026\/08\/brasileira-expulsa-reality-argentina-portalpopmais-1170x694.png 1170w, https:\/\/portalpopmais.com.br\/wp-content\/uploads\/2026\/08\/brasileira-expulsa-reality-argentina-portalpopmais-18x10.png 18w\" sizes=\"auto, (max-width: 768px) 100vw, 768px\" title=\"\"><\/a><\/div><a class=\"wp-block-latest-posts__post-title\" href=\"https:\/\/portalpopmais.com.br\/en\/brasileira-expulsa-de-reality-argentina\/\">Quem \u00e9 a brasileira expulsa de reality na Argentina ap\u00f3s confus\u00e3o<\/a><\/li>\n<li><div class=\"wp-block-latest-posts__featured-image aligncenter\"><a href=\"https:\/\/portalpopmais.com.br\/en\/quem-e-lucas-cardoso-participante-do-rancho-maia-que-viralizou\/\" aria-label=\"Quem \u00e9 Lucas Cardoso, participante do Rancho Maia que viralizou\"><img loading=\"lazy\" decoding=\"async\" width=\"768\" height=\"456\" src=\"https:\/\/portalpopmais.com.br\/wp-content\/uploads\/2026\/08\/lucas-cardoso-768x456.png\" class=\"attachment-medium size-medium wp-post-image\" alt=\"lucas cardoso\" style=\"\" title=\"\"><\/a><\/div><a class=\"wp-block-latest-posts__post-title\" href=\"https:\/\/portalpopmais.com.br\/en\/quem-e-lucas-cardoso-participante-do-rancho-maia-que-viralizou\/\">Quem \u00e9 Lucas Cardoso, participante do Rancho Maia que viralizou<\/a><\/li>\n<li><div class=\"wp-block-latest-posts__featured-image aligncenter\"><a href=\"https:\/\/portalpopmais.com.br\/en\/davi-brito-desiste-luta-rico-melquiades\/\" aria-label=\"Davi Brito vira &#8220;piada&#8221; na web ap\u00f3s desistir de luta contra Rico Melquiades\"><img loading=\"lazy\" decoding=\"async\" width=\"768\" height=\"456\" src=\"https:\/\/portalpopmais.com.br\/wp-content\/uploads\/2026\/08\/Davi-Brito-vira-piada-na-web-apos-desistir-de-luta-contra-Rico-Melquiades-768x456.png\" class=\"attachment-medium size-medium wp-post-image\" alt=\"Davi Brito vira piada na web ap\u00f3s desistir de luta contra Rico Melquiades\" style=\"\" srcset=\"https:\/\/portalpopmais.com.br\/wp-content\/uploads\/2026\/08\/Davi-Brito-vira-piada-na-web-apos-desistir-de-luta-contra-Rico-Melquiades-768x456.png 768w, https:\/\/portalpopmais.com.br\/wp-content\/uploads\/2026\/08\/Davi-Brito-vira-piada-na-web-apos-desistir-de-luta-contra-Rico-Melquiades-1170x694.png 1170w, https:\/\/portalpopmais.com.br\/wp-content\/uploads\/2026\/08\/Davi-Brito-vira-piada-na-web-apos-desistir-de-luta-contra-Rico-Melquiades-18x10.png 18w\" sizes=\"auto, (max-width: 768px) 100vw, 768px\" title=\"\"><\/a><\/div><a class=\"wp-block-latest-posts__post-title\" href=\"https:\/\/portalpopmais.com.br\/en\/davi-brito-desiste-luta-rico-melquiades\/\">Davi Brito vira &#8220;piada&#8221; na web ap\u00f3s desistir de luta contra Rico Melquiades<\/a><\/li>\n<li><div class=\"wp-block-latest-posts__featured-image aligncenter\"><a href=\"https:\/\/portalpopmais.com.br\/en\/personal-carlinhos-maia-observa-machdove-banho\/\" aria-label=\"&#8220;H\u00e9tero&#8221;, personal de Carlinhos Maia \u00e9 flagrado observando banho de MachDove\"><img loading=\"lazy\" decoding=\"async\" width=\"768\" height=\"456\" src=\"https:\/\/portalpopmais.com.br\/wp-content\/uploads\/2026\/08\/personal-carlinhos-maia-observa-machdove-banho-768x456.png\" class=\"attachment-medium size-medium wp-post-image\" alt=\"personal carlinhos maia observa machdove banho\" style=\"\" srcset=\"https:\/\/portalpopmais.com.br\/wp-content\/uploads\/2026\/08\/personal-carlinhos-maia-observa-machdove-banho-768x456.png 768w, https:\/\/portalpopmais.com.br\/wp-content\/uploads\/2026\/08\/personal-carlinhos-maia-observa-machdove-banho-1170x694.png 1170w, https:\/\/portalpopmais.com.br\/wp-content\/uploads\/2026\/08\/personal-carlinhos-maia-observa-machdove-banho-18x10.png 18w\" sizes=\"auto, (max-width: 768px) 100vw, 768px\" title=\"\"><\/a><\/div><a class=\"wp-block-latest-posts__post-title\" href=\"https:\/\/portalpopmais.com.br\/en\/personal-carlinhos-maia-observa-machdove-banho\/\">&#8220;H\u00e9tero&#8221;, personal de Carlinhos Maia \u00e9 flagrado observando banho de MachDove<\/a><\/li>\n<li><div class=\"wp-block-latest-posts__featured-image aligncenter\"><a href=\"https:\/\/portalpopmais.com.br\/en\/video-andressa-urach-e-mc-mirella-protagonizam-barraco-e-partem-para-agressao\/\" aria-label=\"V\u00eddeo: Andressa Urach e MC Mirella protagonizam barraco e partem para agress\u00e3o\"><img loading=\"lazy\" decoding=\"async\" width=\"768\" height=\"456\" src=\"https:\/\/portalpopmais.com.br\/wp-content\/uploads\/2026\/08\/video-briga-urach-mirella-rancho-maia-768x456.png\" class=\"attachment-medium size-medium wp-post-image\" alt=\"video briga urach mirella rancho maia\" style=\"\" srcset=\"https:\/\/portalpopmais.com.br\/wp-content\/uploads\/2026\/08\/video-briga-urach-mirella-rancho-maia-768x456.png 768w, https:\/\/portalpopmais.com.br\/wp-content\/uploads\/2026\/08\/video-briga-urach-mirella-rancho-maia-1170x694.png 1170w\" sizes=\"auto, (max-width: 768px) 100vw, 768px\" title=\"\"><\/a><\/div><a class=\"wp-block-latest-posts__post-title\" href=\"https:\/\/portalpopmais.com.br\/en\/video-andressa-urach-e-mc-mirella-protagonizam-barraco-e-partem-para-agressao\/\">V\u00eddeo: Andressa Urach e MC Mirella protagonizam barraco e partem para agress\u00e3o<\/a><\/li>\n<li><div class=\"wp-block-latest-posts__featured-image aligncenter\"><a href=\"https:\/\/portalpopmais.com.br\/en\/carlinhos-maia-e-anderson-neiff-fazem-se-beijam-no-rancho-maia-veja-video\/\" aria-label=\"Carlinhos Maia e Anderson Neiff se beijam no Rancho Maia; veja v\u00eddeo\"><img loading=\"lazy\" decoding=\"async\" width=\"768\" height=\"456\" src=\"https:\/\/portalpopmais.com.br\/wp-content\/uploads\/2026\/08\/Carlinhos-Maia-e-Anderson-Neiff-768x456.png\" class=\"attachment-medium size-medium wp-post-image\" alt=\"Carlinhos Maia e Anderson Neiff\" style=\"\" srcset=\"https:\/\/portalpopmais.com.br\/wp-content\/uploads\/2026\/08\/Carlinhos-Maia-e-Anderson-Neiff-768x456.png 768w, https:\/\/portalpopmais.com.br\/wp-content\/uploads\/2026\/08\/Carlinhos-Maia-e-Anderson-Neiff-1170x694.png 1170w, https:\/\/portalpopmais.com.br\/wp-content\/uploads\/2026\/08\/Carlinhos-Maia-e-Anderson-Neiff-18x10.png 18w\" sizes=\"auto, (max-width: 768px) 100vw, 768px\" title=\"\"><\/a><\/div><a class=\"wp-block-latest-posts__post-title\" href=\"https:\/\/portalpopmais.com.br\/en\/carlinhos-maia-e-anderson-neiff-fazem-se-beijam-no-rancho-maia-veja-video\/\">Carlinhos Maia e Anderson Neiff se beijam no Rancho Maia; veja v\u00eddeo<\/a><\/li>\n<\/ul>\n\n\n<p class=\"wp-block-paragraph\"><em>&#8220;Ela meteu o ponto de vista dela. A troca de ideia n\u00e3o foi para deixar alguma coisa sanada. Segunda ela, voc\u00ea exp\u00f4s seu ponto de vista e ficou por isso&#8221;<\/em>, disse o atleta.<\/p>\n\n\n\n<p class=\"wp-block-paragraph\"><em>&#8220;Mas ela disse que ficou entendido e estava tudo certo&#8221;. <\/em>E o amigo rebateu:<em> &#8220;N\u00e3o foi isso que eu entendi. Mas o bagulho vai seguir&#8221;<\/em>, respondeu Arthur.<\/p>\n\n\n\n<p class=\"wp-block-paragraph\">Sem papas na l\u00edngua, o ex-Rebelde cravou o destino da colega de reality. <em>&#8220;Vai acontecer a mesma coisa. Vai bater e vai sair&#8221;,<\/em> disparou.<\/p>\n\n\n\n<h2 class=\"wp-block-heading\">La\u00eds explica rivalidade com Arthur<\/h2>\n\n\n\n<p class=\"wp-block-paragraph\">Mais cedo, La\u00eds havia dito \u00e0 Paulo Andr\u00e9 sobre a sua percep\u00e7\u00e3o sobre Arthur e como havia iniciado a rivalidade entre eles. <\/p>\n\n\n\n<p class=\"wp-block-paragraph\"><em>&#8220;A gente teve uma conversa e eu queria entender dele quando ele come\u00e7ou a vir para cima de mim. No meu ponto de vista, ele tinha uma treta com a Jade e vinha para cima de mim porque me achava fraca no jogo, entendeu? Estrat\u00e9gico&#8221;<\/em>, disse ela na ocasi\u00e3o.<\/p>","protected":false},"excerpt":{"rendered":"<p>Na madrugada desta quinta-feira (17), Arthur Aguiar detonou a sister La\u00eds e afirmou que no primeiro Pared\u00e3o que a m\u00e9dica for, ela ser\u00e1 eliminada. O assunto come\u00e7ou ainda durante a festa do l\u00edder, quando Paulo Andr\u00e9 relatou a conversa que teve com a m\u00e9dica a respeito do ator. Veja tamb\u00e9m &#8220;Ela meteu o ponto de [&hellip;]<\/p>\n","protected":false},"author":2,"featured_media":108475,"comment_status":"closed","ping_status":"open","sticky":false,"template":"","format":"standard","meta":{"footnotes":""},"categories":[8605],"tags":[1185,8624,10382],"class_list":["post-108473","post","type-post","status-publish","format-standard","has-post-thumbnail","hentry","category-realities","tag-arthur-aguiar","tag-bbb22","tag-lais"],"_links":{"self":[{"href":"https:\/\/portalpopmais.com.br\/en\/wp-json\/wp\/v2\/posts\/108473","targetHints":{"allow":["GET"]}}],"collection":[{"href":"https:\/\/portalpopmais.com.br\/en\/wp-json\/wp\/v2\/posts"}],"about":[{"href":"https:\/\/portalpopmais.com.br\/en\/wp-json\/wp\/v2\/types\/post"}],"author":[{"embeddable":true,"href":"https:\/\/portalpopmais.com.br\/en\/wp-json\/wp\/v2\/users\/2"}],"replies":[{"embeddable":true,"href":"https:\/\/portalpopmais.com.br\/en\/wp-json\/wp\/v2\/comments?post=108473"}],"version-history":[{"count":0,"href":"https:\/\/portalpopmais.com.br\/en\/wp-json\/wp\/v2\/posts\/108473\/revisions"}],"wp:featuredmedia":[{"embeddable":true,"href":"https:\/\/portalpopmais.com.br\/en\/wp-json\/wp\/v2\/media\/108475"}],"wp:attachment":[{"href":"https:\/\/portalpopmais.com.br\/en\/wp-json\/wp\/v2\/media?parent=108473"}],"wp:term":[{"taxonomy":"category","embeddable":true,"href":"https:\/\/portalpopmais.com.br\/en\/wp-json\/wp\/v2\/categories?post=108473"},{"taxonomy":"post_tag","embeddable":true,"href":"https:\/\/portalpopmais.com.br\/en\/wp-json\/wp\/v2\/tags?post=108473"}],"curies":[{"name":"wp","href":"https:\/\/api.w.org\/{rel}","templated":true}]}}