{"id":10936,"date":"2018-09-13T19:26:26","date_gmt":"2018-09-13T19:26:26","guid":{"rendered":"http:\/\/popmais.com.br\/?p=10936"},"modified":"2018-09-13T19:26:26","modified_gmt":"2018-09-13T19:26:26","slug":"03-newartist-jao","status":"publish","type":"post","link":"https:\/\/portalpopmais.com.br\/en\/03-newartist-jao\/","title":{"rendered":"#03 | NEWARTIST | J\u00e3o"},"content":{"rendered":"<p>Jo\u00e3o Vitor Romania , mais conhecido como<strong> J\u00e3o<\/strong>, \u00e9 natural de Araraquara, S\u00e3o Paulo. Ficou conhecido nacionalmente por fazer covers para seu canal no YouTube.<\/p>\n<p>Seu primeiro v\u00eddeo viral foi um cover da m\u00fasica &#8220;Bang&#8221;, de Anitta, e chegou a receber a prova\u00e7\u00e3o da cantora.\u00a0 A partir da\u00ed o sucesso s\u00f3 cresceu.<\/p>\n<p><a href=\"https:\/\/www.youtube.com\/watch?v=huxNcMkxVVA\" target=\"_blank\" rel=\"noopener\">https:\/\/www.youtube.com\/watch?v=huxNcMkxVVA<\/a><\/p>\n<p>https:\/\/www.youtube.com\/watch?v=k4JBmxhElWo<\/p>\n<p>No ano passado assinou contrato com a Universal Music, e desde ent\u00e3o come\u00e7ou a trabalhar nas suas pr\u00f3prias composi\u00e7\u00f5es.<\/p>\n<p>O rapaz de apenas 23 anos, lan\u00e7ou em a<a href=\"http:\/\/popmais.com.br\/lobos-jao-lanca-seu-primeiro-album-ouca\/\" target=\"_blank\" rel=\"noopener\">gosto seu primeiro EP, chamado &#8220;Lobos&#8221;<\/a>. O trabalho se tornou um fen\u00f4meno, de p\u00fablico e cr\u00edtica, sendo aclamado nos mais diferentes nichos musicais, que iam do brega ao pop.<\/p>\n<p>Al\u00e9m do EP,<strong> J\u00e3o<\/strong> possui alguns videoclipes lan\u00e7ados:<\/p>\n<p><iframe loading=\"lazy\" title=\"J\u00e3o - Ressaca\" width=\"880\" height=\"495\" src=\"https:\/\/www.youtube.com\/embed\/fNLvf0AIcRI?feature=oembed\" frameborder=\"0\" allow=\"accelerometer; autoplay; encrypted-media; gyroscope; picture-in-picture\" allowfullscreen><\/iframe><\/p>\n<p><iframe loading=\"lazy\" title=\"J\u00e3o - \u00c1lcool\" width=\"880\" height=\"495\" src=\"https:\/\/www.youtube.com\/embed\/h8Eff8BsfDA?feature=oembed\" frameborder=\"0\" allow=\"accelerometer; autoplay; encrypted-media; gyroscope; picture-in-picture\" allowfullscreen><\/iframe><\/p>\n<p><iframe loading=\"lazy\" title=\"J\u00e3o - Imaturo\" width=\"880\" height=\"495\" src=\"https:\/\/www.youtube.com\/embed\/irRY_P47ZgE?feature=oembed\" frameborder=\"0\" allow=\"accelerometer; autoplay; encrypted-media; gyroscope; picture-in-picture\" allowfullscreen><\/iframe><\/p>\n<p><iframe loading=\"lazy\" title=\"J\u00e3o - Vou Morrer Sozinho\" width=\"880\" height=\"495\" src=\"https:\/\/www.youtube.com\/embed\/sXamdn3RNQU?feature=oembed\" frameborder=\"0\" allow=\"accelerometer; autoplay; encrypted-media; gyroscope; picture-in-picture\" allowfullscreen><\/iframe><\/p>\n<p>Recentemente, ele cedeu entrevista \u00e0 revista GQ e falou sobre sua sonoridade: \u201cEu fa\u00e7o m\u00fasica pop, ent\u00e3o \u00f3bvio que existe uma preocupa\u00e7\u00e3o com melodia, com estrutura, se vai ser pegajoso, gostoso de ouvir\u201d, conta. \u201cMas tamb\u00e9m gosto do contraste entre uma letra pesada e um beat mais leve, ou uma batida alegre com uma letra triste. At\u00e9 por que eu levo minha vida assim, sou meio dram\u00e1tico\u201d, descreve.<\/p>\n<p><strong>J\u00e3o<\/strong> tamb\u00e9m revelou como tudo come\u00e7ou:<\/p>\n<blockquote><p>\u201cEu e minha irm\u00e3 cant\u00e1vamos juntos\u201d, lembra. A gente assistia novelas tipo Chiquititas e cantava as m\u00fasicas. \u00c9ramos meio que os palhacinhos da cidade, meu pai sa\u00eda com a gente e fic\u00e1vamos cantando na casa das pessoas. Foi a\u00ed que comecei a gostar de aparecer. Eu era na minha, mas na hora de me apresentar, de cantar, aquilo me transformava\u201d<\/p><\/blockquote>\n\n<p>Cruzando o pa\u00eds atualmente com a <strong>turn\u00ea &#8220;Lobos&#8221;<\/strong>, o rapaz lota os shows por onde passa, e encanta o p\u00fablico com seu jeito simples, e de garoto do interior. A certeza que fica \u00e9 que ainda vamos ouvir falar muito dele.<\/p>","protected":false},"excerpt":{"rendered":"<p>Jo\u00e3o Vitor Romania , mais conhecido como J\u00e3o, \u00e9 natural de Araraquara, S\u00e3o Paulo. Ficou conhecido nacionalmente por fazer covers para seu canal no YouTube. Seu primeiro v\u00eddeo viral foi um cover da m\u00fasica &#8220;Bang&#8221;, de Anitta, e chegou a receber a prova\u00e7\u00e3o da cantora.\u00a0 A partir da\u00ed o sucesso s\u00f3 cresceu. https:\/\/www.youtube.com\/watch?v=k4JBmxhElWo No ano [&hellip;]<\/p>\n","protected":false},"author":2,"featured_media":10949,"comment_status":"closed","ping_status":"closed","sticky":false,"template":"","format":"standard","meta":{"footnotes":""},"categories":[1],"tags":[277,414],"class_list":["post-10936","post","type-post","status-publish","format-standard","has-post-thumbnail","hentry","category-fire2","tag-jao","tag-new-artist"],"_links":{"self":[{"href":"https:\/\/portalpopmais.com.br\/en\/wp-json\/wp\/v2\/posts\/10936","targetHints":{"allow":["GET"]}}],"collection":[{"href":"https:\/\/portalpopmais.com.br\/en\/wp-json\/wp\/v2\/posts"}],"about":[{"href":"https:\/\/portalpopmais.com.br\/en\/wp-json\/wp\/v2\/types\/post"}],"author":[{"embeddable":true,"href":"https:\/\/portalpopmais.com.br\/en\/wp-json\/wp\/v2\/users\/2"}],"replies":[{"embeddable":true,"href":"https:\/\/portalpopmais.com.br\/en\/wp-json\/wp\/v2\/comments?post=10936"}],"version-history":[{"count":0,"href":"https:\/\/portalpopmais.com.br\/en\/wp-json\/wp\/v2\/posts\/10936\/revisions"}],"wp:featuredmedia":[{"embeddable":true,"href":"https:\/\/portalpopmais.com.br\/en\/wp-json\/"}],"wp:attachment":[{"href":"https:\/\/portalpopmais.com.br\/en\/wp-json\/wp\/v2\/media?parent=10936"}],"wp:term":[{"taxonomy":"category","embeddable":true,"href":"https:\/\/portalpopmais.com.br\/en\/wp-json\/wp\/v2\/categories?post=10936"},{"taxonomy":"post_tag","embeddable":true,"href":"https:\/\/portalpopmais.com.br\/en\/wp-json\/wp\/v2\/tags?post=10936"}],"curies":[{"name":"wp","href":"https:\/\/api.w.org\/{rel}","templated":true}]}}