{"id":109644,"date":"2022-03-25T12:57:33","date_gmt":"2022-03-25T15:57:33","guid":{"rendered":"https:\/\/portalpopmais.com.br\/?p=109644"},"modified":"2022-03-25T12:57:42","modified_gmt":"2022-03-25T15:57:42","slug":"dony-de-nuccio-passa-por-cirurgia-apos-fortes-dores-e-mais","status":"publish","type":"post","link":"https:\/\/portalpopmais.com.br\/en\/dony-de-nuccio-passa-por-cirurgia-apos-fortes-dores-e-mais\/","title":{"rendered":"Dony de Nuccio passa por cirurgia ap\u00f3s fortes dores; e mais"},"content":{"rendered":"<p>O apresentador do SBT Dony de Nuccio passou por uma cirurgia de emerg\u00eancia por causa de uma h\u00e9rnia de disco. Ele detalhou no Instagram que a cirurgia durou mais de tr\u00eas horas: \u201cDeu tudo certo\u2026\u201d.<\/p>\n\n\n\n<p><strong>BEM RECEBIDA!<\/strong><\/p>\n\n\n\n<div class=\"wp-block-image\"><figure class=\"aligncenter size-large\"><img loading=\"lazy\" decoding=\"async\" width=\"1170\" height=\"694\" src=\"https:\/\/portalpopmais.com.br\/wp-content\/uploads\/2022\/03\/sabrina-sato-1-1170x694.jpg\" alt=\"\" class=\"wp-image-109662\" title=\"\" srcset=\"https:\/\/portalpopmais.com.br\/wp-content\/uploads\/2022\/03\/sabrina-sato-1-1170x694.jpg 1170w, https:\/\/portalpopmais.com.br\/wp-content\/uploads\/2022\/03\/sabrina-sato-1-768x456.jpg 768w\" sizes=\"auto, (max-width: 1170px) 100vw, 1170px\" \/><figcaption>Foto: Reprodu\u00e7\u00e3o<\/figcaption><\/figure><\/div>\n\n\n\n<p>Ap\u00f3s deixar a Record, Sabrina Sato participar\u00e1 do Doming\u00e3o Com Huck deste fim de semana. Sabrina estar\u00e1 no quadro &#8220;O Doming\u00e3o T\u00e1 Vendo&#8221;, ao lado de Luciano Huck. Ela tamb\u00e9m divulgar\u00e1 suas atra\u00e7\u00f5es do canal fechado GNT.<\/p>\n\n\n\n<p><strong>CONFIRMADO!<\/strong><\/p>\n\n\n\n<div class=\"wp-block-image\"><figure class=\"aligncenter size-full\"><img loading=\"lazy\" decoding=\"async\" width=\"750\" height=\"500\" src=\"https:\/\/portalpopmais.com.br\/wp-content\/uploads\/2022\/03\/Datena-instagram@@datenareal01.jpg.jpg\" alt=\"\" class=\"wp-image-109664\" title=\"\"><figcaption>Foto: Divulga\u00e7\u00e3o\/Band<\/figcaption><\/figure><\/div>\n\n\n\n<p>O PSDB e o Uni\u00e3o Brasil confirmaram a candidatura de Datena ao Senado na chapa de Rodrigo Garcia, candidato ao Governo de S\u00e3o Paulo. O apresentador do Brasil Urgente, est\u00e1 liderando as pesquisas com 39% e deve deixar a Band no pr\u00f3ximo m\u00eas.<\/p>\n\n\n\n<p><strong>PANTANAL NA GLOBO<\/strong>!<\/p>\n\n\n\n<div class=\"wp-block-image\"><figure class=\"aligncenter size-full\"><img loading=\"lazy\" decoding=\"async\" width=\"990\" height=\"619\" src=\"https:\/\/portalpopmais.com.br\/wp-content\/uploads\/2022\/03\/IMG-20220325-WA0044.jpg\" alt=\"\" class=\"wp-image-109667\" title=\"\"><figcaption>Foto: Divulga\u00e7\u00e3o\/TV Globo<\/figcaption><\/figure><\/div>\n\n\n\n<p>A Globo preparou um arsenal para a estreia de &#8220;Pantanal&#8221;. A novela ser\u00e1 anunciada no Globo Rep\u00f3rter, \u00c9 de Casa, Mais Voc\u00ea, Encontro, Caldeir\u00e3o, Altas Horas, Doming\u00e3o, Fant\u00e1stico e Jornal Nacional. Nos bastidores, o arsenal foi intitulado de &#8216;Opera\u00e7\u00e3o Pantanal&#8217;.<\/p>\n\n\n\n<p><strong>MAL APROVEITADA?<\/strong><\/p>\n\n\n\n<div class=\"wp-block-image\"><figure class=\"aligncenter size-full\"><img loading=\"lazy\" decoding=\"async\" width=\"681\" height=\"450\" src=\"https:\/\/portalpopmais.com.br\/wp-content\/uploads\/2022\/03\/IMG-20220325-WA0046.jpg\" alt=\"\" class=\"wp-image-109668\" title=\"\"><figcaption>Foto: Divulga\u00e7\u00e3o\/Grupo Bandeirantes<\/figcaption><\/figure><\/div>\n\n\n\n<p>Segundo Fl\u00e1vio Ricco, Adriana Ara\u00fajo deve ficar restrita ao Boa Tarde SP e a r\u00e1dio BandNews FM. N\u00e3o h\u00e1 a ideia de ter a jornalista nos demais telejornais da casa. O Boa Tarde SP estreia dia 04 de abril \u00e0s 14 horas.<\/p>\n\n\n\n<p><strong>CONTRATADA!<\/strong><\/p>\n\n\n\n<div class=\"wp-block-image\"><figure class=\"aligncenter size-large\"><img loading=\"lazy\" decoding=\"async\" width=\"1170\" height=\"675\" src=\"https:\/\/portalpopmais.com.br\/wp-content\/uploads\/2022\/03\/IMG-20220325-WA0047-1170x675.jpg\" alt=\"\" class=\"wp-image-109669\" title=\"\"><figcaption>Foto: Divulga\u00e7\u00e3o\/TV Globo<\/figcaption><\/figure><\/div>\n\n\n\n<p>Participante do BBB 21, Viih Tube foi contratada pela Globo para cobrir o Lollapalooza Brasil. A influenciadora digital ser\u00e1 a correspondente do Gshow no festival de que acontece em 25, 26 e 27.<\/p>\n\n\n\n<p><strong>SUBSTITUTA<\/strong>!<\/p>\n\n\n\n<div class=\"wp-block-image\"><figure class=\"aligncenter size-large\"><img loading=\"lazy\" decoding=\"async\" width=\"1170\" height=\"600\" src=\"https:\/\/portalpopmais.com.br\/wp-content\/uploads\/2022\/03\/zileide-tralli-1170x600.jpg\" alt=\"\" class=\"wp-image-109660\" title=\"\"><figcaption>Foto: Reprodu\u00e7\u00e3o\/TV Globo<\/figcaption><\/figure><\/div>\n\n\n\n<p>Segundo o site &#8220;Em OFF&#8221;, a Globo definiu Zileide Silva como substituta de Cesar Tralli no comando do &#8220;Jornal Hoje&#8221;durante f\u00e9rias, aus\u00eancias e imprevistos de \u00faltima hora.<\/p>\n\n\n\n<p><strong>CANCELADO<\/strong><\/p>\n\n\n\n<div class=\"wp-block-image\"><figure class=\"aligncenter size-full\"><img loading=\"lazy\" decoding=\"async\" width=\"924\" height=\"520\" src=\"https:\/\/portalpopmais.com.br\/wp-content\/uploads\/2022\/03\/bial-paola-1.30.1.jpg\" alt=\"\" class=\"wp-image-109657\" title=\"\"><figcaption>Foto: Reprodu\u00e7\u00e3o\/TV Globo<\/figcaption><\/figure><\/div>\n\n\n\n<p>Segundo Gabriel Vaquer, ap\u00f3s uma briga nos bastidores, a Globo cancelou o &#8220;Conversa Com Bial&#8221; \u00e0s segundas. Quando Pedro Bial estreou a nova temporada, no dia 7, seu programa entrou no ar \u00e0s 3h15. Com o fim do BBB22, que tem se estendido \u00e0s segundas, o programa voltar\u00e1 ao ar normalmente.<\/p>\n\n\n\n<p><strong>TUDO PRONTO!<\/strong><\/p>\n\n\n\n<div class=\"wp-block-image\"><figure class=\"aligncenter size-full\"><img loading=\"lazy\" decoding=\"async\" width=\"640\" height=\"480\" src=\"https:\/\/portalpopmais.com.br\/wp-content\/uploads\/2022\/03\/IMG-20220325-WA0053.jpg\" alt=\"\" class=\"wp-image-109674\" title=\"\"><figcaption>Foto: Divulga\u00e7\u00e3o\/TV Globo<\/figcaption><\/figure><\/div>\n\n\n\n<p>Segundo Fl\u00e1vio Ricco, chegou ao fim as grava\u00e7\u00f5es do reality &#8220;Cozinhe Se Puder&#8221;, com Otaviano Costa, no SBT. A estreia est\u00e1 marcada para o dia 7 de maio nas noites de s\u00e1bado.<\/p>","protected":false},"excerpt":{"rendered":"<p>O apresentador do SBT Dony de Nuccio passou por uma cirurgia de emerg\u00eancia por causa de uma h\u00e9rnia de disco. Ele detalhou no Instagram que a cirurgia durou mais de tr\u00eas horas: \u201cDeu tudo certo\u2026\u201d. BEM RECEBIDA! Ap\u00f3s deixar a Record, Sabrina Sato participar\u00e1 do Doming\u00e3o Com Huck deste fim de semana. Sabrina estar\u00e1 no [&hellip;]<\/p>\n","protected":false},"author":2,"featured_media":109663,"comment_status":"closed","ping_status":"open","sticky":false,"template":"","format":"standard","meta":{"footnotes":""},"categories":[181],"tags":[1152,774,180,882,2417,403,142,3973],"class_list":["post-109644","post","type-post","status-publish","format-standard","has-post-thumbnail","hentry","category-televisao","tag-band","tag-bbb","tag-globo","tag-record","tag-sabrina-sato","tag-sbt","tag-tv","tag-viih-tube"],"_links":{"self":[{"href":"https:\/\/portalpopmais.com.br\/en\/wp-json\/wp\/v2\/posts\/109644","targetHints":{"allow":["GET"]}}],"collection":[{"href":"https:\/\/portalpopmais.com.br\/en\/wp-json\/wp\/v2\/posts"}],"about":[{"href":"https:\/\/portalpopmais.com.br\/en\/wp-json\/wp\/v2\/types\/post"}],"author":[{"embeddable":true,"href":"https:\/\/portalpopmais.com.br\/en\/wp-json\/wp\/v2\/users\/2"}],"replies":[{"embeddable":true,"href":"https:\/\/portalpopmais.com.br\/en\/wp-json\/wp\/v2\/comments?post=109644"}],"version-history":[{"count":0,"href":"https:\/\/portalpopmais.com.br\/en\/wp-json\/wp\/v2\/posts\/109644\/revisions"}],"wp:featuredmedia":[{"embeddable":true,"href":"https:\/\/portalpopmais.com.br\/en\/wp-json\/wp\/v2\/media\/109663"}],"wp:attachment":[{"href":"https:\/\/portalpopmais.com.br\/en\/wp-json\/wp\/v2\/media?parent=109644"}],"wp:term":[{"taxonomy":"category","embeddable":true,"href":"https:\/\/portalpopmais.com.br\/en\/wp-json\/wp\/v2\/categories?post=109644"},{"taxonomy":"post_tag","embeddable":true,"href":"https:\/\/portalpopmais.com.br\/en\/wp-json\/wp\/v2\/tags?post=109644"}],"curies":[{"name":"wp","href":"https:\/\/api.w.org\/{rel}","templated":true}]}}