{"id":109805,"date":"2022-03-26T12:26:02","date_gmt":"2022-03-26T15:26:02","guid":{"rendered":"https:\/\/portalpopmais.com.br\/?p=109805"},"modified":"2022-03-26T12:26:09","modified_gmt":"2022-03-26T15:26:09","slug":"jade-tinha-razao-arthur-aguiar-detonado-redes-sociais","status":"publish","type":"post","link":"https:\/\/portalpopmais.com.br\/en\/jade-tinha-razao-arthur-aguiar-detonado-redes-sociais\/","title":{"rendered":"JADE TINHA RAZ\u00c3O: Web repercute comportamento egoc\u00eantrico de Arthur Aguiar"},"content":{"rendered":"<p class=\"wp-block-paragraph\">O ator <strong><a href=\"https:\/\/portalpopmais.com.br\/en\/bbb22-arthur-aguiar-perde-favoritismo-reacao-lideranca-linn\/\" target=\"_blank\" data-type=\"post\" data-id=\"109787\" rel=\"noreferrer noopener\">Arthur Aguiar<\/a><\/strong> est\u00e1 no centro de uma pol\u00eamica nas redes sociais, ap\u00f3s criticar a lideran\u00e7a de Linn da Quebrada no BBB22. Acontece que a cantora venceu a prova de resist\u00eancia ap\u00f3s Douglas, Pedro e Paulo Andr\u00e9 desistirem em prol da artista.<\/p>\n\n\n\n<p class=\"wp-block-paragraph\">Arthur n\u00e3o gostou da decis\u00e3o dos aliados e criticou a escolha, apontando que, por conta disso, ele ir\u00e1 ao pared\u00e3o indicado pela l\u00edder. Ainda durante a consagra\u00e7\u00e3o da lideran\u00e7a, enquanto Lina mostrava as fotos de sua fam\u00edlia para os confinados da casa, o esposo de Ma\u00edra Cardi optou por ser manter distante.<\/p>\n\n\n\n<h2 class=\"wp-block-heading\">Veja tamb\u00e9m<\/h2>\n\n\n<ul class=\"wp-block-latest-posts__list is-grid wp-block-latest-posts is-layout-flow wp-block-latest-posts-is-layout-flow\"><li><div class=\"wp-block-latest-posts__featured-image aligncenter\"><a href=\"https:\/\/portalpopmais.com.br\/en\/brasileira-expulsa-de-reality-argentina\/\" aria-label=\"Quem \u00e9 a brasileira expulsa de reality na Argentina ap\u00f3s confus\u00e3o\"><img loading=\"lazy\" decoding=\"async\" width=\"768\" height=\"456\" src=\"https:\/\/portalpopmais.com.br\/wp-content\/uploads\/2026\/08\/brasileira-expulsa-reality-argentina-portalpopmais-768x456.png\" class=\"attachment-medium size-medium wp-post-image\" alt=\"brasileira expulsa reality argentina portalpopmais\" style=\"\" srcset=\"https:\/\/portalpopmais.com.br\/wp-content\/uploads\/2026\/08\/brasileira-expulsa-reality-argentina-portalpopmais-768x456.png 768w, https:\/\/portalpopmais.com.br\/wp-content\/uploads\/2026\/08\/brasileira-expulsa-reality-argentina-portalpopmais-1170x694.png 1170w, https:\/\/portalpopmais.com.br\/wp-content\/uploads\/2026\/08\/brasileira-expulsa-reality-argentina-portalpopmais-18x10.png 18w\" sizes=\"auto, (max-width: 768px) 100vw, 768px\" title=\"\"><\/a><\/div><a class=\"wp-block-latest-posts__post-title\" href=\"https:\/\/portalpopmais.com.br\/en\/brasileira-expulsa-de-reality-argentina\/\">Quem \u00e9 a brasileira expulsa de reality na Argentina ap\u00f3s confus\u00e3o<\/a><\/li>\n<li><div class=\"wp-block-latest-posts__featured-image aligncenter\"><a href=\"https:\/\/portalpopmais.com.br\/en\/quem-e-lucas-cardoso-participante-do-rancho-maia-que-viralizou\/\" aria-label=\"Quem \u00e9 Lucas Cardoso, participante do Rancho Maia que viralizou\"><img loading=\"lazy\" decoding=\"async\" width=\"768\" height=\"456\" src=\"https:\/\/portalpopmais.com.br\/wp-content\/uploads\/2026\/08\/lucas-cardoso-768x456.png\" class=\"attachment-medium size-medium wp-post-image\" alt=\"lucas cardoso\" style=\"\" title=\"\"><\/a><\/div><a class=\"wp-block-latest-posts__post-title\" href=\"https:\/\/portalpopmais.com.br\/en\/quem-e-lucas-cardoso-participante-do-rancho-maia-que-viralizou\/\">Quem \u00e9 Lucas Cardoso, participante do Rancho Maia que viralizou<\/a><\/li>\n<li><div class=\"wp-block-latest-posts__featured-image aligncenter\"><a href=\"https:\/\/portalpopmais.com.br\/en\/davi-brito-desiste-luta-rico-melquiades\/\" aria-label=\"Davi Brito vira &#8220;piada&#8221; na web ap\u00f3s desistir de luta contra Rico Melquiades\"><img loading=\"lazy\" decoding=\"async\" width=\"768\" height=\"456\" src=\"https:\/\/portalpopmais.com.br\/wp-content\/uploads\/2026\/08\/Davi-Brito-vira-piada-na-web-apos-desistir-de-luta-contra-Rico-Melquiades-768x456.png\" class=\"attachment-medium size-medium wp-post-image\" alt=\"Davi Brito vira piada na web ap\u00f3s desistir de luta contra Rico Melquiades\" style=\"\" srcset=\"https:\/\/portalpopmais.com.br\/wp-content\/uploads\/2026\/08\/Davi-Brito-vira-piada-na-web-apos-desistir-de-luta-contra-Rico-Melquiades-768x456.png 768w, https:\/\/portalpopmais.com.br\/wp-content\/uploads\/2026\/08\/Davi-Brito-vira-piada-na-web-apos-desistir-de-luta-contra-Rico-Melquiades-1170x694.png 1170w, https:\/\/portalpopmais.com.br\/wp-content\/uploads\/2026\/08\/Davi-Brito-vira-piada-na-web-apos-desistir-de-luta-contra-Rico-Melquiades-18x10.png 18w\" sizes=\"auto, (max-width: 768px) 100vw, 768px\" title=\"\"><\/a><\/div><a class=\"wp-block-latest-posts__post-title\" href=\"https:\/\/portalpopmais.com.br\/en\/davi-brito-desiste-luta-rico-melquiades\/\">Davi Brito vira &#8220;piada&#8221; na web ap\u00f3s desistir de luta contra Rico Melquiades<\/a><\/li>\n<li><div class=\"wp-block-latest-posts__featured-image aligncenter\"><a href=\"https:\/\/portalpopmais.com.br\/en\/personal-carlinhos-maia-observa-machdove-banho\/\" aria-label=\"&#8220;H\u00e9tero&#8221;, personal de Carlinhos Maia \u00e9 flagrado observando banho de MachDove\"><img loading=\"lazy\" decoding=\"async\" width=\"768\" height=\"456\" src=\"https:\/\/portalpopmais.com.br\/wp-content\/uploads\/2026\/08\/personal-carlinhos-maia-observa-machdove-banho-768x456.png\" class=\"attachment-medium size-medium wp-post-image\" alt=\"personal carlinhos maia observa machdove banho\" style=\"\" srcset=\"https:\/\/portalpopmais.com.br\/wp-content\/uploads\/2026\/08\/personal-carlinhos-maia-observa-machdove-banho-768x456.png 768w, https:\/\/portalpopmais.com.br\/wp-content\/uploads\/2026\/08\/personal-carlinhos-maia-observa-machdove-banho-1170x694.png 1170w, https:\/\/portalpopmais.com.br\/wp-content\/uploads\/2026\/08\/personal-carlinhos-maia-observa-machdove-banho-18x10.png 18w\" sizes=\"auto, (max-width: 768px) 100vw, 768px\" title=\"\"><\/a><\/div><a class=\"wp-block-latest-posts__post-title\" href=\"https:\/\/portalpopmais.com.br\/en\/personal-carlinhos-maia-observa-machdove-banho\/\">&#8220;H\u00e9tero&#8221;, personal de Carlinhos Maia \u00e9 flagrado observando banho de MachDove<\/a><\/li>\n<li><div class=\"wp-block-latest-posts__featured-image aligncenter\"><a href=\"https:\/\/portalpopmais.com.br\/en\/video-andressa-urach-e-mc-mirella-protagonizam-barraco-e-partem-para-agressao\/\" aria-label=\"V\u00eddeo: Andressa Urach e MC Mirella protagonizam barraco e partem para agress\u00e3o\"><img loading=\"lazy\" decoding=\"async\" width=\"768\" height=\"456\" src=\"https:\/\/portalpopmais.com.br\/wp-content\/uploads\/2026\/08\/video-briga-urach-mirella-rancho-maia-768x456.png\" class=\"attachment-medium size-medium wp-post-image\" alt=\"video briga urach mirella rancho maia\" style=\"\" srcset=\"https:\/\/portalpopmais.com.br\/wp-content\/uploads\/2026\/08\/video-briga-urach-mirella-rancho-maia-768x456.png 768w, https:\/\/portalpopmais.com.br\/wp-content\/uploads\/2026\/08\/video-briga-urach-mirella-rancho-maia-1170x694.png 1170w\" sizes=\"auto, (max-width: 768px) 100vw, 768px\" title=\"\"><\/a><\/div><a class=\"wp-block-latest-posts__post-title\" href=\"https:\/\/portalpopmais.com.br\/en\/video-andressa-urach-e-mc-mirella-protagonizam-barraco-e-partem-para-agressao\/\">V\u00eddeo: Andressa Urach e MC Mirella protagonizam barraco e partem para agress\u00e3o<\/a><\/li>\n<li><div class=\"wp-block-latest-posts__featured-image aligncenter\"><a href=\"https:\/\/portalpopmais.com.br\/en\/carlinhos-maia-e-anderson-neiff-fazem-se-beijam-no-rancho-maia-veja-video\/\" aria-label=\"Carlinhos Maia e Anderson Neiff se beijam no Rancho Maia; veja v\u00eddeo\"><img loading=\"lazy\" decoding=\"async\" width=\"768\" height=\"456\" src=\"https:\/\/portalpopmais.com.br\/wp-content\/uploads\/2026\/08\/Carlinhos-Maia-e-Anderson-Neiff-768x456.png\" class=\"attachment-medium size-medium wp-post-image\" alt=\"Carlinhos Maia e Anderson Neiff\" style=\"\" srcset=\"https:\/\/portalpopmais.com.br\/wp-content\/uploads\/2026\/08\/Carlinhos-Maia-e-Anderson-Neiff-768x456.png 768w, https:\/\/portalpopmais.com.br\/wp-content\/uploads\/2026\/08\/Carlinhos-Maia-e-Anderson-Neiff-1170x694.png 1170w, https:\/\/portalpopmais.com.br\/wp-content\/uploads\/2026\/08\/Carlinhos-Maia-e-Anderson-Neiff-18x10.png 18w\" sizes=\"auto, (max-width: 768px) 100vw, 768px\" title=\"\"><\/a><\/div><a class=\"wp-block-latest-posts__post-title\" href=\"https:\/\/portalpopmais.com.br\/en\/carlinhos-maia-e-anderson-neiff-fazem-se-beijam-no-rancho-maia-veja-video\/\">Carlinhos Maia e Anderson Neiff se beijam no Rancho Maia; veja v\u00eddeo<\/a><\/li>\n<\/ul>\n\n\n<p class=\"wp-block-paragraph\">Por conta desse comportamento, internautas apontam que Jade Picon, j\u00e1 eliminada e maior rival de Arthur no BBB22, tinha raz\u00e3o ao afirmar que ele s\u00f3 pensava em si. O ator foi chamado de &#8220;egoc\u00eantrico&#8221; e ficou entre os assuntos mais comentados das redes sociais neste s\u00e1bado. Veja as <a href=\"http:\/\/instagram.com\/portalpopmais\" target=\"_blank\" rel=\"noreferrer noopener\">rea\u00e7\u00f5es<\/a>:<\/p>\n\n\n\n<figure class=\"wp-block-embed is-type-rich is-provider-twitter wp-block-embed-twitter\"><div class=\"wp-block-embed__wrapper\">\nhttps:\/\/twitter.com\/forumpandlr\/status\/1507555195152130048\n<\/div><\/figure>\n\n\n\n<figure class=\"wp-block-embed is-type-rich is-provider-twitter wp-block-embed-twitter\"><div class=\"wp-block-embed__wrapper\">\n<blockquote class=\"twitter-tweet\" data-width=\"550\" data-dnt=\"true\"><p lang=\"pt\" dir=\"ltr\">Vamos subir a hashtag JADE TINHA RAZ\u00c3O. <a href=\"https:\/\/twitter.com\/hashtag\/BBB22?src=hash&amp;ref_src=twsrc%5Etfw\" target=\"_blank\" rel=\"noopener\">#BBB22<\/a><\/p>&mdash; Chico Barney (@chicobarney) <a href=\"https:\/\/twitter.com\/chicobarney\/status\/1507546542407917574?ref_src=twsrc%5Etfw\" target=\"_blank\" rel=\"noopener\">March 26, 2022<\/a><\/blockquote><script async src=\"https:\/\/platform.twitter.com\/widgets.js\" charset=\"utf-8\"><\/script>\n<\/div><\/figure>\n\n\n\n<figure class=\"wp-block-embed is-type-rich is-provider-twitter wp-block-embed-twitter\"><div class=\"wp-block-embed__wrapper\">\nhttps:\/\/twitter.com\/lusoomotion\/status\/1507555277511479298\n<\/div><\/figure>\n\n\n\n<figure class=\"wp-block-embed is-type-rich is-provider-twitter wp-block-embed-twitter\"><div class=\"wp-block-embed__wrapper\">\nhttps:\/\/twitter.com\/dextofcs\/status\/1507550093456683013\n<\/div><\/figure>\n\n\n\n<figure class=\"wp-block-embed is-type-rich is-provider-twitter wp-block-embed-twitter\"><div class=\"wp-block-embed__wrapper\">\nhttps:\/\/twitter.com\/fxcslivz\/status\/1507548806040244224\n<\/div><\/figure>","protected":false},"excerpt":{"rendered":"<p>O ator Arthur Aguiar est\u00e1 no centro de uma pol\u00eamica nas redes sociais, ap\u00f3s criticar a lideran\u00e7a de Linn da Quebrada no BBB22. Acontece que a cantora venceu a prova de resist\u00eancia ap\u00f3s Douglas, Pedro e Paulo Andr\u00e9 desistirem em prol da artista. Arthur n\u00e3o gostou da decis\u00e3o dos aliados e criticou a escolha, apontando [&hellip;]<\/p>\n","protected":false},"author":2,"featured_media":104003,"comment_status":"closed","ping_status":"open","sticky":false,"template":"","format":"standard","meta":{"footnotes":""},"categories":[8605],"tags":[1185,9180],"class_list":["post-109805","post","type-post","status-publish","format-standard","has-post-thumbnail","hentry","category-realities","tag-arthur-aguiar","tag-jade-picon"],"_links":{"self":[{"href":"https:\/\/portalpopmais.com.br\/en\/wp-json\/wp\/v2\/posts\/109805","targetHints":{"allow":["GET"]}}],"collection":[{"href":"https:\/\/portalpopmais.com.br\/en\/wp-json\/wp\/v2\/posts"}],"about":[{"href":"https:\/\/portalpopmais.com.br\/en\/wp-json\/wp\/v2\/types\/post"}],"author":[{"embeddable":true,"href":"https:\/\/portalpopmais.com.br\/en\/wp-json\/wp\/v2\/users\/2"}],"replies":[{"embeddable":true,"href":"https:\/\/portalpopmais.com.br\/en\/wp-json\/wp\/v2\/comments?post=109805"}],"version-history":[{"count":0,"href":"https:\/\/portalpopmais.com.br\/en\/wp-json\/wp\/v2\/posts\/109805\/revisions"}],"wp:featuredmedia":[{"embeddable":true,"href":"https:\/\/portalpopmais.com.br\/en\/wp-json\/wp\/v2\/media\/104003"}],"wp:attachment":[{"href":"https:\/\/portalpopmais.com.br\/en\/wp-json\/wp\/v2\/media?parent=109805"}],"wp:term":[{"taxonomy":"category","embeddable":true,"href":"https:\/\/portalpopmais.com.br\/en\/wp-json\/wp\/v2\/categories?post=109805"},{"taxonomy":"post_tag","embeddable":true,"href":"https:\/\/portalpopmais.com.br\/en\/wp-json\/wp\/v2\/tags?post=109805"}],"curies":[{"name":"wp","href":"https:\/\/api.w.org\/{rel}","templated":true}]}}