{"id":110305,"date":"2022-03-29T14:32:02","date_gmt":"2022-03-29T17:32:02","guid":{"rendered":"https:\/\/portalpopmais.com.br\/?p=110305"},"modified":"2022-03-29T15:13:04","modified_gmt":"2022-03-29T18:13:04","slug":"day-sessao-autografos-livro-sao-paulo","status":"publish","type":"post","link":"https:\/\/portalpopmais.com.br\/en\/day-sessao-autografos-livro-sao-paulo\/","title":{"rendered":"Cantora Day far\u00e1 sess\u00e3o de aut\u00f3grafos de seu livro em S\u00e3o Paulo"},"content":{"rendered":"<p>Por tr\u00e1s de toda m\u00fasica, existe uma hist\u00f3ria, \u00e0s vezes triste, as vezes alegre e, muitas vezes, de aprendizado. Essa \u00e9 a mensagem que a cantora <strong><a href=\"https:\/\/portalpopmais.com.br\/en\/day-limns-livro-da-cantora-ja-esta-disponivel-nas-principais-livrarias-e-e-commerces-do-pais\/\" target=\"_blank\" data-type=\"post\" data-id=\"108974\" rel=\"noreferrer noopener\">Day<\/a><\/strong> quer passar em seu primeiro livro,\u00a0<strong>&#8220;Esta n\u00e3o \u00e9 apenas uma carta de amor&#8221;<\/strong>, lan\u00e7ado pela Faro Editorial, e que ter\u00e1 sess\u00e3o de aut\u00f3grafos no dia 07 de abril, a partir das 19h, na Livraria da Vila do Shopping P\u00e1tio Paulista, em S\u00e3o Paulo.<\/p>\n\n\n\n<p>Escrito em paralelo ao seu primeiro \u00e1lbum de carreira, &#8220;Bem -Vindo ao clube&#8221;, o livro levou quase 12 meses para ficar pronto e traz contos e poesias que aprofundam na hist\u00f3ria do seu primeiro amor e fazem um paralelo direto as can\u00e7\u00f5es lan\u00e7adas em seu <a href=\"http:\/\/instagram.com\/portalpopmais\" target=\"_blank\" rel=\"noreferrer noopener\">\u00e1lbum<\/a>.\u00a0<\/p>\n\n\n\n<p>Quem v\u00ea a artista de atitude, cantando sobre aceita\u00e7\u00e3o, sendo uma das vozes mais representantes do LGBTQIA+ dentro da m\u00fasica, n\u00e3o imagina que o caminho nem sempre foi t\u00e3o simples. &#8220;O \u00fanico lugar que eu tinha para sonhar era dentro do meu quarto. Minha m\u00e3e j\u00e1 sabia, e eu falava &#8216;vou vencer isso. Era tamb\u00e9m aquela pessoa que ficava pregando para as pessoas na sala de aula. Eu n\u00e3o falaria &#8216;p\u00f4, escuta minha m\u00fasica&#8217;. Eu chamaria a pessoa para ir para o encontro da Igreja. Eu era essa pessoa. Teve um momento da minha adolesc\u00eancia que eu estava liderando jovens e falando que tinha vencido minhas tenta\u00e7\u00f5es homossexuais. Eu estava mentindo para essas pessoas, sabia que o buraco era muito mais embaixo, n\u00e3o tinha vencido nada&#8221;, conta.<\/p>\n\n\n\n<p>A liberta\u00e7\u00e3o veio e com milhares de seguidores nas redes sociais, mais de 95 milh\u00f5es de visualiza\u00e7\u00f5es no Youtube e 97 milh\u00f5es de<em>&nbsp;streams<\/em>, a artista, hoje, \u00e9 muito segura de sua sexualidade e sobre a artista que \u00e9. E, agora, todos tamb\u00e9m v\u00e3o poder conhec\u00ea-la ainda mais.<\/p>\n\n\n\n<h2 class=\"wp-block-heading\"><strong><u>Servi\u00e7o<\/u><\/strong><\/h2>\n\n\n\n<p>\u00a0Sess\u00e3o de aut\u00f3grafos com a cantora Day<br>Lan\u00e7amento do livro &#8220;Est\u00e3o n\u00e3o \u00e9 apenas uma carta de amor&#8221;<br>Dia 07 de abril, a partir das 19h<br>Livraria da Vila \u2013 Shopping P\u00e1tio Paulista<br>Rua 13 de Maio 1947 \u2013 S\u00e3o Paulo<\/p>\n\n\n\n<p>*N\u00e3o haver\u00e1 distribui\u00e7\u00e3o de senhas, o atendimento ser\u00e1 por ordem de chegada. A cantora ira autografar somente os livros, que podem ser comprados no dia do evento ou com anteced\u00eancia nos principais sites e livrarias do Brasil.<\/p>","protected":false},"excerpt":{"rendered":"<p>Por tr\u00e1s de toda m\u00fasica, existe uma hist\u00f3ria, \u00e0s vezes triste, as vezes alegre e, muitas vezes, de aprendizado. Essa \u00e9 a mensagem que a cantora Day quer passar em seu primeiro livro,\u00a0&#8220;Esta n\u00e3o \u00e9 apenas uma carta de amor&#8221;, lan\u00e7ado pela Faro Editorial, e que ter\u00e1 sess\u00e3o de aut\u00f3grafos no dia 07 de abril, [&hellip;]<\/p>\n","protected":false},"author":1,"featured_media":110308,"comment_status":"closed","ping_status":"open","sticky":false,"template":"","format":"standard","meta":{"footnotes":""},"categories":[2215],"tags":[3697],"class_list":["post-110305","post","type-post","status-publish","format-standard","has-post-thumbnail","hentry","category-eventos","tag-day"],"_links":{"self":[{"href":"https:\/\/portalpopmais.com.br\/en\/wp-json\/wp\/v2\/posts\/110305","targetHints":{"allow":["GET"]}}],"collection":[{"href":"https:\/\/portalpopmais.com.br\/en\/wp-json\/wp\/v2\/posts"}],"about":[{"href":"https:\/\/portalpopmais.com.br\/en\/wp-json\/wp\/v2\/types\/post"}],"author":[{"embeddable":true,"href":"https:\/\/portalpopmais.com.br\/en\/wp-json\/wp\/v2\/users\/1"}],"replies":[{"embeddable":true,"href":"https:\/\/portalpopmais.com.br\/en\/wp-json\/wp\/v2\/comments?post=110305"}],"version-history":[{"count":0,"href":"https:\/\/portalpopmais.com.br\/en\/wp-json\/wp\/v2\/posts\/110305\/revisions"}],"wp:featuredmedia":[{"embeddable":true,"href":"https:\/\/portalpopmais.com.br\/en\/wp-json\/wp\/v2\/media\/110308"}],"wp:attachment":[{"href":"https:\/\/portalpopmais.com.br\/en\/wp-json\/wp\/v2\/media?parent=110305"}],"wp:term":[{"taxonomy":"category","embeddable":true,"href":"https:\/\/portalpopmais.com.br\/en\/wp-json\/wp\/v2\/categories?post=110305"},{"taxonomy":"post_tag","embeddable":true,"href":"https:\/\/portalpopmais.com.br\/en\/wp-json\/wp\/v2\/tags?post=110305"}],"curies":[{"name":"wp","href":"https:\/\/api.w.org\/{rel}","templated":true}]}}