{"id":11043,"date":"2018-09-19T14:24:51","date_gmt":"2018-09-19T14:24:51","guid":{"rendered":"http:\/\/popmais.com.br\/?p=11043"},"modified":"2018-09-19T14:24:51","modified_gmt":"2018-09-19T14:24:51","slug":"artista-espanhola-rosalia-divulga-data-de-seu-novo-album-intitulado-el-mal-querer","status":"publish","type":"post","link":"https:\/\/portalpopmais.com.br\/en\/artista-espanhola-rosalia-divulga-data-de-seu-novo-album-intitulado-el-mal-querer\/","title":{"rendered":"Artista espanhola ROSAL\u00cdA divulga data de seu novo \u00e1lbum intitulado &#8220;El Mal Querer&#8221;"},"content":{"rendered":"<p>A\u00a0<strong>Sony Music Espanha<\/strong>\u00a0anunciou o lan\u00e7amento global do pr\u00f3ximo \u00e1lbum de<strong>\u00a0ROSAL\u00cdA<\/strong>, que chega\u00a0<strong>dia 2 de novembro<\/strong>, intitulado &#8220;<strong>El Mal Querer<\/strong>&#8220;. Composto pela artista e coproduzido junto com El Guincho, o disco j\u00e1 \u00e9 considerado um dos lan\u00e7amentos mais esperados do pr\u00f3ximo semestre.<\/p>\n<p>Com uma nomea\u00e7\u00e3o ao Grammy Latino como &#8220;Melhor Artista Revela\u00e7\u00e3o&#8221; por seu primeiro \u00e1lbum &#8220;Los \u00c1ngeles&#8221;, Ros\u00e1lia deu um passo a mais e desenvolveu um som distinto e \u00fanico que mescla as influ\u00eancias do flamenco cl\u00e1ssico com sons urbanos modernos. O resultado \u00e9 uma nova fus\u00e3o de sons que, combinado ao estilo \u00fanico da artista e com seus inovadores clipes, transformaram a cantora e compositora de 24 anos na principal voz de uma nova gera\u00e7\u00e3o na Espanha, com uma base de f\u00e3s crescente no mundo inteiro.<\/p>\n<p><iframe loading=\"lazy\" title=\"ROSAL\u00cdA - MALAMENTE  (Cap.1: Augurio)\" width=\"880\" height=\"495\" src=\"https:\/\/www.youtube.com\/embed\/Rht7rBHuXW8?feature=oembed\" frameborder=\"0\" allow=\"accelerometer; autoplay; encrypted-media; gyroscope; picture-in-picture\" allowfullscreen><\/iframe><\/p>\n<p>&nbsp;<\/p>\n<p>Um fator importante para essa explos\u00e3o cultural foi o lan\u00e7amento dos singles e clipes de &#8220;Malamente&#8221; e &#8220;Pienso En Tu Mir\u00e1&#8221;, que n\u00e3o demoraram a receber elogios por suas cinematografias deslumbrantes e como &#8220;Melhores V\u00eddeos de 2018&#8221;. Com esses avan\u00e7os, outros m\u00fasicos como Pharrell Williams, Khalid, J Balvin, Juanes y Romeo Santos surgiram nas redes sociais para expressar apoio a ROSAL\u00cdA. A qualidade de sua m\u00fasica tamb\u00e9m atraiu rapidamente a aten\u00e7\u00e3o de Pedro Almod\u00f3var, com quem estrear\u00e1 como atriz, trabalhando com Pen\u00e9lope Cruz no pr\u00f3ximo filme do famoso diretor, &#8220;Dolor y Gloria&#8221;. Agora, no dia 2 de novembro com o lan\u00e7amento de \u201cEl Mal Querer\u201d, os f\u00e3s poder\u00e3o explorar os novos cap\u00edtulos da hist\u00f3ria que come\u00e7ou com \u201cMalamente\u201d e \u201cPienso En Tu Mir\u00e1\u201d.<\/p>\n<p><iframe loading=\"lazy\" title=\"ROSAL\u00cdA - PIENSO EN TU MIR\u00c1 (Cap.3: Celos)\" width=\"880\" height=\"495\" src=\"https:\/\/www.youtube.com\/embed\/p_4coiRG_BI?feature=oembed\" frameborder=\"0\" allow=\"accelerometer; autoplay; encrypted-media; gyroscope; picture-in-picture\" allowfullscreen><\/iframe><\/p>\n<p>&#8220;&#8216;El Mal Querer&#8217; \u00e9 a minha forma de entender o flamenco, aqui e agora&#8221;, explica ROSAL\u00cdA. &#8220;Trabalhei neste projeto durante dois anos da minha vida, contruindo-o sem pressa. Me permitiu crescer como cantora, compositora e produtora, e me sinto muito agradecida por isso. Meu sonho \u00e9 compartilhar minha m\u00fasica com as pessoas, essas can\u00e7\u00f5es s\u00e3o feitas para todo o mundo&#8221;, completa.<\/p>\n<p><strong><em><u>\u00a0<\/u><\/em><\/strong><\/p>","protected":false},"excerpt":{"rendered":"<p>A\u00a0Sony Music Espanha\u00a0anunciou o lan\u00e7amento global do pr\u00f3ximo \u00e1lbum de\u00a0ROSAL\u00cdA, que chega\u00a0dia 2 de novembro, intitulado &#8220;El Mal Querer&#8220;. Composto pela artista e coproduzido junto com El Guincho, o disco j\u00e1 \u00e9 considerado um dos lan\u00e7amentos mais esperados do pr\u00f3ximo semestre. Com uma nomea\u00e7\u00e3o ao Grammy Latino como &#8220;Melhor Artista Revela\u00e7\u00e3o&#8221; por seu primeiro \u00e1lbum [&hellip;]<\/p>\n","protected":false},"author":2,"featured_media":11044,"comment_status":"open","ping_status":"open","sticky":false,"template":"","format":"standard","meta":{"footnotes":""},"categories":[1],"tags":[],"class_list":["post-11043","post","type-post","status-publish","format-standard","has-post-thumbnail","hentry","category-fire2"],"_links":{"self":[{"href":"https:\/\/portalpopmais.com.br\/en\/wp-json\/wp\/v2\/posts\/11043","targetHints":{"allow":["GET"]}}],"collection":[{"href":"https:\/\/portalpopmais.com.br\/en\/wp-json\/wp\/v2\/posts"}],"about":[{"href":"https:\/\/portalpopmais.com.br\/en\/wp-json\/wp\/v2\/types\/post"}],"author":[{"embeddable":true,"href":"https:\/\/portalpopmais.com.br\/en\/wp-json\/wp\/v2\/users\/2"}],"replies":[{"embeddable":true,"href":"https:\/\/portalpopmais.com.br\/en\/wp-json\/wp\/v2\/comments?post=11043"}],"version-history":[{"count":0,"href":"https:\/\/portalpopmais.com.br\/en\/wp-json\/wp\/v2\/posts\/11043\/revisions"}],"wp:featuredmedia":[{"embeddable":true,"href":"https:\/\/portalpopmais.com.br\/en\/wp-json\/"}],"wp:attachment":[{"href":"https:\/\/portalpopmais.com.br\/en\/wp-json\/wp\/v2\/media?parent=11043"}],"wp:term":[{"taxonomy":"category","embeddable":true,"href":"https:\/\/portalpopmais.com.br\/en\/wp-json\/wp\/v2\/categories?post=11043"},{"taxonomy":"post_tag","embeddable":true,"href":"https:\/\/portalpopmais.com.br\/en\/wp-json\/wp\/v2\/tags?post=11043"}],"curies":[{"name":"wp","href":"https:\/\/api.w.org\/{rel}","templated":true}]}}