{"id":111236,"date":"2022-04-05T08:44:50","date_gmt":"2022-04-05T11:44:50","guid":{"rendered":"https:\/\/portalpopmais.com.br\/?p=111236"},"modified":"2022-04-05T08:44:58","modified_gmt":"2022-04-05T11:44:58","slug":"will-smith-se-interna-em-clinica-de-reabilitacao-apos-tapa-em-chris-rock","status":"publish","type":"post","link":"https:\/\/portalpopmais.com.br\/en\/will-smith-se-interna-em-clinica-de-reabilitacao-apos-tapa-em-chris-rock\/","title":{"rendered":"Will Smith se interna em cl\u00ednica de reabilita\u00e7\u00e3o ap\u00f3s tapa em Chris Rock"},"content":{"rendered":"<p><strong><a href=\"https:\/\/portalpopmais.com.br\/en\/plantao-cinefilo-5-filmes-que-provam-que-will-smith-merece-o-premio-de-melhor-ator-do-oscar\/\" target=\"_blank\" data-type=\"post\" data-id=\"110589\" rel=\"noreferrer noopener\">Will Smith<\/a><\/strong>, que deu um tapa na cara de Chris Rock ap\u00f3s o humorista fazer uma piada com a mulher do <a href=\"http:\/\/instagram.com\/portalpopmais\" target=\"_blank\" rel=\"noopener\">ator<\/a>, resolveu se internar em uma cl\u00ednica de reabilita\u00e7\u00e3o de alto padr\u00e3o dos Estados Unidos.<\/p>\n\n\n\n<p>Segundo o jornal The Sun, o astro de Hollywood decidiu se isolar da vida social para poder lidar com a grande rejei\u00e7\u00e3o que vem sofrendo pelo seu ato de viol\u00eancia no palco da \u00faltima edi\u00e7\u00e3o do Oscar.<\/p>\n\n\n\n<ul class=\"wp-block-list\"><li><strong>Veja tamb\u00e9m: <a href=\"https:\/\/portalpopmais.com.br\/en\/plantao-cinefilo-5-filmes-que-provam-que-will-smith-merece-o-premio-de-melhor-ator-do-oscar\/\" data-type=\"post\" data-id=\"110589\">5 filmes que provam que Will Smith \u00e9 merecedor do Oscar<\/a><\/strong><\/li><\/ul>\n\n\n\n<p>Antes de decidir se intentar, o ator chegou a vir a p\u00fablico por meio das redes sociais para pedir desculpas para o p\u00fablico e para Chris por sua atitude agressiva:<\/p>\n\n\n\n<p>&#8220;Minhas a\u00e7\u00f5es na apresenta\u00e7\u00e3o Oscar foram chocantes, dolorosas e imperdo\u00e1veis. A lista daqueles que machuquei \u00e9 longa e inclui Chris, sua fam\u00edlia, muitos dos meus queridos amigos&#8221;, disse o astro em um post nas redes sociais.<\/p>\n\n\n\n<p>Nos \u00faltimos dias, a academia de cinema que realiza a premia\u00e7\u00e3o do Oscar tem estudado expulsar Smith da associa\u00e7\u00e3o. A reuni\u00e3o de decis\u00e3o para a perman\u00eancia ou n\u00e3o do artista est\u00e1 marcada para a pr\u00f3xima semana.<\/p>","protected":false},"excerpt":{"rendered":"<p>Will Smith, que deu um tapa na cara de Chris Rock ap\u00f3s o humorista fazer uma piada com a mulher do ator, resolveu se internar em uma cl\u00ednica de reabilita\u00e7\u00e3o de alto padr\u00e3o dos Estados Unidos. Segundo o jornal The Sun, o astro de Hollywood decidiu se isolar da vida social para poder lidar com [&hellip;]<\/p>\n","protected":false},"author":3,"featured_media":96230,"comment_status":"closed","ping_status":"open","sticky":false,"template":"","format":"standard","meta":{"footnotes":""},"categories":[173],"tags":[678],"class_list":["post-111236","post","type-post","status-publish","format-standard","has-post-thumbnail","hentry","category-celebridades","tag-will-smith"],"_links":{"self":[{"href":"https:\/\/portalpopmais.com.br\/en\/wp-json\/wp\/v2\/posts\/111236","targetHints":{"allow":["GET"]}}],"collection":[{"href":"https:\/\/portalpopmais.com.br\/en\/wp-json\/wp\/v2\/posts"}],"about":[{"href":"https:\/\/portalpopmais.com.br\/en\/wp-json\/wp\/v2\/types\/post"}],"author":[{"embeddable":true,"href":"https:\/\/portalpopmais.com.br\/en\/wp-json\/wp\/v2\/users\/3"}],"replies":[{"embeddable":true,"href":"https:\/\/portalpopmais.com.br\/en\/wp-json\/wp\/v2\/comments?post=111236"}],"version-history":[{"count":0,"href":"https:\/\/portalpopmais.com.br\/en\/wp-json\/wp\/v2\/posts\/111236\/revisions"}],"wp:featuredmedia":[{"embeddable":true,"href":"https:\/\/portalpopmais.com.br\/en\/wp-json\/wp\/v2\/media\/96230"}],"wp:attachment":[{"href":"https:\/\/portalpopmais.com.br\/en\/wp-json\/wp\/v2\/media?parent=111236"}],"wp:term":[{"taxonomy":"category","embeddable":true,"href":"https:\/\/portalpopmais.com.br\/en\/wp-json\/wp\/v2\/categories?post=111236"},{"taxonomy":"post_tag","embeddable":true,"href":"https:\/\/portalpopmais.com.br\/en\/wp-json\/wp\/v2\/tags?post=111236"}],"curies":[{"name":"wp","href":"https:\/\/api.w.org\/{rel}","templated":true}]}}