{"id":111810,"date":"2022-04-08T12:19:13","date_gmt":"2022-04-08T15:19:13","guid":{"rendered":"https:\/\/portalpopmais.com.br\/?p=111810"},"modified":"2022-04-08T12:19:28","modified_gmt":"2022-04-08T15:19:28","slug":"tiago-leifert-volta-a-tv-para-participar-de-programa-da-cnn-brasil","status":"publish","type":"post","link":"https:\/\/portalpopmais.com.br\/en\/tiago-leifert-volta-a-tv-para-participar-de-programa-da-cnn-brasil\/","title":{"rendered":"Tiago Leifert volta \u00e0 TV para participar de programa da CNN Brasil"},"content":{"rendered":"<p>Neste s\u00e1bado (9), o apresentador Tiago Leifert participa do programa \u201cEm Alta CNN\u201d na CNN Brasil. O tema do programa \u00e9 sobre a ind\u00fastria de games que est\u00e1 em alta no mercado. Na Globo, Leifert apresentava um programa que tamb\u00e9m tratava da tem\u00e1tica, nas noites de s\u00e1bado.<\/p>\n\n\n\n<p>O programa vai contar com a reuni\u00e3o de cinco pessoas que tiveram passagem pela Globo: Tiago Leifert, al\u00e9m dos apresentadores Philipe Siani e Mari Palma, e tamb\u00e9m os apresentadores do \u201cExpresso CNN\u201d Elisa Veeck e Evandro Cini.<\/p>\n\n\n\n<p>Elisa teve uma grande jornada na afiliada da emissora carioca, na Rede Vanguarda de S\u00e3o Jos\u00e9 dos Campos no interior de S\u00e3o Paulo. J\u00e1 Cini trilhou sua trajet\u00f3ria antes de ser contratado da CNN na TV TEM de Bauru, tamb\u00e9m em S\u00e3o Paulo. Siani e Mari atuaram na Globo S\u00e3o Paulo e Leifert nas produ\u00e7\u00f5es da Globo no Rio, dentre o destaque foi a apresenta\u00e7\u00e3o do \u201cBig Brother Brasil\u201d.<\/p>\n\n\n\n<p>Sobre Tiago, o apresentador teve passagens pelo SporTV em 2006, onde era rep\u00f3rter e logo foi promovido a editor-chefe do \u201cGlobo Esporte\u201d. Em 2010, 2014 e 2018, comandou a \u201cCentral da Copa\u201d. Fora do universo esportivo, atuou na apresenta\u00e7\u00e3o do \u201dThe Voice\u201d desde 2012, e em 2017 passou a comandar o \u201cBBB\u201d. No ano passado, pediu demiss\u00e3o para cuidar da filha que foi diagnosticada com retinoblastoma, c\u00e2ncer raro nos olhos.<\/p>","protected":false},"excerpt":{"rendered":"<p>Neste s\u00e1bado (9), o apresentador Tiago Leifert participa do programa \u201cEm Alta CNN\u201d na CNN Brasil. O tema do programa \u00e9 sobre a ind\u00fastria de games que est\u00e1 em alta no mercado. Na Globo, Leifert apresentava um programa que tamb\u00e9m tratava da tem\u00e1tica, nas noites de s\u00e1bado. O programa vai contar com a reuni\u00e3o de [&hellip;]<\/p>\n","protected":false},"author":2,"featured_media":111812,"comment_status":"closed","ping_status":"open","sticky":false,"template":"","format":"standard","meta":{"footnotes":""},"categories":[181],"tags":[1106,180,4290],"class_list":["post-111810","post","type-post","status-publish","format-standard","has-post-thumbnail","hentry","category-televisao","tag-cnn-brasil","tag-globo","tag-tiago-leifert"],"_links":{"self":[{"href":"https:\/\/portalpopmais.com.br\/en\/wp-json\/wp\/v2\/posts\/111810","targetHints":{"allow":["GET"]}}],"collection":[{"href":"https:\/\/portalpopmais.com.br\/en\/wp-json\/wp\/v2\/posts"}],"about":[{"href":"https:\/\/portalpopmais.com.br\/en\/wp-json\/wp\/v2\/types\/post"}],"author":[{"embeddable":true,"href":"https:\/\/portalpopmais.com.br\/en\/wp-json\/wp\/v2\/users\/2"}],"replies":[{"embeddable":true,"href":"https:\/\/portalpopmais.com.br\/en\/wp-json\/wp\/v2\/comments?post=111810"}],"version-history":[{"count":0,"href":"https:\/\/portalpopmais.com.br\/en\/wp-json\/wp\/v2\/posts\/111810\/revisions"}],"wp:featuredmedia":[{"embeddable":true,"href":"https:\/\/portalpopmais.com.br\/en\/wp-json\/wp\/v2\/media\/111812"}],"wp:attachment":[{"href":"https:\/\/portalpopmais.com.br\/en\/wp-json\/wp\/v2\/media?parent=111810"}],"wp:term":[{"taxonomy":"category","embeddable":true,"href":"https:\/\/portalpopmais.com.br\/en\/wp-json\/wp\/v2\/categories?post=111810"},{"taxonomy":"post_tag","embeddable":true,"href":"https:\/\/portalpopmais.com.br\/en\/wp-json\/wp\/v2\/tags?post=111810"}],"curies":[{"name":"wp","href":"https:\/\/api.w.org\/{rel}","templated":true}]}}