{"id":112759,"date":"2022-04-15T00:36:28","date_gmt":"2022-04-15T03:36:28","guid":{"rendered":"https:\/\/portalpopmais.com.br\/?p=112759"},"modified":"2022-04-15T00:36:31","modified_gmt":"2022-04-15T03:36:31","slug":"bbb22-tadeu-schmidt-bronca-arthur-aguiar","status":"publish","type":"post","link":"https:\/\/portalpopmais.com.br\/en\/bbb22-tadeu-schmidt-bronca-arthur-aguiar\/","title":{"rendered":"BBB22: Ao vivo, Tadeu d\u00e1 bronca em Arthur e alerta a brothers: &#8220;De \u00faltima hora&#8221;"},"content":{"rendered":"<p class=\"wp-block-paragraph\">Clima de poucos amigos no BBB22! <strong><a href=\"http:\/\/instagram.com\/portalpopmais\" target=\"_blank\" rel=\"noopener\">Tadeu Schmidt<\/a><\/strong> deu uma bronca em Arthur Aguiar ao vivo na noite desta quinta-feira (14), durante mais uma prova do l\u00edder que rolou no reality da Globo. O ator quis tirar mais d\u00favidas sobre a din\u00e2mica, quando os demais participantes j\u00e1 haviam sa\u00eddo da \u00e1rea de provas, e n\u00e3o receberiam tal <a href=\"http:\/\/portalpopmais.com.br\/en\/\">informa\u00e7\u00e3o<\/a>. <\/p>\n\n\n\n<p class=\"wp-block-paragraph\"><em>&#8220;Tadeu eu tenho o limite de coisas que eu posso usar ou eu posso usar todos que eu quiser?&#8221;<\/em>, questionou o ator. <em>&#8220;Arthur eu preciso tirar as d\u00favidas pra todo mundo&#8221;<\/em>, explicou o apresentador, j\u00e1 recebendo um pedido de desculpas do participante na sequ\u00eancia. <em>&#8220;Ai desculpa, perd\u00e3o&#8221;, <\/em>disse.<\/p>\n\n\n\n<h2 class=\"wp-block-heading\">Veja tamb\u00e9m<\/h2>\n\n\n<ul class=\"wp-block-latest-posts__list is-grid aligncenter wp-block-latest-posts is-layout-flow wp-block-latest-posts-is-layout-flow\"><li><div class=\"wp-block-latest-posts__featured-image aligncenter\"><a href=\"https:\/\/portalpopmais.com.br\/en\/homem-condenado-morte-tupac\/\" aria-label=\"Quase 30 anos ap\u00f3s o crime, homem \u00e9 condenado pelo assassinato de Tupac Shakur\"><img loading=\"lazy\" decoding=\"async\" width=\"768\" height=\"456\" src=\"https:\/\/portalpopmais.com.br\/wp-content\/uploads\/2026\/09\/homem-condenado-morte-tuac-768x456.png\" class=\"attachment-medium size-medium wp-post-image\" alt=\"homem condenado morte tuac\" style=\"\" srcset=\"https:\/\/portalpopmais.com.br\/wp-content\/uploads\/2026\/09\/homem-condenado-morte-tuac-768x456.png 768w, https:\/\/portalpopmais.com.br\/wp-content\/uploads\/2026\/09\/homem-condenado-morte-tuac-1170x694.png 1170w, https:\/\/portalpopmais.com.br\/wp-content\/uploads\/2026\/09\/homem-condenado-morte-tuac-18x10.png 18w\" sizes=\"auto, (max-width: 768px) 100vw, 768px\" title=\"\"><\/a><\/div><a class=\"wp-block-latest-posts__post-title\" href=\"https:\/\/portalpopmais.com.br\/en\/homem-condenado-morte-tupac\/\">Quase 30 anos ap\u00f3s o crime, homem \u00e9 condenado pelo assassinato de Tupac Shakur<\/a><\/li>\n<li><div class=\"wp-block-latest-posts__featured-image aligncenter\"><a href=\"https:\/\/portalpopmais.com.br\/en\/pedro-scooby-confirma-o-fim-do-casamento-com-cintia-dicker\/\" aria-label=\"Pedro Scooby confirma o fim do casamento com Cintia Dicker\"><img loading=\"lazy\" decoding=\"async\" width=\"768\" height=\"456\" src=\"https:\/\/portalpopmais.com.br\/wp-content\/uploads\/2026\/08\/design-sem-nome-11-1-768x456.jpg\" class=\"attachment-medium size-medium wp-post-image\" alt=\"design sem nome 11 (1)\" style=\"\" srcset=\"https:\/\/portalpopmais.com.br\/wp-content\/uploads\/2026\/08\/design-sem-nome-11-1-768x456.jpg 768w, https:\/\/portalpopmais.com.br\/wp-content\/uploads\/2026\/08\/design-sem-nome-11-1-18x12.jpg 18w\" sizes=\"auto, (max-width: 768px) 100vw, 768px\" title=\"\"><\/a><\/div><a class=\"wp-block-latest-posts__post-title\" href=\"https:\/\/portalpopmais.com.br\/en\/pedro-scooby-confirma-o-fim-do-casamento-com-cintia-dicker\/\">Pedro Scooby confirma o fim do casamento com Cintia Dicker<\/a><\/li>\n<li><div class=\"wp-block-latest-posts__featured-image aligncenter\"><a href=\"https:\/\/portalpopmais.com.br\/en\/lionel-richie-e-internado-na-uti-apos-show-nos-estados-unidos-diz-site\/\" aria-label=\"Lionel Richie \u00e9 internado na UTI ap\u00f3s show nos Estados Unidos, diz site\"><img loading=\"lazy\" decoding=\"async\" width=\"768\" height=\"456\" src=\"https:\/\/portalpopmais.com.br\/wp-content\/uploads\/2025\/09\/lionel-richie-live-2023-getty-768x456.jpg\" class=\"attachment-medium size-medium wp-post-image\" alt=\"\" style=\"\" srcset=\"https:\/\/portalpopmais.com.br\/wp-content\/uploads\/2025\/09\/lionel-richie-live-2023-getty-768x456.jpg 768w, https:\/\/portalpopmais.com.br\/wp-content\/uploads\/2025\/09\/lionel-richie-live-2023-getty-1170x694.jpg 1170w, https:\/\/portalpopmais.com.br\/wp-content\/uploads\/2025\/09\/lionel-richie-live-2023-getty-18x12.jpg 18w\" sizes=\"auto, (max-width: 768px) 100vw, 768px\" title=\"\"><\/a><\/div><a class=\"wp-block-latest-posts__post-title\" href=\"https:\/\/portalpopmais.com.br\/en\/lionel-richie-e-internado-na-uti-apos-show-nos-estados-unidos-diz-site\/\">Lionel Richie \u00e9 internado na UTI ap\u00f3s show nos Estados Unidos, diz site<\/a><\/li>\n<li><div class=\"wp-block-latest-posts__featured-image aligncenter\"><a href=\"https:\/\/portalpopmais.com.br\/en\/chrigor-revela-que-foi-intubado-duas-vezes-e-diz-que-pessoas-chegaram-a-procurar-sua-mae-para-saber-sobre-velorio\/\" aria-label=\"Chrigor revela que foi intubado duas vezes e diz que pessoas chegaram a procurar sua m\u00e3e para saber sobre vel\u00f3rio\"><img loading=\"lazy\" decoding=\"async\" width=\"768\" height=\"456\" src=\"https:\/\/portalpopmais.com.br\/wp-content\/uploads\/2025\/09\/chrigor-pega-samba-768x456.jpg\" class=\"attachment-medium size-medium wp-post-image\" alt=\"\" style=\"\" srcset=\"https:\/\/portalpopmais.com.br\/wp-content\/uploads\/2025\/09\/chrigor-pega-samba-768x456.jpg 768w, https:\/\/portalpopmais.com.br\/wp-content\/uploads\/2025\/09\/chrigor-pega-samba-1170x694.jpg 1170w, https:\/\/portalpopmais.com.br\/wp-content\/uploads\/2025\/09\/chrigor-pega-samba-18x10.jpg 18w\" sizes=\"auto, (max-width: 768px) 100vw, 768px\" title=\"\"><\/a><\/div><a class=\"wp-block-latest-posts__post-title\" href=\"https:\/\/portalpopmais.com.br\/en\/chrigor-revela-que-foi-intubado-duas-vezes-e-diz-que-pessoas-chegaram-a-procurar-sua-mae-para-saber-sobre-velorio\/\">Chrigor revela que foi intubado duas vezes e diz que pessoas chegaram a procurar sua m\u00e3e para saber sobre vel\u00f3rio<\/a><\/li>\n<li><div class=\"wp-block-latest-posts__featured-image aligncenter\"><a href=\"https:\/\/portalpopmais.com.br\/en\/diogo-defante-surpreende-internautas-ao-surgir-musculoso-veja-o-antes-e-depois\/\" aria-label=\"Diogo Defante surpreende internautas ao surgir musculoso; veja o antes e depois\"><img loading=\"lazy\" decoding=\"async\" width=\"768\" height=\"448\" src=\"https:\/\/portalpopmais.com.br\/wp-content\/uploads\/2026\/06\/Diogo-Defante-e-detido-nos-EUA-durante-cobertura-da-Copa-768x448.jpg\" class=\"attachment-medium size-medium wp-post-image\" alt=\"Diogo Defante \u00e9 detido nos EUA durante cobertura da Copa\" style=\"\" srcset=\"https:\/\/portalpopmais.com.br\/wp-content\/uploads\/2026\/06\/Diogo-Defante-e-detido-nos-EUA-durante-cobertura-da-Copa-768x448.jpg 768w, https:\/\/portalpopmais.com.br\/wp-content\/uploads\/2026\/06\/Diogo-Defante-e-detido-nos-EUA-durante-cobertura-da-Copa-18x10.jpg 18w\" sizes=\"auto, (max-width: 768px) 100vw, 768px\" title=\"\"><\/a><\/div><a class=\"wp-block-latest-posts__post-title\" href=\"https:\/\/portalpopmais.com.br\/en\/diogo-defante-surpreende-internautas-ao-surgir-musculoso-veja-o-antes-e-depois\/\">Diogo Defante surpreende internautas ao surgir musculoso; veja o antes e depois<\/a><\/li>\n<li><div class=\"wp-block-latest-posts__featured-image aligncenter\"><a href=\"https:\/\/portalpopmais.com.br\/en\/morte-da-princesa-diana-completa-29-anos-saiba-o-que-aconteceu-com-o-unico-sobrevivente-do-acidente\/\" aria-label=\"Morte da princesa Diana completa 29 anos: saiba o que aconteceu com o \u00fanico sobrevivente do acidente\"><img loading=\"lazy\" decoding=\"async\" width=\"768\" height=\"456\" src=\"https:\/\/portalpopmais.com.br\/wp-content\/uploads\/2022\/08\/Princesa-Diana-768x456.jpg\" class=\"attachment-medium size-medium wp-post-image\" alt=\"Princesa Diana\" style=\"\" srcset=\"https:\/\/portalpopmais.com.br\/wp-content\/uploads\/2022\/08\/Princesa-Diana-768x456.jpg 768w, https:\/\/portalpopmais.com.br\/wp-content\/uploads\/2022\/08\/Princesa-Diana-1170x694.jpg 1170w\" sizes=\"auto, (max-width: 768px) 100vw, 768px\" title=\"\"><\/a><\/div><a class=\"wp-block-latest-posts__post-title\" href=\"https:\/\/portalpopmais.com.br\/en\/morte-da-princesa-diana-completa-29-anos-saiba-o-que-aconteceu-com-o-unico-sobrevivente-do-acidente\/\">Morte da princesa Diana completa 29 anos: saiba o que aconteceu com o \u00fanico sobrevivente do acidente<\/a><\/li>\n<\/ul>\n\n\n<p class=\"wp-block-paragraph\"><em>&#8220;Ent\u00e3o vou fazer o seguinte, eu vou falar pra voc\u00ea e depois vou falar l\u00e1 na sala pra todo mundo&#8221;,<\/em> completou Tadeu Schmidt, dando finalmente a informa\u00e7\u00e3o ao brother. &#8220;<em>T\u00e1 \u00f3timo, obrigado, desculpa&#8221;, <\/em>lamentou novamente o marido de Ma\u00edra Cardi. <em>&#8220;Sem problemas&#8221;, <\/em>finalizou o jornalista.<\/p>\n\n\n\n<p class=\"wp-block-paragraph\">&#8220;<em>Aten\u00e7\u00e3o pessoal na sala. O Arthur teve uma d\u00favida de \u00faltima hora: se podia utilizar todos os pinc\u00e9is, todos os tons, aqueles que s\u00e3o m\u00f3veis e que est\u00e3o l\u00e1 em cima. Voc\u00ea usa todos ou nenhum, voc\u00ea usa como voc\u00ea quiser. Usa v\u00e1rios, usa menos, usa mais, como voc\u00eas quiserem. O importante \u00e9 passar pelos tr\u00eas produtos e cair na ca\u00e7apa&#8221;<\/em>, explicou Tadeu para os demais brother na sala.<\/p>","protected":false},"excerpt":{"rendered":"<p>Clima de poucos amigos no BBB22! Tadeu Schmidt deu uma bronca em Arthur Aguiar ao vivo na noite desta quinta-feira (14), durante mais uma prova do l\u00edder que rolou no reality da Globo. O ator quis tirar mais d\u00favidas sobre a din\u00e2mica, quando os demais participantes j\u00e1 haviam sa\u00eddo da \u00e1rea de provas, e n\u00e3o [&hellip;]<\/p>\n","protected":false},"author":2,"featured_media":112761,"comment_status":"closed","ping_status":"open","sticky":false,"template":"","format":"standard","meta":{"footnotes":""},"categories":[8605],"tags":[1185,9193],"class_list":["post-112759","post","type-post","status-publish","format-standard","has-post-thumbnail","hentry","category-realities","tag-arthur-aguiar","tag-tadeu-schmidt"],"_links":{"self":[{"href":"https:\/\/portalpopmais.com.br\/en\/wp-json\/wp\/v2\/posts\/112759","targetHints":{"allow":["GET"]}}],"collection":[{"href":"https:\/\/portalpopmais.com.br\/en\/wp-json\/wp\/v2\/posts"}],"about":[{"href":"https:\/\/portalpopmais.com.br\/en\/wp-json\/wp\/v2\/types\/post"}],"author":[{"embeddable":true,"href":"https:\/\/portalpopmais.com.br\/en\/wp-json\/wp\/v2\/users\/2"}],"replies":[{"embeddable":true,"href":"https:\/\/portalpopmais.com.br\/en\/wp-json\/wp\/v2\/comments?post=112759"}],"version-history":[{"count":0,"href":"https:\/\/portalpopmais.com.br\/en\/wp-json\/wp\/v2\/posts\/112759\/revisions"}],"wp:featuredmedia":[{"embeddable":true,"href":"https:\/\/portalpopmais.com.br\/en\/wp-json\/wp\/v2\/media\/112761"}],"wp:attachment":[{"href":"https:\/\/portalpopmais.com.br\/en\/wp-json\/wp\/v2\/media?parent=112759"}],"wp:term":[{"taxonomy":"category","embeddable":true,"href":"https:\/\/portalpopmais.com.br\/en\/wp-json\/wp\/v2\/categories?post=112759"},{"taxonomy":"post_tag","embeddable":true,"href":"https:\/\/portalpopmais.com.br\/en\/wp-json\/wp\/v2\/tags?post=112759"}],"curies":[{"name":"wp","href":"https:\/\/api.w.org\/{rel}","templated":true}]}}