{"id":112785,"date":"2022-04-15T09:52:36","date_gmt":"2022-04-15T12:52:36","guid":{"rendered":"https:\/\/portalpopmais.com.br\/?p=112785"},"modified":"2022-04-15T09:58:14","modified_gmt":"2022-04-15T12:58:14","slug":"pedro-scooby-arthur-aguiar-desentendem-clima-pesa","status":"publish","type":"post","link":"https:\/\/portalpopmais.com.br\/en\/pedro-scooby-arthur-aguiar-desentendem-clima-pesa\/","title":{"rendered":"BBB22: Pedro Scooby e Arthur se estranham e clima pesa: &#8220;Como esse moleque consegue?&#8221;"},"content":{"rendered":"<p><strong><a href=\"http:\/\/instagram.com\/portalpopmais\" target=\"_blank\" rel=\"noopener\">Arthur Aguiar<\/a><\/strong> e <strong><a href=\"https:\/\/portalpopmais.com.br\/en\/bbb22-arthur-aguiar-poe-em-xeque-alianca-com-pedro-scooby-e-pa-e-trava-alvo-viraram-lollipopers-de-vez\/\" target=\"_blank\" data-type=\"post\" data-id=\"112444\" rel=\"noreferrer noopener\">Pedro Scooby<\/a><\/strong> se desentenderam mais uma vez, na madrugada desta sexta-feira (15). O surfista ficou indignado com a indisposi\u00e7\u00e3o do ator &#8211; j\u00e1 que ele dormiu grande parte do dia &#8211; e eles come\u00e7aram uma DR daquelas deixando o clima pesado no BBB22.<\/p>\n\n\n\n<p>No quarto do l\u00edder, ambos se preparavam com Gustavo para curtirem a parte externa da casa quando o ex-Rebelde reclamou: <em>&#8220;J\u00e1 est\u00e1 de madrugada&#8221;<\/em>.<em> &#8220;Mas, p\u00f4, dormiu o dia inteiro&#8221;,<\/em> respondeu o atleta na lata.<em> &#8220;A gente n\u00e3o, voc\u00ea dormiu, n\u00e9?&#8221;, <\/em>replicou o marido de Ma\u00edra Cardi.<\/p>\n\n\n\n<h2 class=\"wp-block-heading\">Veja tamb\u00e9m<\/h2>\n\n\n<ul class=\"wp-block-latest-posts__list is-grid columns-3 aligncenter wp-block-latest-posts\"><li><div class=\"wp-block-latest-posts__featured-image aligncenter\"><a href=\"https:\/\/portalpopmais.com.br\/en\/nicole-kidman-e-hospitalizada-as-pressas-apos-gravacoes-saiba-seu-estado-de-saude\/\" aria-label=\"Nicole Kidman \u00e9 hospitalizada \u00e0s pressas ap\u00f3s grava\u00e7\u00f5es; saiba seu estado de sa\u00fade **\"><img loading=\"lazy\" decoding=\"async\" width=\"768\" height=\"456\" src=\"https:\/\/portalpopmais.com.br\/wp-content\/uploads\/2025\/07\/Nicole-Kidman-768x456.jpg\" class=\"attachment-medium size-medium wp-post-image\" alt=\"Nicole Kidman\" style=\"\" srcset=\"https:\/\/portalpopmais.com.br\/wp-content\/uploads\/2025\/07\/Nicole-Kidman-768x456.jpg 768w, https:\/\/portalpopmais.com.br\/wp-content\/uploads\/2025\/07\/Nicole-Kidman-1170x694.jpg 1170w\" sizes=\"auto, (max-width: 768px) 100vw, 768px\" title=\"\"><\/a><\/div><a class=\"wp-block-latest-posts__post-title\" href=\"https:\/\/portalpopmais.com.br\/en\/nicole-kidman-e-hospitalizada-as-pressas-apos-gravacoes-saiba-seu-estado-de-saude\/\">Nicole Kidman \u00e9 hospitalizada \u00e0s pressas ap\u00f3s grava\u00e7\u00f5es; saiba seu estado de sa\u00fade **<\/a><\/li>\n<li><div class=\"wp-block-latest-posts__featured-image aligncenter\"><a href=\"https:\/\/portalpopmais.com.br\/en\/mp-da-coreia-do-sul-nega-pedido-de-prisao-do-presidente-da-empresa-do-bts-entenda-o-caso\/\" aria-label=\"MP da Coreia do Sul nega pedido de pris\u00e3o do presidente da empresa do BTS; entenda o caso\"><img loading=\"lazy\" decoding=\"async\" width=\"768\" height=\"456\" src=\"https:\/\/portalpopmais.com.br\/wp-content\/uploads\/2026\/03\/BTS-em-ARIRANG-Divulgacao-768x456.png\" class=\"attachment-medium size-medium wp-post-image\" alt=\"BTS em ARIRANG (Divulga\u00e7\u00e3o)\" style=\"\" title=\"\"><\/a><\/div><a class=\"wp-block-latest-posts__post-title\" href=\"https:\/\/portalpopmais.com.br\/en\/mp-da-coreia-do-sul-nega-pedido-de-prisao-do-presidente-da-empresa-do-bts-entenda-o-caso\/\">MP da Coreia do Sul nega pedido de pris\u00e3o do presidente da empresa do BTS; entenda o caso<\/a><\/li>\n<li><div class=\"wp-block-latest-posts__featured-image aligncenter\"><a href=\"https:\/\/portalpopmais.com.br\/en\/mae-de-vini-jr-diz-que-e-avo-dos-filhos-de-virginia-e-e-detonada-na-web\/\" aria-label=\"M\u00e3e de Vini Jr. diz que \u00e9 av\u00f3 dos filhos de Virginia e \u00e9 detonada na web\"><img loading=\"lazy\" decoding=\"async\" width=\"768\" height=\"456\" src=\"https:\/\/portalpopmais.com.br\/wp-content\/uploads\/2026\/04\/1223778305-virginia-sogra-fernanda-768x456.jpg\" class=\"attachment-medium size-medium wp-post-image\" alt=\"1223778305 virginia sogra fernanda\" style=\"\" srcset=\"https:\/\/portalpopmais.com.br\/wp-content\/uploads\/2026\/04\/1223778305-virginia-sogra-fernanda-768x456.jpg 768w, https:\/\/portalpopmais.com.br\/wp-content\/uploads\/2026\/04\/1223778305-virginia-sogra-fernanda-18x10.jpg 18w\" sizes=\"auto, (max-width: 768px) 100vw, 768px\" title=\"\"><\/a><\/div><a class=\"wp-block-latest-posts__post-title\" href=\"https:\/\/portalpopmais.com.br\/en\/mae-de-vini-jr-diz-que-e-avo-dos-filhos-de-virginia-e-e-detonada-na-web\/\">M\u00e3e de Vini Jr. diz que \u00e9 av\u00f3 dos filhos de Virginia e \u00e9 detonada na web<\/a><\/li>\n<li><div class=\"wp-block-latest-posts__featured-image aligncenter\"><a href=\"https:\/\/portalpopmais.com.br\/en\/video-miss-e-morta-a-tiros-dentro-de-casa-pela-sogra-na-cidade-do-mexico\/\" aria-label=\"V\u00eddeo: Miss \u00e9 morta a tiros dentro de casa pela sogra na Cidade do M\u00e9xico\"><img loading=\"lazy\" decoding=\"async\" width=\"768\" height=\"456\" src=\"https:\/\/portalpopmais.com.br\/wp-content\/uploads\/2026\/04\/carolina-flores-2-1iv3sxk5ia33r-768x456.jpg\" class=\"attachment-medium size-medium wp-post-image\" alt=\"carolina flores (2) 1iv3sxk5ia33r\" style=\"\" srcset=\"https:\/\/portalpopmais.com.br\/wp-content\/uploads\/2026\/04\/carolina-flores-2-1iv3sxk5ia33r-768x456.jpg 768w, https:\/\/portalpopmais.com.br\/wp-content\/uploads\/2026\/04\/carolina-flores-2-1iv3sxk5ia33r-18x10.jpg 18w\" sizes=\"auto, (max-width: 768px) 100vw, 768px\" title=\"\"><\/a><\/div><a class=\"wp-block-latest-posts__post-title\" href=\"https:\/\/portalpopmais.com.br\/en\/video-miss-e-morta-a-tiros-dentro-de-casa-pela-sogra-na-cidade-do-mexico\/\">V\u00eddeo: Miss \u00e9 morta a tiros dentro de casa pela sogra na Cidade do M\u00e9xico<\/a><\/li>\n<li><div class=\"wp-block-latest-posts__featured-image aligncenter\"><a href=\"https:\/\/portalpopmais.com.br\/en\/xuxa-engravidou-de-michael-jackson-saiba-a-verdade\/\" aria-label=\"Xuxa engravidou de Michael Jackson? Saiba a verdade\"><img loading=\"lazy\" decoding=\"async\" width=\"768\" height=\"435\" src=\"https:\/\/portalpopmais.com.br\/wp-content\/uploads\/2026\/04\/xuxa-engravidou-michael-jackson-768x435.png\" class=\"attachment-medium size-medium wp-post-image\" alt=\"xuxa engravidou michael jackson\" style=\"\" srcset=\"https:\/\/portalpopmais.com.br\/wp-content\/uploads\/2026\/04\/xuxa-engravidou-michael-jackson-768x435.png 768w, https:\/\/portalpopmais.com.br\/wp-content\/uploads\/2026\/04\/xuxa-engravidou-michael-jackson-18x10.png 18w\" sizes=\"auto, (max-width: 768px) 100vw, 768px\" title=\"\"><\/a><\/div><a class=\"wp-block-latest-posts__post-title\" href=\"https:\/\/portalpopmais.com.br\/en\/xuxa-engravidou-de-michael-jackson-saiba-a-verdade\/\">Xuxa engravidou de Michael Jackson? Saiba a verdade<\/a><\/li>\n<li><div class=\"wp-block-latest-posts__featured-image aligncenter\"><a href=\"https:\/\/portalpopmais.com.br\/en\/ex-chiquititas-vaga-reality\/\" aria-label=\"Ex-Chiquititas faz carta aberta e pede vaga em reality: \u201cNingu\u00e9m ia conseguir me ignorar\u201d\"><img loading=\"lazy\" decoding=\"async\" width=\"768\" height=\"456\" src=\"https:\/\/portalpopmais.com.br\/wp-content\/uploads\/2026\/04\/ex-chiquititas-768x456.png\" class=\"attachment-medium size-medium wp-post-image\" alt=\"ex chiquititas\" style=\"\" srcset=\"https:\/\/portalpopmais.com.br\/wp-content\/uploads\/2026\/04\/ex-chiquititas-768x456.png 768w, https:\/\/portalpopmais.com.br\/wp-content\/uploads\/2026\/04\/ex-chiquititas-18x12.png 18w\" sizes=\"auto, (max-width: 768px) 100vw, 768px\" title=\"\"><\/a><\/div><a class=\"wp-block-latest-posts__post-title\" href=\"https:\/\/portalpopmais.com.br\/en\/ex-chiquititas-vaga-reality\/\">Ex-Chiquititas faz carta aberta e pede vaga em reality: \u201cNingu\u00e9m ia conseguir me ignorar\u201d<\/a><\/li>\n<\/ul>\n\n\n<p>O Camarote se incomodou e disparou:<em> &#8220;Qual \u00e9, Arthur? Eu s\u00f3 dormi naquela hora que tu estava ali no sof\u00e1. Tu dormiu quando saiu. Dormiu o dia inteiro, dormiu quando teve manuten\u00e7\u00e3o externa\u2026&#8221;<\/em>, apontou.<em> &#8220;Eu estava acordado, voc\u00eas estavam atr\u00e1s de mim sentados. Tu estava conversando com a Jessi\u2026&#8221;,<\/em> argumentou Arthur. No fim da discuss\u00e3o, Pedro Scooby tirou uma onda com o brother:<\/p>\n\n\n\n<p><em>&#8220;Como esse moleque consegue ficar deitado fazendo nada? (risos)&#8221;.<\/em> <em>&#8220;Fico pensando na vida&#8221;<\/em>, respondeu o ator. <em>&#8220;Loucura, cara. Para de ficar pensando na vida&#8221;<\/em>, replicou o surfista.<\/p>","protected":false},"excerpt":{"rendered":"<p>Arthur Aguiar e Pedro Scooby se desentenderam mais uma vez, na madrugada desta sexta-feira (15). O surfista ficou indignado com a indisposi\u00e7\u00e3o do ator &#8211; j\u00e1 que ele dormiu grande parte do dia &#8211; e eles come\u00e7aram uma DR daquelas deixando o clima pesado no BBB22. No quarto do l\u00edder, ambos se preparavam com Gustavo [&hellip;]<\/p>\n","protected":false},"author":2,"featured_media":112787,"comment_status":"closed","ping_status":"open","sticky":false,"template":"","format":"standard","meta":{"footnotes":""},"categories":[8605],"tags":[1185,8624,2261],"class_list":["post-112785","post","type-post","status-publish","format-standard","has-post-thumbnail","hentry","category-realities","tag-arthur-aguiar","tag-bbb22","tag-pedro-scooby"],"_links":{"self":[{"href":"https:\/\/portalpopmais.com.br\/en\/wp-json\/wp\/v2\/posts\/112785","targetHints":{"allow":["GET"]}}],"collection":[{"href":"https:\/\/portalpopmais.com.br\/en\/wp-json\/wp\/v2\/posts"}],"about":[{"href":"https:\/\/portalpopmais.com.br\/en\/wp-json\/wp\/v2\/types\/post"}],"author":[{"embeddable":true,"href":"https:\/\/portalpopmais.com.br\/en\/wp-json\/wp\/v2\/users\/2"}],"replies":[{"embeddable":true,"href":"https:\/\/portalpopmais.com.br\/en\/wp-json\/wp\/v2\/comments?post=112785"}],"version-history":[{"count":0,"href":"https:\/\/portalpopmais.com.br\/en\/wp-json\/wp\/v2\/posts\/112785\/revisions"}],"wp:featuredmedia":[{"embeddable":true,"href":"https:\/\/portalpopmais.com.br\/en\/wp-json\/wp\/v2\/media\/112787"}],"wp:attachment":[{"href":"https:\/\/portalpopmais.com.br\/en\/wp-json\/wp\/v2\/media?parent=112785"}],"wp:term":[{"taxonomy":"category","embeddable":true,"href":"https:\/\/portalpopmais.com.br\/en\/wp-json\/wp\/v2\/categories?post=112785"},{"taxonomy":"post_tag","embeddable":true,"href":"https:\/\/portalpopmais.com.br\/en\/wp-json\/wp\/v2\/tags?post=112785"}],"curies":[{"name":"wp","href":"https:\/\/api.w.org\/{rel}","templated":true}]}}