{"id":112981,"date":"2022-04-18T16:06:40","date_gmt":"2022-04-18T19:06:40","guid":{"rendered":"https:\/\/portalpopmais.com.br\/?p=112981"},"modified":"2022-04-18T16:06:49","modified_gmt":"2022-04-18T19:06:49","slug":"sonia-abrao-diz-arthur-aguiar-sofre-boicote-bastidores-bbb22","status":"publish","type":"post","link":"https:\/\/portalpopmais.com.br\/en\/sonia-abrao-diz-arthur-aguiar-sofre-boicote-bastidores-bbb22\/","title":{"rendered":"Sonia Abr\u00e3o diz que Arthur Aguiar \u00e9 v\u00edtima de boicote nos bastidores do BBB22: &#8220;Maneira desumana&#8221;"},"content":{"rendered":"<p class=\"wp-block-paragraph\">Na tarde desta segunda-feira (18), a apresentadora <a href=\"http:\/\/instagram.com\/portalpopmais\" target=\"_blank\" rel=\"noopener\">Sonia Abr\u00e3o<\/a> voltou a insinuar que Arthur Aguiar est\u00e1 sofrendo um boicote no <strong><a href=\"https:\/\/portalpopmais.com.br\/en\/bbb22-eliezer-une-arthur-aguiar-detonam-pedro-scooby\/\" target=\"_blank\" data-type=\"post\" data-id=\"112954\" rel=\"noreferrer noopener\">BBB22<\/a><\/strong>. Durante o programa &#8220;A Tarde \u00e9 Sua&#8221;, a veterana classificou o tratamento recebido pelo ator como &#8220;desumano&#8221; e sugeriu que algo est\u00e1 rolando nos bastidores. <\/p>\n\n\n\n<p class=\"wp-block-paragraph\"><em>&#8220;Realmente a m\u00e3o invis\u00edvel andou funcionando de uma maneira desumana para um reality show, nunca vi um participante t\u00e3o massacrado. Agora voc\u00eas falam que opini\u00e3o aqui virou fanatismo, mas pesaram mesmo a m\u00e3o. E ele sobreviveu a esse pared\u00e3o e muito bem, mas eu tenho muitas d\u00favidas&#8221;<\/em>, disparou ela. <\/p>\n\n\n\n<h2 class=\"wp-block-heading\">Veja tamb\u00e9m<\/h2>\n\n\n<ul class=\"wp-block-latest-posts__list is-grid aligncenter wp-block-latest-posts is-layout-flow wp-block-latest-posts-is-layout-flow\"><li><div class=\"wp-block-latest-posts__featured-image\"><img loading=\"lazy\" decoding=\"async\" width=\"768\" height=\"456\" src=\"https:\/\/portalpopmais.com.br\/wp-content\/uploads\/2025\/09\/adriane-galisteu-a-fazenda-17-768x456.jpg\" class=\"attachment-medium size-medium wp-post-image\" alt=\"a fazenda 17 adriane galisteu fazendeiro\" style=\"\" srcset=\"https:\/\/portalpopmais.com.br\/wp-content\/uploads\/2025\/09\/adriane-galisteu-a-fazenda-17-768x456.jpg 768w, https:\/\/portalpopmais.com.br\/wp-content\/uploads\/2025\/09\/adriane-galisteu-a-fazenda-17-1170x694.jpg 1170w, https:\/\/portalpopmais.com.br\/wp-content\/uploads\/2025\/09\/adriane-galisteu-a-fazenda-17-18x10.jpg 18w\" sizes=\"auto, (max-width: 768px) 100vw, 768px\" title=\"\"><\/div><a class=\"wp-block-latest-posts__post-title\" href=\"https:\/\/portalpopmais.com.br\/en\/a-fazenda-18-estreia-com-eliminacao\/\">&#8216;A Fazenda 18&#8217; estreia com elimina\u00e7\u00e3o dupla e promete reviravolta in\u00e9dita; veja como ser\u00e1 a din\u00e2mica<\/a><\/li>\n<li><div class=\"wp-block-latest-posts__featured-image\"><img loading=\"lazy\" decoding=\"async\" width=\"768\" height=\"456\" src=\"https:\/\/portalpopmais.com.br\/wp-content\/uploads\/2026\/08\/brasileira-expulsa-reality-argentina-portalpopmais-768x456.png\" class=\"attachment-medium size-medium wp-post-image\" alt=\"brasileira expulsa reality argentina portalpopmais\" style=\"\" srcset=\"https:\/\/portalpopmais.com.br\/wp-content\/uploads\/2026\/08\/brasileira-expulsa-reality-argentina-portalpopmais-768x456.png 768w, https:\/\/portalpopmais.com.br\/wp-content\/uploads\/2026\/08\/brasileira-expulsa-reality-argentina-portalpopmais-1170x694.png 1170w, https:\/\/portalpopmais.com.br\/wp-content\/uploads\/2026\/08\/brasileira-expulsa-reality-argentina-portalpopmais-18x10.png 18w\" sizes=\"auto, (max-width: 768px) 100vw, 768px\" title=\"\"><\/div><a class=\"wp-block-latest-posts__post-title\" href=\"https:\/\/portalpopmais.com.br\/en\/brasileira-expulsa-de-reality-argentina\/\">Quem \u00e9 a brasileira expulsa de reality na Argentina ap\u00f3s confus\u00e3o<\/a><\/li>\n<li><div class=\"wp-block-latest-posts__featured-image\"><img loading=\"lazy\" decoding=\"async\" width=\"768\" height=\"456\" src=\"https:\/\/portalpopmais.com.br\/wp-content\/uploads\/2026\/08\/lucas-cardoso-768x456.png\" class=\"attachment-medium size-medium wp-post-image\" alt=\"lucas cardoso\" style=\"\" title=\"\"><\/div><a class=\"wp-block-latest-posts__post-title\" href=\"https:\/\/portalpopmais.com.br\/en\/quem-e-lucas-cardoso-participante-do-rancho-maia-que-viralizou\/\">Quem \u00e9 Lucas Cardoso, participante do Rancho Maia que viralizou<\/a><\/li>\n<li><div class=\"wp-block-latest-posts__featured-image\"><img loading=\"lazy\" decoding=\"async\" width=\"768\" height=\"456\" src=\"https:\/\/portalpopmais.com.br\/wp-content\/uploads\/2026\/08\/Davi-Brito-vira-piada-na-web-apos-desistir-de-luta-contra-Rico-Melquiades-768x456.png\" class=\"attachment-medium size-medium wp-post-image\" alt=\"Davi Brito vira piada na web ap\u00f3s desistir de luta contra Rico Melquiades\" style=\"\" srcset=\"https:\/\/portalpopmais.com.br\/wp-content\/uploads\/2026\/08\/Davi-Brito-vira-piada-na-web-apos-desistir-de-luta-contra-Rico-Melquiades-768x456.png 768w, https:\/\/portalpopmais.com.br\/wp-content\/uploads\/2026\/08\/Davi-Brito-vira-piada-na-web-apos-desistir-de-luta-contra-Rico-Melquiades-1170x694.png 1170w, https:\/\/portalpopmais.com.br\/wp-content\/uploads\/2026\/08\/Davi-Brito-vira-piada-na-web-apos-desistir-de-luta-contra-Rico-Melquiades-18x10.png 18w\" sizes=\"auto, (max-width: 768px) 100vw, 768px\" title=\"\"><\/div><a class=\"wp-block-latest-posts__post-title\" href=\"https:\/\/portalpopmais.com.br\/en\/davi-brito-desiste-luta-rico-melquiades\/\">Davi Brito vira &#8220;piada&#8221; na web ap\u00f3s desistir de luta contra Rico Melquiades<\/a><\/li>\n<li><div class=\"wp-block-latest-posts__featured-image\"><img loading=\"lazy\" decoding=\"async\" width=\"768\" height=\"456\" src=\"https:\/\/portalpopmais.com.br\/wp-content\/uploads\/2026\/08\/personal-carlinhos-maia-observa-machdove-banho-768x456.png\" class=\"attachment-medium size-medium wp-post-image\" alt=\"personal carlinhos maia observa machdove banho\" style=\"\" srcset=\"https:\/\/portalpopmais.com.br\/wp-content\/uploads\/2026\/08\/personal-carlinhos-maia-observa-machdove-banho-768x456.png 768w, https:\/\/portalpopmais.com.br\/wp-content\/uploads\/2026\/08\/personal-carlinhos-maia-observa-machdove-banho-1170x694.png 1170w, https:\/\/portalpopmais.com.br\/wp-content\/uploads\/2026\/08\/personal-carlinhos-maia-observa-machdove-banho-18x10.png 18w\" sizes=\"auto, (max-width: 768px) 100vw, 768px\" title=\"\"><\/div><a class=\"wp-block-latest-posts__post-title\" href=\"https:\/\/portalpopmais.com.br\/en\/personal-carlinhos-maia-observa-machdove-banho\/\">&#8220;H\u00e9tero&#8221;, personal de Carlinhos Maia \u00e9 flagrado observando banho de MachDove<\/a><\/li>\n<li><div class=\"wp-block-latest-posts__featured-image\"><img loading=\"lazy\" decoding=\"async\" width=\"768\" height=\"456\" src=\"https:\/\/portalpopmais.com.br\/wp-content\/uploads\/2026\/08\/video-briga-urach-mirella-rancho-maia-768x456.png\" class=\"attachment-medium size-medium wp-post-image\" alt=\"video briga urach mirella rancho maia\" style=\"\" srcset=\"https:\/\/portalpopmais.com.br\/wp-content\/uploads\/2026\/08\/video-briga-urach-mirella-rancho-maia-768x456.png 768w, https:\/\/portalpopmais.com.br\/wp-content\/uploads\/2026\/08\/video-briga-urach-mirella-rancho-maia-1170x694.png 1170w\" sizes=\"auto, (max-width: 768px) 100vw, 768px\" title=\"\"><\/div><a class=\"wp-block-latest-posts__post-title\" href=\"https:\/\/portalpopmais.com.br\/en\/video-andressa-urach-e-mc-mirella-protagonizam-barraco-e-partem-para-agressao\/\">V\u00eddeo: Andressa Urach e MC Mirella protagonizam barraco e partem para agress\u00e3o<\/a><\/li>\n<\/ul>\n\n\n<p class=\"wp-block-paragraph\">A apresentadora declarou que est\u00e1 feliz com a sa\u00edda de Jessilane.<em> &#8220;Eu sou da opini\u00e3o de que vit\u00f3ria \u00e9 vit\u00f3ria e depois se tiver que chorar, a gente chora mesmo&#8221;,<\/em> afirmou.<\/p>\n\n\n\n<p class=\"wp-block-paragraph\">Sonia Abr\u00e3o seguiu dizendo que tem algo de estranho. <em>&#8220;Eu n\u00e3o t\u00f4 otimista, fico vendo coisas a\u00ed&#8221;,<\/em> declarou. <em>&#8220;Me preocupa o Jogo da Disc\u00f3rdia hoje, se tiver, porque se tiver vai ser aquele massacre novamente, \u00e9 tudo em cima dele&#8221;, declarou ela que considerou o pared\u00e3o &#8220;esquisit\u00edssimo&#8221;.<\/em><\/p>","protected":false},"excerpt":{"rendered":"<p>Na tarde desta segunda-feira (18), a apresentadora Sonia Abr\u00e3o voltou a insinuar que Arthur Aguiar est\u00e1 sofrendo um boicote no BBB22. Durante o programa &#8220;A Tarde \u00e9 Sua&#8221;, a veterana classificou o tratamento recebido pelo ator como &#8220;desumano&#8221; e sugeriu que algo est\u00e1 rolando nos bastidores. &#8220;Realmente a m\u00e3o invis\u00edvel andou funcionando de uma maneira [&hellip;]<\/p>\n","protected":false},"author":2,"featured_media":112983,"comment_status":"closed","ping_status":"open","sticky":false,"template":"","format":"standard","meta":{"footnotes":""},"categories":[8605],"tags":[1185,778],"class_list":["post-112981","post","type-post","status-publish","format-standard","has-post-thumbnail","hentry","category-realities","tag-arthur-aguiar","tag-sonia-abrao"],"_links":{"self":[{"href":"https:\/\/portalpopmais.com.br\/en\/wp-json\/wp\/v2\/posts\/112981","targetHints":{"allow":["GET"]}}],"collection":[{"href":"https:\/\/portalpopmais.com.br\/en\/wp-json\/wp\/v2\/posts"}],"about":[{"href":"https:\/\/portalpopmais.com.br\/en\/wp-json\/wp\/v2\/types\/post"}],"author":[{"embeddable":true,"href":"https:\/\/portalpopmais.com.br\/en\/wp-json\/wp\/v2\/users\/2"}],"replies":[{"embeddable":true,"href":"https:\/\/portalpopmais.com.br\/en\/wp-json\/wp\/v2\/comments?post=112981"}],"version-history":[{"count":0,"href":"https:\/\/portalpopmais.com.br\/en\/wp-json\/wp\/v2\/posts\/112981\/revisions"}],"wp:featuredmedia":[{"embeddable":true,"href":"https:\/\/portalpopmais.com.br\/en\/wp-json\/wp\/v2\/media\/112983"}],"wp:attachment":[{"href":"https:\/\/portalpopmais.com.br\/en\/wp-json\/wp\/v2\/media?parent=112981"}],"wp:term":[{"taxonomy":"category","embeddable":true,"href":"https:\/\/portalpopmais.com.br\/en\/wp-json\/wp\/v2\/categories?post=112981"},{"taxonomy":"post_tag","embeddable":true,"href":"https:\/\/portalpopmais.com.br\/en\/wp-json\/wp\/v2\/tags?post=112981"}],"curies":[{"name":"wp","href":"https:\/\/api.w.org\/{rel}","templated":true}]}}