{"id":113008,"date":"2022-04-18T22:08:15","date_gmt":"2022-04-19T01:08:15","guid":{"rendered":"https:\/\/portalpopmais.com.br\/?p=113008"},"modified":"2022-04-18T22:08:25","modified_gmt":"2022-04-19T01:08:25","slug":"no-pareo-com-o-sbt-redetv-vence-a-band","status":"publish","type":"post","link":"https:\/\/portalpopmais.com.br\/en\/no-pareo-com-o-sbt-redetv-vence-a-band\/","title":{"rendered":"No p\u00e1reo com o SBT, RedeTV! vence a Band"},"content":{"rendered":"<p class=\"wp-block-paragraph\">A apresentadora S\u00f4nia Abr\u00e3o deu um banho de audi\u00eancia na Band com o \u201cA Tarde \u00e9 Sua\u201d. O canal que amarga no Ibope em diversos programas, surpreendeu com sua coloca\u00e7\u00e3o nesta segunda-feira (18).<\/p>\n\n\n\n<p class=\"wp-block-paragraph\">Em S\u00e3o Paulo, o vespertino de S\u00f4nia registrou \u00e0s 16h07, 3,1 contra 2,1 da Band. Uma vit\u00f3ria in\u00e9dita at\u00e9 ent\u00e3o, j\u00e1 que a maioria dos programas com a melhor m\u00e9dia n\u00e3o consegue vencer suas concorrentes mais pr\u00f3ximas.<\/p>\n\n\n\n<p class=\"wp-block-paragraph\">O SBT registrou uma pontua\u00e7\u00e3o curiosa, a mesma da RedeTV!, 3,1 enquanto era exibido o \u201cFofocalizando\u201d. A Record estava com 4,4 com a novela \u201cChamas da Vida\u201d e a Globo marcando 11,6 com a \u201cSess\u00e3o da Tarde\u201d.<\/p>\n\n\n\n<p class=\"wp-block-paragraph\">Mudan\u00e7as est\u00e3o previstas para a RedeTV! e o SBT ainda neste semestre, com trocas de apresentadores e novos produtos na programa\u00e7\u00e3o. Pelo menos da parte do SBT est\u00e1 mais garantido, uma vez que com o retorno de Silvio ao Brasil, novidades podem chegar ao canal 4 de S\u00e3o Paulo.<\/p>","protected":false},"excerpt":{"rendered":"<p>A apresentadora S\u00f4nia Abr\u00e3o deu um banho de audi\u00eancia na Band com o \u201cA Tarde \u00e9 Sua\u201d. O canal que amarga no Ibope em diversos programas, surpreendeu com sua coloca\u00e7\u00e3o nesta segunda-feira (18). Em S\u00e3o Paulo, o vespertino de S\u00f4nia registrou \u00e0s 16h07, 3,1 contra 2,1 da Band. Uma vit\u00f3ria in\u00e9dita at\u00e9 ent\u00e3o, j\u00e1 que [&hellip;]<\/p>\n","protected":false},"author":2,"featured_media":113009,"comment_status":"closed","ping_status":"open","sticky":false,"template":"","format":"standard","meta":{"footnotes":""},"categories":[181],"tags":[1152,777,403,778],"class_list":["post-113008","post","type-post","status-publish","format-standard","has-post-thumbnail","hentry","category-televisao","tag-band","tag-redetv","tag-sbt","tag-sonia-abrao"],"_links":{"self":[{"href":"https:\/\/portalpopmais.com.br\/en\/wp-json\/wp\/v2\/posts\/113008","targetHints":{"allow":["GET"]}}],"collection":[{"href":"https:\/\/portalpopmais.com.br\/en\/wp-json\/wp\/v2\/posts"}],"about":[{"href":"https:\/\/portalpopmais.com.br\/en\/wp-json\/wp\/v2\/types\/post"}],"author":[{"embeddable":true,"href":"https:\/\/portalpopmais.com.br\/en\/wp-json\/wp\/v2\/users\/2"}],"replies":[{"embeddable":true,"href":"https:\/\/portalpopmais.com.br\/en\/wp-json\/wp\/v2\/comments?post=113008"}],"version-history":[{"count":0,"href":"https:\/\/portalpopmais.com.br\/en\/wp-json\/wp\/v2\/posts\/113008\/revisions"}],"wp:featuredmedia":[{"embeddable":true,"href":"https:\/\/portalpopmais.com.br\/en\/wp-json\/wp\/v2\/media\/113009"}],"wp:attachment":[{"href":"https:\/\/portalpopmais.com.br\/en\/wp-json\/wp\/v2\/media?parent=113008"}],"wp:term":[{"taxonomy":"category","embeddable":true,"href":"https:\/\/portalpopmais.com.br\/en\/wp-json\/wp\/v2\/categories?post=113008"},{"taxonomy":"post_tag","embeddable":true,"href":"https:\/\/portalpopmais.com.br\/en\/wp-json\/wp\/v2\/tags?post=113008"}],"curies":[{"name":"wp","href":"https:\/\/api.w.org\/{rel}","templated":true}]}}