{"id":113071,"date":"2022-04-19T19:24:21","date_gmt":"2022-04-19T22:24:21","guid":{"rendered":"https:\/\/portalpopmais.com.br\/?p=113071"},"modified":"2022-04-19T19:24:40","modified_gmt":"2022-04-19T22:24:40","slug":"estrategia-record-estreia-power-couple-antes-do-no-limite-na-globo","status":"publish","type":"post","link":"https:\/\/portalpopmais.com.br\/en\/estrategia-record-estreia-power-couple-antes-do-no-limite-na-globo\/","title":{"rendered":"Estrat\u00e9gia? Record estreia \u201cPower Couple\u201d antes do \u201cNo Limite\u201d na Globo"},"content":{"rendered":"<p>A RecordTV acertou a data de estreia do reality \u201cPower Couple\u201d para 2 de maio, se antecipando \u00e0 estreia de \u201cNo Limite\u201d na TV Globo. Com apresenta\u00e7\u00e3o de Adriane Galisteu, o \u201cPower\u201d ter\u00e1 13 casais na disputa dos pr\u00eamios que s\u00e3o concedidos ao longo da temporada por meio das provas.<\/p>\n\n\n\n<p>Com exibi\u00e7\u00e3o de segunda \u00e0 s\u00e1bado \u00e0s 22h45, o programa trar\u00e1 um resumo do dia dos participantes no confinamento, al\u00e9m da realiza\u00e7\u00e3o das provas.<\/p>\n\n\n\n<p><strong>Confira a chamada do \u201cPower Couple\u201d:<\/strong><\/p>\n\n\n\n<figure class=\"wp-block-embed is-type-rich is-provider-twitter wp-block-embed-twitter\"><div class=\"wp-block-embed__wrapper\">\n<blockquote class=\"twitter-tweet\" data-width=\"550\" data-dnt=\"true\"><p lang=\"pt\" dir=\"ltr\">Adriane Galisteu j\u00e1 est\u00e1 a postos \ud83e\udd29 Segunda, dia 2 de maio, a partir das 22h45, estreia a nova temporada de <a href=\"https:\/\/twitter.com\/hashtag\/PowerCouple?src=hash&amp;ref_src=twsrc%5Etfw\" target=\"_blank\" rel=\"noopener\">#PowerCouple<\/a>, na <a href=\"https:\/\/twitter.com\/recordtvoficial?ref_src=twsrc%5Etfw\" target=\"_blank\" rel=\"noopener\">@recordtvoficial<\/a>! N\u00e3o perca! \u26a1 <a href=\"https:\/\/t.co\/BrSZGc0x5U\">pic.twitter.com\/BrSZGc0x5U<\/a><\/p>&mdash; Power Couple Brasil (@powercouple) <a href=\"https:\/\/twitter.com\/powercouple\/status\/1516461627037552641?ref_src=twsrc%5Etfw\" target=\"_blank\" rel=\"noopener\">April 19, 2022<\/a><\/blockquote><script async src=\"https:\/\/platform.twitter.com\/widgets.js\" charset=\"utf-8\"><\/script>\n<\/div><\/figure>\n\n\n\n<p>J\u00e1 na Globo, o \u201cNo Limite\u201d vem com a proposta de grandes desafios para a sobreviv\u00eancia humana. As ter\u00e7as e quintas ficam reservadas para exibi\u00e7\u00e3o das provas e conviv\u00eancia dos confinados. Nos domingos ap\u00f3s o \u201cFant\u00e1stico\u201d, a apresentadora Ana Clara entrevista o eliminado da semana.<\/p>\n\n\n\n<p><strong>Confira a chamada do \u201cNo Limite\u201d:<\/strong><\/p>\n\n\n\n<figure class=\"wp-block-embed is-type-rich is-provider-twitter wp-block-embed-twitter\"><div class=\"wp-block-embed__wrapper\">\n<blockquote class=\"twitter-tweet\" data-width=\"550\" data-dnt=\"true\"><p lang=\"pt\" dir=\"ltr\">A nova temporada do <a href=\"https:\/\/twitter.com\/hashtag\/NoLimite?src=hash&amp;ref_src=twsrc%5Etfw\" target=\"_blank\" rel=\"noopener\">#NoLimite<\/a> est\u00e1 chegando e promete ser a mais desafiadora de todas! \ud83d\ude31 Est\u00e3o preparados? \ud83d\udc40 Vem conferir mais detalhes! \u27a1\ufe0f <a href=\"https:\/\/t.co\/hhusPxObj7\">https:\/\/t.co\/hhusPxObj7<\/a> <a href=\"https:\/\/t.co\/5FVnCMlQhY\">pic.twitter.com\/5FVnCMlQhY<\/a><\/p>&mdash; No Limite (@NoLimite) <a href=\"https:\/\/twitter.com\/NoLimite\/status\/1513548599447203842?ref_src=twsrc%5Etfw\" target=\"_blank\" rel=\"noopener\">April 11, 2022<\/a><\/blockquote><script async src=\"https:\/\/platform.twitter.com\/widgets.js\" charset=\"utf-8\"><\/script>\n<\/div><\/figure>","protected":false},"excerpt":{"rendered":"<p>A RecordTV acertou a data de estreia do reality \u201cPower Couple\u201d para 2 de maio, se antecipando \u00e0 estreia de \u201cNo Limite\u201d na TV Globo. Com apresenta\u00e7\u00e3o de Adriane Galisteu, o \u201cPower\u201d ter\u00e1 13 casais na disputa dos pr\u00eamios que s\u00e3o concedidos ao longo da temporada por meio das provas. Com exibi\u00e7\u00e3o de segunda \u00e0 [&hellip;]<\/p>\n","protected":false},"author":2,"featured_media":113072,"comment_status":"closed","ping_status":"open","sticky":false,"template":"","format":"standard","meta":{"footnotes":""},"categories":[181],"tags":[180,8263,1161,882],"class_list":["post-113071","post","type-post","status-publish","format-standard","has-post-thumbnail","hentry","category-televisao","tag-globo","tag-no-limite","tag-power-couple","tag-record"],"_links":{"self":[{"href":"https:\/\/portalpopmais.com.br\/en\/wp-json\/wp\/v2\/posts\/113071","targetHints":{"allow":["GET"]}}],"collection":[{"href":"https:\/\/portalpopmais.com.br\/en\/wp-json\/wp\/v2\/posts"}],"about":[{"href":"https:\/\/portalpopmais.com.br\/en\/wp-json\/wp\/v2\/types\/post"}],"author":[{"embeddable":true,"href":"https:\/\/portalpopmais.com.br\/en\/wp-json\/wp\/v2\/users\/2"}],"replies":[{"embeddable":true,"href":"https:\/\/portalpopmais.com.br\/en\/wp-json\/wp\/v2\/comments?post=113071"}],"version-history":[{"count":0,"href":"https:\/\/portalpopmais.com.br\/en\/wp-json\/wp\/v2\/posts\/113071\/revisions"}],"wp:featuredmedia":[{"embeddable":true,"href":"https:\/\/portalpopmais.com.br\/en\/wp-json\/wp\/v2\/media\/113072"}],"wp:attachment":[{"href":"https:\/\/portalpopmais.com.br\/en\/wp-json\/wp\/v2\/media?parent=113071"}],"wp:term":[{"taxonomy":"category","embeddable":true,"href":"https:\/\/portalpopmais.com.br\/en\/wp-json\/wp\/v2\/categories?post=113071"},{"taxonomy":"post_tag","embeddable":true,"href":"https:\/\/portalpopmais.com.br\/en\/wp-json\/wp\/v2\/tags?post=113071"}],"curies":[{"name":"wp","href":"https:\/\/api.w.org\/{rel}","templated":true}]}}