{"id":113136,"date":"2022-04-20T08:13:55","date_gmt":"2022-04-20T11:13:55","guid":{"rendered":"https:\/\/portalpopmais.com.br\/?p=113136"},"modified":"2022-04-20T08:14:03","modified_gmt":"2022-04-20T11:14:03","slug":"pedro-scooby-magoa-pa-priorizar-arthur","status":"publish","type":"post","link":"https:\/\/portalpopmais.com.br\/en\/pedro-scooby-magoa-pa-priorizar-arthur\/","title":{"rendered":"BBB22: Ci\u00fames? Pedro Scooby revela m\u00e1goa PA ap\u00f3s ele priorizar Arthur para o VIP: &#8220;Me fez refletir da vida&#8221;"},"content":{"rendered":"<p>O surfista <strong><a href=\"https:\/\/portalpopmais.com.br\/en\/bbb22-eliezer-une-arthur-aguiar-detonam-pedro-scooby\/\" data-type=\"post\" data-id=\"112954\">Pedro Scooby<\/a><\/strong> revelou \u00e0 <strong><a href=\"http:\/\/instagram.com\/portalpopmais\" target=\"_blank\" rel=\"noreferrer noopener\">Paulo Andr\u00e9<\/a><\/strong> que ficou chateado ao ser deixado de fora do VIP. O velocista venceu a prova do l\u00edder e escolheu Arthur Aguiar para acompanh\u00e1-lo.<\/p>\n\n\n\n<p><em>&#8220;\u00c9 bobeira, mas que de alguma forma bateu diferente hoje em mim. Essas paradas de priorizar as pessoas que voc\u00ea gosta aqui dentro, ordem de prioridade que voc\u00ea d\u00e1 valor e pessoas que voc\u00ea prioridade<\/em>&#8220;, come\u00e7ou ele.<\/p>\n\n\n\n<h2 class=\"wp-block-heading\">Veja tamb\u00e9m<\/h2>\n\n\n<ul class=\"wp-block-latest-posts__list is-grid columns-3 aligncenter wp-block-latest-posts\"><li><div class=\"wp-block-latest-posts__featured-image aligncenter\"><a href=\"https:\/\/portalpopmais.com.br\/en\/jonas-sulzbach-acusa-edicao-do-bbb-de-ser-tendenciosa\/\" aria-label=\"Jonas Sulzbach acusa edi\u00e7\u00e3o do BBB de ser tendenciosa\"><img loading=\"lazy\" decoding=\"async\" width=\"768\" height=\"450\" src=\"https:\/\/portalpopmais.com.br\/wp-content\/uploads\/2026\/03\/jonas-eliminado-bbb-26-768x450.jpg\" class=\"attachment-medium size-medium wp-post-image\" alt=\"jonas eliminado bbb 26\" style=\"\" srcset=\"https:\/\/portalpopmais.com.br\/wp-content\/uploads\/2026\/03\/jonas-eliminado-bbb-26-768x450.jpg 768w, https:\/\/portalpopmais.com.br\/wp-content\/uploads\/2026\/03\/jonas-eliminado-bbb-26-18x10.jpg 18w\" sizes=\"auto, (max-width: 768px) 100vw, 768px\" title=\"\"><\/a><\/div><a class=\"wp-block-latest-posts__post-title\" href=\"https:\/\/portalpopmais.com.br\/en\/jonas-sulzbach-acusa-edicao-do-bbb-de-ser-tendenciosa\/\">Jonas Sulzbach acusa edi\u00e7\u00e3o do BBB de ser tendenciosa<\/a><\/li>\n<li><div class=\"wp-block-latest-posts__featured-image aligncenter\"><a href=\"https:\/\/portalpopmais.com.br\/en\/samira-quebra-o-silencio-sobre-o-fim-da-amizade-com-juliano-floss\/\" aria-label=\"Samira quebra o sil\u00eancio sobre o fim da amizade com Juliano Floss\"><img loading=\"lazy\" decoding=\"async\" width=\"768\" height=\"456\" src=\"https:\/\/portalpopmais.com.br\/wp-content\/uploads\/2026\/04\/samira-fala-fim-amizade-juliano-floss-768x456.png\" class=\"attachment-medium size-medium wp-post-image\" alt=\"samira fala fim amizade juliano floss\" style=\"\" srcset=\"https:\/\/portalpopmais.com.br\/wp-content\/uploads\/2026\/04\/samira-fala-fim-amizade-juliano-floss-768x456.png 768w, https:\/\/portalpopmais.com.br\/wp-content\/uploads\/2026\/04\/samira-fala-fim-amizade-juliano-floss-18x10.png 18w\" sizes=\"auto, (max-width: 768px) 100vw, 768px\" title=\"\"><\/a><\/div><a class=\"wp-block-latest-posts__post-title\" href=\"https:\/\/portalpopmais.com.br\/en\/samira-quebra-o-silencio-sobre-o-fim-da-amizade-com-juliano-floss\/\">Samira quebra o sil\u00eancio sobre o fim da amizade com Juliano Floss<\/a><\/li>\n<li><div class=\"wp-block-latest-posts__featured-image aligncenter\"><a href=\"https:\/\/portalpopmais.com.br\/en\/tudo-o-que-voce-precisa-saber-sobre-a-casa-do-patrao-novo-reality-da-record\/\" aria-label=\"Tudo o que voc\u00ea precisa saber sobre a &#8220;Casa do Patr\u00e3o&#8221;, novo reality da RECORD\"><img loading=\"lazy\" decoding=\"async\" width=\"768\" height=\"456\" src=\"https:\/\/portalpopmais.com.br\/wp-content\/uploads\/2026\/03\/Leandro-Hassum-confirmado-apresentador-casa-do-patrao-768x456.png\" class=\"attachment-medium size-medium wp-post-image\" alt=\"Leandro Hassum confirmado apresentador casa do patr\u00e3o\" style=\"\" srcset=\"https:\/\/portalpopmais.com.br\/wp-content\/uploads\/2026\/03\/Leandro-Hassum-confirmado-apresentador-casa-do-patrao-768x456.png 768w, https:\/\/portalpopmais.com.br\/wp-content\/uploads\/2026\/03\/Leandro-Hassum-confirmado-apresentador-casa-do-patrao-18x10.png 18w\" sizes=\"auto, (max-width: 768px) 100vw, 768px\" title=\"\"><\/a><\/div><a class=\"wp-block-latest-posts__post-title\" href=\"https:\/\/portalpopmais.com.br\/en\/tudo-o-que-voce-precisa-saber-sobre-a-casa-do-patrao-novo-reality-da-record\/\">Tudo o que voc\u00ea precisa saber sobre a &#8220;Casa do Patr\u00e3o&#8221;, novo reality da RECORD<\/a><\/li>\n<li><div class=\"wp-block-latest-posts__featured-image aligncenter\"><a href=\"https:\/\/portalpopmais.com.br\/en\/final-do-bbb-26-registra-baixa-audiencia-e-acende-alerta-na-globo\/\" aria-label=\"Final do BBB 26 registra baixa audi\u00eancia e acende alerta na Globo\"><img loading=\"lazy\" decoding=\"async\" width=\"768\" height=\"456\" src=\"https:\/\/portalpopmais.com.br\/wp-content\/uploads\/2026\/04\/juliano-floss-ana-paula-renault-e-milena-768x456.webp\" class=\"attachment-medium size-medium wp-post-image\" alt=\"juliano floss ana paula renault e milena\" style=\"\" srcset=\"https:\/\/portalpopmais.com.br\/wp-content\/uploads\/2026\/04\/juliano-floss-ana-paula-renault-e-milena-768x456.webp 768w, https:\/\/portalpopmais.com.br\/wp-content\/uploads\/2026\/04\/juliano-floss-ana-paula-renault-e-milena-18x12.webp 18w\" sizes=\"auto, (max-width: 768px) 100vw, 768px\" title=\"\"><\/a><\/div><a class=\"wp-block-latest-posts__post-title\" href=\"https:\/\/portalpopmais.com.br\/en\/final-do-bbb-26-registra-baixa-audiencia-e-acende-alerta-na-globo\/\">Final do BBB 26 registra baixa audi\u00eancia e acende alerta na Globo<\/a><\/li>\n<li><div class=\"wp-block-latest-posts__featured-image aligncenter\"><a href=\"https:\/\/portalpopmais.com.br\/en\/ana-paula-renault-vence-o-bbb-26-e-leva-premio-milionario-saiba-quanto\/\" aria-label=\"Ana Paula Renault vence o BBB 26 e leva pr\u00eamio milion\u00e1rio; saiba quanto\"><img loading=\"lazy\" decoding=\"async\" width=\"768\" height=\"450\" src=\"https:\/\/portalpopmais.com.br\/wp-content\/uploads\/2026\/03\/ana-paula-lider-bbb-26-768x450.jpg\" class=\"attachment-medium size-medium wp-post-image\" alt=\"ana paula lider bbb 26\" style=\"\" srcset=\"https:\/\/portalpopmais.com.br\/wp-content\/uploads\/2026\/03\/ana-paula-lider-bbb-26-768x450.jpg 768w, https:\/\/portalpopmais.com.br\/wp-content\/uploads\/2026\/03\/ana-paula-lider-bbb-26-18x10.jpg 18w\" sizes=\"auto, (max-width: 768px) 100vw, 768px\" title=\"\"><\/a><\/div><a class=\"wp-block-latest-posts__post-title\" href=\"https:\/\/portalpopmais.com.br\/en\/ana-paula-renault-vence-o-bbb-26-e-leva-premio-milionario-saiba-quanto\/\">Ana Paula Renault vence o BBB 26 e leva pr\u00eamio milion\u00e1rio; saiba quanto<\/a><\/li>\n<li><div class=\"wp-block-latest-posts__featured-image aligncenter\"><a href=\"https:\/\/portalpopmais.com.br\/en\/maior-treta-de-ana-paula-renault-no-bbb-26-foi-por-causa-do-pai\/\" aria-label=\"Maior treta de Ana Paula Renault no BBB 26 foi por causa do pai\"><img loading=\"lazy\" decoding=\"async\" width=\"768\" height=\"456\" src=\"https:\/\/portalpopmais.com.br\/wp-content\/uploads\/2026\/04\/ana-paula-renault-768x456.png\" class=\"attachment-medium size-medium wp-post-image\" alt=\"ana paula renault\" style=\"\" srcset=\"https:\/\/portalpopmais.com.br\/wp-content\/uploads\/2026\/04\/ana-paula-renault-768x456.png 768w, https:\/\/portalpopmais.com.br\/wp-content\/uploads\/2026\/04\/ana-paula-renault-18x12.png 18w\" sizes=\"auto, (max-width: 768px) 100vw, 768px\" title=\"\"><\/a><\/div><a class=\"wp-block-latest-posts__post-title\" href=\"https:\/\/portalpopmais.com.br\/en\/maior-treta-de-ana-paula-renault-no-bbb-26-foi-por-causa-do-pai\/\">Maior treta de Ana Paula Renault no BBB 26 foi por causa do pai<\/a><\/li>\n<\/ul>\n\n\n<p>Scooby disse que entendeu os motivos do atleta escolher Arthur Aguiar, mas ficou ressabiado.<em> &#8220;\u00d3bvio que eu entendi porque voc\u00ea puxou o Arthur para ir com voc\u00ea para l\u00e1, mas fiquei pensando assim: todas \u00e0s vezes que eu pude priorizar algu\u00e9m, eu priorizei voc\u00ea. Todas \u00e0s vezes que tu pode priorizar algu\u00e9m, voc\u00ea n\u00e3o me priorizou. Isso de alguma forma me fez refletir da vida&#8221;<\/em>, declara.<\/p>\n\n\n\n<p>Paulo Andr\u00e9 ent\u00e3o quis saber o que fez para despertar esse sentimento. <em>&#8220;No Anjo e entendo que era a parada da Lina, que a gente tinha feito&#8221;,<\/em> relembrou Scooby.<em> &#8220;S\u00e3o mais quest\u00f5es de jogo&#8221;<\/em>, disse o velocista. <em>&#8220;N\u00e3o sei. \u00c9 que \u00e9 isso. \u00c9 que voc\u00ea fica ref\u00e9m de quem est\u00e1 com voc\u00ea&#8221;<\/em>, destaca o surfista.<em> &#8220;A quest\u00e3o do Anjo foi game&#8221;<\/em>, insiste Paulo Andr\u00e9.<\/p>\n\n\n\n<p>O surfista disse que ficou incomodado porque ele sequer justificou sua decis\u00e3o. <em>&#8220;Hoje foi a conversa que tu teve com ele, mas sei l\u00e1, das outras vezes voc\u00ea veio falar: &#8216;p\u00f4, tu sabe que est\u00e1 do meu lado&#8217;. Hoje, todo mundo sabia que eu ia para o Pared\u00e3o e tinha passado dois dias l\u00e1 no meu VIP dividindo as paradas. N\u00e3o foi o fato de voc\u00ea ter puxado ele, mas depois, em momento algum, voc\u00ea n\u00e3o ter puxado e falar&#8221;,<\/em> justifica.<\/p>","protected":false},"excerpt":{"rendered":"<p>O surfista Pedro Scooby revelou \u00e0 Paulo Andr\u00e9 que ficou chateado ao ser deixado de fora do VIP. O velocista venceu a prova do l\u00edder e escolheu Arthur Aguiar para acompanh\u00e1-lo. &#8220;\u00c9 bobeira, mas que de alguma forma bateu diferente hoje em mim. Essas paradas de priorizar as pessoas que voc\u00ea gosta aqui dentro, ordem [&hellip;]<\/p>\n","protected":false},"author":2,"featured_media":113139,"comment_status":"closed","ping_status":"open","sticky":false,"template":"","format":"standard","meta":{"footnotes":""},"categories":[8605],"tags":[1185,8624,10432,2261],"class_list":["post-113136","post","type-post","status-publish","format-standard","has-post-thumbnail","hentry","category-realities","tag-arthur-aguiar","tag-bbb22","tag-paulo-andre","tag-pedro-scooby"],"_links":{"self":[{"href":"https:\/\/portalpopmais.com.br\/en\/wp-json\/wp\/v2\/posts\/113136","targetHints":{"allow":["GET"]}}],"collection":[{"href":"https:\/\/portalpopmais.com.br\/en\/wp-json\/wp\/v2\/posts"}],"about":[{"href":"https:\/\/portalpopmais.com.br\/en\/wp-json\/wp\/v2\/types\/post"}],"author":[{"embeddable":true,"href":"https:\/\/portalpopmais.com.br\/en\/wp-json\/wp\/v2\/users\/2"}],"replies":[{"embeddable":true,"href":"https:\/\/portalpopmais.com.br\/en\/wp-json\/wp\/v2\/comments?post=113136"}],"version-history":[{"count":0,"href":"https:\/\/portalpopmais.com.br\/en\/wp-json\/wp\/v2\/posts\/113136\/revisions"}],"wp:featuredmedia":[{"embeddable":true,"href":"https:\/\/portalpopmais.com.br\/en\/wp-json\/wp\/v2\/media\/113139"}],"wp:attachment":[{"href":"https:\/\/portalpopmais.com.br\/en\/wp-json\/wp\/v2\/media?parent=113136"}],"wp:term":[{"taxonomy":"category","embeddable":true,"href":"https:\/\/portalpopmais.com.br\/en\/wp-json\/wp\/v2\/categories?post=113136"},{"taxonomy":"post_tag","embeddable":true,"href":"https:\/\/portalpopmais.com.br\/en\/wp-json\/wp\/v2\/tags?post=113136"}],"curies":[{"name":"wp","href":"https:\/\/api.w.org\/{rel}","templated":true}]}}