{"id":113948,"date":"2022-04-25T15:41:24","date_gmt":"2022-04-25T18:41:24","guid":{"rendered":"https:\/\/portalpopmais.com.br\/?p=113948"},"modified":"2022-04-25T15:41:29","modified_gmt":"2022-04-25T18:41:29","slug":"bbb22-paulo-andre-arthur-aguiar-trocam-farpas-bagulho-serio","status":"publish","type":"post","link":"https:\/\/portalpopmais.com.br\/en\/bbb22-paulo-andre-arthur-aguiar-trocam-farpas-bagulho-serio\/","title":{"rendered":"BBB22: Na v\u00e9spera da final, Paulo Andr\u00e9 e Arthur Aguiar trocam farpas: &#8220;O bagulho \u00e9 muito s\u00e9rio&#8221;; veja v\u00eddeo"},"content":{"rendered":"\n<p>No in\u00edcio da tarde desta segunda-feira (25), <strong><a href=\"https:\/\/portalpopmais.com.br\/pacampeao-internautas-campanha-vitoria-paulo-andre-bbb22\/\" data-type=\"post\" data-id=\"113828\">Paulo Andr\u00e9<\/a><\/strong> e <a href=\"http:\/\/instagram.com\/portalpopmais\" target=\"_blank\" rel=\"noopener\">Arthur Aguiar<\/a> trocaram farpas de forma intensa ap\u00f3s o velocista se sentir ofendido com uma brincadeira do ator. <\/p>\n\n\n\n<p>A treta come\u00e7ou ap\u00f3s PA fazer uma rima citando a humorista Dani Calabresa durante uma din\u00e2mica de um patrocinador.<\/p>\n\n\n\n<h2 class=\"wp-block-heading\">Veja tamb\u00e9m<\/h2>\n\n\n<ul class=\"wp-block-latest-posts__list is-grid columns-3 aligncenter wp-block-latest-posts\"><li><div class=\"wp-block-latest-posts__featured-image aligncenter\"><a href=\"https:\/\/portalpopmais.com.br\/en\/pedro-novaes-ja-apareceu-nu-na-internet\/\" aria-label=\"Pedro Novaes j\u00e1 apareceu nu na internet\"><img loading=\"lazy\" decoding=\"async\" width=\"586\" height=\"456\" src=\"https:\/\/portalpopmais.com.br\/wp-content\/uploads\/2025\/02\/2020-08-18-pedro-novaes-586x456.jpg\" class=\"attachment-medium size-medium wp-post-image\" alt=\"\" style=\"\" title=\"\"><\/a><\/div><a class=\"wp-block-latest-posts__post-title\" href=\"https:\/\/portalpopmais.com.br\/en\/pedro-novaes-ja-apareceu-nu-na-internet\/\">Pedro Novaes j\u00e1 apareceu nu na internet<\/a><\/li>\n<li><div class=\"wp-block-latest-posts__featured-image aligncenter\"><a href=\"https:\/\/portalpopmais.com.br\/en\/luana-piovani-rebate-criticas-apos-polemica-com-virginia-fonseca-voces-criaram-esse-monstro-video\/\" aria-label=\"Ap\u00f3s embate com Virginia, Luana Piovani dispara: &#8220;Voc\u00eas criaram esse monstro&#8221;\"><img loading=\"lazy\" decoding=\"async\" width=\"768\" height=\"435\" src=\"https:\/\/portalpopmais.com.br\/wp-content\/uploads\/2025\/07\/luana-piovani-virginia-fonseca-look-neymar-768x435.webp\" class=\"attachment-medium size-medium wp-post-image\" alt=\"\" style=\"\" title=\"\"><\/a><\/div><a class=\"wp-block-latest-posts__post-title\" href=\"https:\/\/portalpopmais.com.br\/en\/luana-piovani-rebate-criticas-apos-polemica-com-virginia-fonseca-voces-criaram-esse-monstro-video\/\">Ap\u00f3s embate com Virginia, Luana Piovani dispara: &#8220;Voc\u00eas criaram esse monstro&#8221;<\/a><\/li>\n<li><div class=\"wp-block-latest-posts__featured-image aligncenter\"><a href=\"https:\/\/portalpopmais.com.br\/en\/ludmilla-lanca-viro-vira-virou-veja-letra\/\" aria-label=\"Ludmilla lan\u00e7a &#8220;Viro Vira Virou&#8221;; veja letra\"><img loading=\"lazy\" decoding=\"async\" width=\"768\" height=\"456\" src=\"https:\/\/portalpopmais.com.br\/wp-content\/uploads\/2025\/10\/IMG_7084-768x456.jpeg\" class=\"attachment-medium size-medium wp-post-image\" alt=\"Ludmilla - Foto: @lyzoliv\" style=\"\" srcset=\"https:\/\/portalpopmais.com.br\/wp-content\/uploads\/2025\/10\/IMG_7084-768x456.jpeg 768w, https:\/\/portalpopmais.com.br\/wp-content\/uploads\/2025\/10\/IMG_7084-1170x694.jpeg 1170w, https:\/\/portalpopmais.com.br\/wp-content\/uploads\/2025\/10\/IMG_7084-18x12.jpeg 18w\" sizes=\"auto, (max-width: 768px) 100vw, 768px\" title=\"\"><\/a><\/div><a class=\"wp-block-latest-posts__post-title\" href=\"https:\/\/portalpopmais.com.br\/en\/ludmilla-lanca-viro-vira-virou-veja-letra\/\">Ludmilla lan\u00e7a &#8220;Viro Vira Virou&#8221;; veja letra<\/a><\/li>\n<li><div class=\"wp-block-latest-posts__featured-image aligncenter\"><a href=\"https:\/\/portalpopmais.com.br\/en\/letra-corpao-violao-leo-santana\/\" aria-label=\"Letra &#8220;Corp\u00e3o Viol\u00e3o&#8221; &#8211; Leo Santana\"><img loading=\"lazy\" decoding=\"async\" width=\"768\" height=\"404\" src=\"https:\/\/portalpopmais.com.br\/wp-content\/uploads\/2022\/10\/leo-santana-e1552330151231-768x404.jpg\" class=\"attachment-medium size-medium wp-post-image\" alt=\"\" style=\"\" srcset=\"https:\/\/portalpopmais.com.br\/wp-content\/uploads\/2022\/10\/leo-santana-e1552330151231-768x404.jpg 768w, https:\/\/portalpopmais.com.br\/wp-content\/uploads\/2022\/10\/leo-santana-e1552330151231.jpg 770w\" sizes=\"auto, (max-width: 768px) 100vw, 768px\" title=\"\"><\/a><\/div><a class=\"wp-block-latest-posts__post-title\" href=\"https:\/\/portalpopmais.com.br\/en\/letra-corpao-violao-leo-santana\/\">Letra &#8220;Corp\u00e3o Viol\u00e3o&#8221; &#8211; Leo Santana<\/a><\/li>\n<li><div class=\"wp-block-latest-posts__featured-image aligncenter\"><a href=\"https:\/\/portalpopmais.com.br\/en\/britney-spears-e-vista-pela-primeira-vez-apos-internacao-em-clinica-de-reabilitacao\/\" aria-label=\"Britney Spears \u00e9 vista pela primeira vez ap\u00f3s interna\u00e7\u00e3o em cl\u00ednica de reabilita\u00e7\u00e3o\"><img loading=\"lazy\" decoding=\"async\" width=\"768\" height=\"456\" src=\"https:\/\/portalpopmais.com.br\/wp-content\/uploads\/2026\/03\/comprimidos-britney-spears-768x456.jpg\" class=\"attachment-medium size-medium wp-post-image\" alt=\"comprimidos britney spears\" style=\"\" srcset=\"https:\/\/portalpopmais.com.br\/wp-content\/uploads\/2026\/03\/comprimidos-britney-spears-768x456.jpg 768w, https:\/\/portalpopmais.com.br\/wp-content\/uploads\/2026\/03\/comprimidos-britney-spears-1170x694.jpg 1170w, https:\/\/portalpopmais.com.br\/wp-content\/uploads\/2026\/03\/comprimidos-britney-spears-18x12.jpg 18w\" sizes=\"auto, (max-width: 768px) 100vw, 768px\" title=\"\"><\/a><\/div><a class=\"wp-block-latest-posts__post-title\" href=\"https:\/\/portalpopmais.com.br\/en\/britney-spears-e-vista-pela-primeira-vez-apos-internacao-em-clinica-de-reabilitacao\/\">Britney Spears \u00e9 vista pela primeira vez ap\u00f3s interna\u00e7\u00e3o em cl\u00ednica de reabilita\u00e7\u00e3o<\/a><\/li>\n<\/ul>\n\n\n<p><em>&#8220;O bagulho \u00e9 muito s\u00e9rio, eu vou mandar, eu gosto de mussarela e a Dani gosta de calabresa&#8221;<\/em>, disse o brother. Na ocasi\u00e3o, o marido de Ma\u00edra Cardi soltou um coment\u00e1rio descontra\u00eddo, se referindo a uma poss\u00edvel &#8216;r\u00e9plica&#8217; da comediante: <em>&#8220;Que loucura. Olha que hoje vai ter CAT, hein?&#8221;.<\/em><\/p>\n\n\n\n<p>Acontece que o velocista n\u00e3o gostou da brincadeira, alegando que o ex-Rebelde levou a rima para uma conota\u00e7\u00e3o sexual.<\/p>\n\n\n\n<p><em>&#8220;Sabe qual o problema do PA? Ele zoa todo mundo, mas ningu\u00e9m pode zoar ele&#8221;,<\/em> disparou Arthur Aguiar. Paulo <em>Andr\u00e9, ent\u00e3o, rebateu: &#8220;Voc\u00ea que \u00e9 assim! Voc\u00ea leva o bagulho para um bagulho nada a ver, mano&#8221;.<\/em><\/p>\n\n\n\n<p>O aliado voltou a ressaltar que foi apenas uma brincadeira:<em> &#8220;A gente estava brincando mano! Voc\u00ea acha que algu\u00e9m falou s\u00e9rio? Ele zoa o tempo inteiro, mas se zoar ele, ele n\u00e3o gosta&#8221;.<\/em><\/p>\n\n\n\n<p>Sem papas na l\u00edngua, o atleta amea\u00e7ou: &#8220;<em>T\u00e1 bom, ent\u00e3o. Tadeu, no Jogo da Disc\u00f3rdia hoje vou puxar o Turrah [Arthur], hein! T\u00e1 bom, voc\u00ea est\u00e1 certo. Como sempre voc\u00ea est\u00e1 certo&#8221;.<\/em><\/p>\n\n\n\n<p>Por fim, o ator demonstrou pouca paci\u00eancia e cortou as brincadeiras com o velocista. <em>&#8220;N\u00e3o vou mais brincar, n\u00e3o \u00e9 a primeira vez que isso acontece&#8221;,<\/em> completou.<\/p>\n\n\n\n<figure class=\"wp-block-embed is-type-rich is-provider-twitter wp-block-embed-twitter\"><div class=\"wp-block-embed__wrapper\">\n<blockquote class=\"twitter-tweet\" data-width=\"550\" data-dnt=\"true\"><p lang=\"pt\" dir=\"ltr\">O PA rimando \ud83d\udde3 <a href=\"https:\/\/twitter.com\/hashtag\/BBB22?src=hash&amp;ref_src=twsrc%5Etfw\" target=\"_blank\" rel=\"noopener\">#BBB22<\/a> <a href=\"https:\/\/t.co\/D5j4FHFBvA\">https:\/\/t.co\/D5j4FHFBvA<\/a><\/p>&mdash; Central Reality (@centralreality) <a href=\"https:\/\/twitter.com\/centralreality\/status\/1518617065728393222?ref_src=twsrc%5Etfw\" target=\"_blank\" rel=\"noopener\">April 25, 2022<\/a><\/blockquote><script async src=\"https:\/\/platform.twitter.com\/widgets.js\" charset=\"utf-8\"><\/script>\n<\/div><\/figure>\n\n\n\n<figure class=\"wp-block-embed is-type-rich is-provider-twitter wp-block-embed-twitter\"><div class=\"wp-block-embed__wrapper\">\n<blockquote class=\"twitter-tweet\" data-width=\"550\" data-dnt=\"true\"><p lang=\"pt\" dir=\"ltr\">Clima tenso entre os brothers <a href=\"https:\/\/twitter.com\/hashtag\/BBB22?src=hash&amp;ref_src=twsrc%5Etfw\" target=\"_blank\" rel=\"noopener\">#BBB22<\/a><br><br> <a href=\"https:\/\/t.co\/r7dmjSe4Fc\">pic.twitter.com\/r7dmjSe4Fc<\/a><\/p>&mdash; Central Reality (@centralreality) <a href=\"https:\/\/twitter.com\/centralreality\/status\/1518616538252824584?ref_src=twsrc%5Etfw\" target=\"_blank\" rel=\"noopener\">April 25, 2022<\/a><\/blockquote><script async src=\"https:\/\/platform.twitter.com\/widgets.js\" charset=\"utf-8\"><\/script>\n<\/div><\/figure>\n","protected":false},"excerpt":{"rendered":"<p>No in\u00edcio da tarde desta segunda-feira (25), Paulo Andr\u00e9 e Arthur Aguiar trocaram farpas de forma intensa ap\u00f3s o velocista se sentir ofendido com uma brincadeira do ator. A treta come\u00e7ou ap\u00f3s PA fazer uma rima citando a humorista Dani Calabresa durante uma din\u00e2mica de um patrocinador. Veja tamb\u00e9m &#8220;O bagulho \u00e9 muito s\u00e9rio, eu [&hellip;]<\/p>\n","protected":false},"author":2,"featured_media":113950,"comment_status":"closed","ping_status":"open","sticky":false,"template":"","format":"standard","meta":{"footnotes":""},"categories":[8605],"tags":[1185,8624,10432],"class_list":["post-113948","post","type-post","status-publish","format-standard","has-post-thumbnail","hentry","category-realities","tag-arthur-aguiar","tag-bbb22","tag-paulo-andre"],"_links":{"self":[{"href":"https:\/\/portalpopmais.com.br\/en\/wp-json\/wp\/v2\/posts\/113948","targetHints":{"allow":["GET"]}}],"collection":[{"href":"https:\/\/portalpopmais.com.br\/en\/wp-json\/wp\/v2\/posts"}],"about":[{"href":"https:\/\/portalpopmais.com.br\/en\/wp-json\/wp\/v2\/types\/post"}],"author":[{"embeddable":true,"href":"https:\/\/portalpopmais.com.br\/en\/wp-json\/wp\/v2\/users\/2"}],"replies":[{"embeddable":true,"href":"https:\/\/portalpopmais.com.br\/en\/wp-json\/wp\/v2\/comments?post=113948"}],"version-history":[{"count":0,"href":"https:\/\/portalpopmais.com.br\/en\/wp-json\/wp\/v2\/posts\/113948\/revisions"}],"wp:featuredmedia":[{"embeddable":true,"href":"https:\/\/portalpopmais.com.br\/en\/wp-json\/wp\/v2\/media\/113950"}],"wp:attachment":[{"href":"https:\/\/portalpopmais.com.br\/en\/wp-json\/wp\/v2\/media?parent=113948"}],"wp:term":[{"taxonomy":"category","embeddable":true,"href":"https:\/\/portalpopmais.com.br\/en\/wp-json\/wp\/v2\/categories?post=113948"},{"taxonomy":"post_tag","embeddable":true,"href":"https:\/\/portalpopmais.com.br\/en\/wp-json\/wp\/v2\/tags?post=113948"}],"curies":[{"name":"wp","href":"https:\/\/api.w.org\/{rel}","templated":true}]}}