{"id":114128,"date":"2022-04-26T14:26:58","date_gmt":"2022-04-26T17:26:58","guid":{"rendered":"https:\/\/portalpopmais.com.br\/?p=114128"},"modified":"2022-04-26T14:31:21","modified_gmt":"2022-04-26T17:31:21","slug":"silvio-santos-veio-ai-apresentador-retorna-as-gravacoes-de-seu-programa","status":"publish","type":"post","link":"https:\/\/portalpopmais.com.br\/en\/silvio-santos-veio-ai-apresentador-retorna-as-gravacoes-de-seu-programa\/","title":{"rendered":"Silvio Santos veio a\u00ed! Apresentador retorna \u00e0s grava\u00e7\u00f5es de seu programa"},"content":{"rendered":"<p>J\u00e1 come\u00e7aram as grava\u00e7\u00f5es quem marcam o grande retorno de Silvio Santos ao comando de seu programa. Ao contr\u00e1rio do que foi dito nesta segunda-feira (25), a edi\u00e7\u00e3o do &#8220;Programa Silvio Santos&#8221; conta com a presen\u00e7a de Patr\u00edcia Abravanel. Ratinho participa do &#8220;Jogo das Tr\u00eas Pistas&#8221; nesta grava\u00e7\u00e3o. <\/p>\n\n\n\n<p><strong>Confira a chegada do patr\u00e3o:<\/strong><\/p>\n\n\n\n<figure class=\"wp-block-embed is-type-rich is-provider-instagram wp-block-embed-instagram\"><div class=\"wp-block-embed__wrapper\">\nhttps:\/\/www.instagram.com\/reel\/Cc0XpelDMym\/?igshid=YmMyMTA2M2Y=\n<\/div><\/figure>\n\n\n\n<p><strong>SABADO DEL\u00cdCIA<\/strong><\/p>\n\n\n\n<figure class=\"wp-block-image size-full\"><img loading=\"lazy\" decoding=\"async\" width=\"809\" height=\"452\" src=\"https:\/\/portalpopmais.com.br\/wp-content\/uploads\/2022\/04\/Sabado-Animado-com-Silvia-Abravanel.webp\" alt=\"\" class=\"wp-image-114138\" title=\"\"><figcaption>Foto: Divulga\u00e7\u00e3o\/SBT<\/figcaption><\/figure>\n\n\n\n<p>Silvia Abravanel estrear\u00e1 na apresenta\u00e7\u00e3o do &#8220;S\u00e1bado Animado&#8221; no pr\u00f3ximo s\u00e1bado, a partir de 06h. No mesmo formato do extinto &#8220;Bom Dia e Cia&#8221; (inclusive com os mesmos desenhos), Silvia continuar\u00e1 comandando as brincadeiras cl\u00e1ssicas<\/p>\n\n\n\n<p><strong>CHEGA EM MAIO<\/strong><\/p>\n\n\n\n<figure class=\"wp-block-image size-large\"><img loading=\"lazy\" decoding=\"async\" width=\"1170\" height=\"694\" src=\"https:\/\/portalpopmais.com.br\/wp-content\/uploads\/2022\/04\/Livia-Andrade-1170x694.jpg\" alt=\"\" class=\"wp-image-114139\" title=\"\" srcset=\"https:\/\/portalpopmais.com.br\/wp-content\/uploads\/2022\/04\/Livia-Andrade-1170x694.jpg 1170w, https:\/\/portalpopmais.com.br\/wp-content\/uploads\/2022\/04\/Livia-Andrade-768x456.jpg 768w\" sizes=\"auto, (max-width: 1170px) 100vw, 1170px\" \/><figcaption>Foto: Divulga\u00e7\u00e3o\/SBT<\/figcaption><\/figure>\n\n\n\n<p>O programa musical de L\u00edvia Andrade ganha sinal verde na Band e a produ\u00e7\u00e3o deve come\u00e7ar em vreve, isso porque a estre deve ocorrer ainda no m\u00eas de maio. O hor\u00e1rio escolhido continua sendo as noites de s\u00e1bado, batendo de frente com realities do SBT e a RecordTV.<\/p>\n\n\n\n<p><strong>NOVO FORMATO<\/strong><\/p>\n\n\n\n<figure class=\"wp-block-image size-large\"><img loading=\"lazy\" decoding=\"async\" width=\"1080\" height=\"694\" src=\"https:\/\/portalpopmais.com.br\/wp-content\/uploads\/2022\/04\/1-1080x694.jpg\" alt=\"\" class=\"wp-image-114136\" title=\"\"><figcaption>Foto: reprodu\u00e7\u00e3o<\/figcaption><\/figure>\n\n\n\n<p>Com seu retorno ao brasil, Silvio Santos engata novo programa: &#8220;O Mais Fraco Vai Embora&#8221;, o formato &#8220;Weakest Link&#8221;, que a Globo j\u00e1 tentou produzir no passado. O programa deve ser exibido nas noites de domingo, seu tradicional hor\u00e1rio. Em Portugal, o programa \u00e9 exibido pela RTP.<\/p>","protected":false},"excerpt":{"rendered":"<p>J\u00e1 come\u00e7aram as grava\u00e7\u00f5es quem marcam o grande retorno de Silvio Santos ao comando de seu programa. Ao contr\u00e1rio do que foi dito nesta segunda-feira (25), a edi\u00e7\u00e3o do &#8220;Programa Silvio Santos&#8221; conta com a presen\u00e7a de Patr\u00edcia Abravanel. Ratinho participa do &#8220;Jogo das Tr\u00eas Pistas&#8221; nesta grava\u00e7\u00e3o. Confira a chegada do patr\u00e3o: SABADO DEL\u00cdCIA [&hellip;]<\/p>\n","protected":false},"author":2,"featured_media":114130,"comment_status":"closed","ping_status":"open","sticky":false,"template":"","format":"standard","meta":{"footnotes":""},"categories":[181],"tags":[1152,496,403,142,1665],"class_list":["post-114128","post","type-post","status-publish","format-standard","has-post-thumbnail","hentry","category-televisao","tag-band","tag-record-tv","tag-sbt","tag-tv","tag-tv-globo"],"_links":{"self":[{"href":"https:\/\/portalpopmais.com.br\/en\/wp-json\/wp\/v2\/posts\/114128","targetHints":{"allow":["GET"]}}],"collection":[{"href":"https:\/\/portalpopmais.com.br\/en\/wp-json\/wp\/v2\/posts"}],"about":[{"href":"https:\/\/portalpopmais.com.br\/en\/wp-json\/wp\/v2\/types\/post"}],"author":[{"embeddable":true,"href":"https:\/\/portalpopmais.com.br\/en\/wp-json\/wp\/v2\/users\/2"}],"replies":[{"embeddable":true,"href":"https:\/\/portalpopmais.com.br\/en\/wp-json\/wp\/v2\/comments?post=114128"}],"version-history":[{"count":0,"href":"https:\/\/portalpopmais.com.br\/en\/wp-json\/wp\/v2\/posts\/114128\/revisions"}],"wp:featuredmedia":[{"embeddable":true,"href":"https:\/\/portalpopmais.com.br\/en\/wp-json\/wp\/v2\/media\/114130"}],"wp:attachment":[{"href":"https:\/\/portalpopmais.com.br\/en\/wp-json\/wp\/v2\/media?parent=114128"}],"wp:term":[{"taxonomy":"category","embeddable":true,"href":"https:\/\/portalpopmais.com.br\/en\/wp-json\/wp\/v2\/categories?post=114128"},{"taxonomy":"post_tag","embeddable":true,"href":"https:\/\/portalpopmais.com.br\/en\/wp-json\/wp\/v2\/tags?post=114128"}],"curies":[{"name":"wp","href":"https:\/\/api.w.org\/{rel}","templated":true}]}}