{"id":115090,"date":"2022-05-03T12:24:32","date_gmt":"2022-05-03T15:24:32","guid":{"rendered":"https:\/\/portalpopmais.com.br\/?p=115090"},"modified":"2022-05-03T12:24:42","modified_gmt":"2022-05-03T15:24:42","slug":"eliezer-recebido-euforia-web-alfineta-mais-querido-que-arthur","status":"publish","type":"post","link":"https:\/\/portalpopmais.com.br\/en\/eliezer-recebido-euforia-web-alfineta-mais-querido-que-arthur\/","title":{"rendered":"BBB22: Eliezer \u00e9 recebido com euforia em shopping e web alfineta: &#8220;Mais querido que o Arthur\u201d; veja v\u00eddeo"},"content":{"rendered":"<p class=\"wp-block-paragraph\">O ex-BBB <strong><a href=\"https:\/\/portalpopmais.com.br\/en\/gustavo-comemora-saida-eliezer-gera-climao\/\" target=\"_blank\" data-type=\"post\" data-id=\"113878\" rel=\"noreferrer noopener\">Eliezer<\/a><\/strong> sentiu o gostinho do que \u00e9 a fama, na noite desta \u00faltima segunda-feira (2), ao encontrar uma legi\u00e3o de f\u00e3s em um shopping em sua cidade natal. A equipe do designer promoveu o encontro do ex-brother com alguns admiradores em Volta Redonda, no Rio de Janeiro, e ele ficou chocado com a multid\u00e3o <a href=\"http:\/\/instagram.com\/portalpopmais\" target=\"_blank\" rel=\"noopener\">presente<\/a>.<\/p>\n\n\n\n<p class=\"wp-block-paragraph\">Em um registro compartilhado nas redes sociais, o designer n\u00e3o escondeu sua satisfa\u00e7\u00e3o com o momento e abriu o sorriso de orelha a orelha<em>. &#8220;Chegamos aqui no Sider Shopping com muito carinho de Volta Redonda. Voc\u00eas s\u00e3o demais!&#8221;<\/em>, comentou no Twitter.<\/p>\n\n\n\n<h2 class=\"wp-block-heading\">Veja tamb\u00e9m<\/h2>\n\n\n<ul class=\"wp-block-latest-posts__list is-grid aligncenter wp-block-latest-posts is-layout-flow wp-block-latest-posts-is-layout-flow\"><li><div class=\"wp-block-latest-posts__featured-image aligncenter\"><a href=\"https:\/\/portalpopmais.com.br\/en\/homem-condenado-morte-tupac\/\" aria-label=\"Quase 30 anos ap\u00f3s o crime, homem \u00e9 condenado pelo assassinato de Tupac Shakur\"><img loading=\"lazy\" decoding=\"async\" width=\"768\" height=\"456\" src=\"https:\/\/portalpopmais.com.br\/wp-content\/uploads\/2026\/09\/homem-condenado-morte-tuac-768x456.png\" class=\"attachment-medium size-medium wp-post-image\" alt=\"homem condenado morte tuac\" style=\"\" srcset=\"https:\/\/portalpopmais.com.br\/wp-content\/uploads\/2026\/09\/homem-condenado-morte-tuac-768x456.png 768w, https:\/\/portalpopmais.com.br\/wp-content\/uploads\/2026\/09\/homem-condenado-morte-tuac-1170x694.png 1170w, https:\/\/portalpopmais.com.br\/wp-content\/uploads\/2026\/09\/homem-condenado-morte-tuac-18x10.png 18w\" sizes=\"auto, (max-width: 768px) 100vw, 768px\" title=\"\"><\/a><\/div><a class=\"wp-block-latest-posts__post-title\" href=\"https:\/\/portalpopmais.com.br\/en\/homem-condenado-morte-tupac\/\">Quase 30 anos ap\u00f3s o crime, homem \u00e9 condenado pelo assassinato de Tupac Shakur<\/a><\/li>\n<li><div class=\"wp-block-latest-posts__featured-image aligncenter\"><a href=\"https:\/\/portalpopmais.com.br\/en\/pedro-scooby-confirma-o-fim-do-casamento-com-cintia-dicker\/\" aria-label=\"Pedro Scooby confirma o fim do casamento com Cintia Dicker\"><img loading=\"lazy\" decoding=\"async\" width=\"768\" height=\"456\" src=\"https:\/\/portalpopmais.com.br\/wp-content\/uploads\/2026\/08\/design-sem-nome-11-1-768x456.jpg\" class=\"attachment-medium size-medium wp-post-image\" alt=\"design sem nome 11 (1)\" style=\"\" srcset=\"https:\/\/portalpopmais.com.br\/wp-content\/uploads\/2026\/08\/design-sem-nome-11-1-768x456.jpg 768w, https:\/\/portalpopmais.com.br\/wp-content\/uploads\/2026\/08\/design-sem-nome-11-1-18x12.jpg 18w\" sizes=\"auto, (max-width: 768px) 100vw, 768px\" title=\"\"><\/a><\/div><a class=\"wp-block-latest-posts__post-title\" href=\"https:\/\/portalpopmais.com.br\/en\/pedro-scooby-confirma-o-fim-do-casamento-com-cintia-dicker\/\">Pedro Scooby confirma o fim do casamento com Cintia Dicker<\/a><\/li>\n<li><div class=\"wp-block-latest-posts__featured-image aligncenter\"><a href=\"https:\/\/portalpopmais.com.br\/en\/lionel-richie-e-internado-na-uti-apos-show-nos-estados-unidos-diz-site\/\" aria-label=\"Lionel Richie \u00e9 internado na UTI ap\u00f3s show nos Estados Unidos, diz site\"><img loading=\"lazy\" decoding=\"async\" width=\"768\" height=\"456\" src=\"https:\/\/portalpopmais.com.br\/wp-content\/uploads\/2025\/09\/lionel-richie-live-2023-getty-768x456.jpg\" class=\"attachment-medium size-medium wp-post-image\" alt=\"\" style=\"\" srcset=\"https:\/\/portalpopmais.com.br\/wp-content\/uploads\/2025\/09\/lionel-richie-live-2023-getty-768x456.jpg 768w, https:\/\/portalpopmais.com.br\/wp-content\/uploads\/2025\/09\/lionel-richie-live-2023-getty-1170x694.jpg 1170w, https:\/\/portalpopmais.com.br\/wp-content\/uploads\/2025\/09\/lionel-richie-live-2023-getty-18x12.jpg 18w\" sizes=\"auto, (max-width: 768px) 100vw, 768px\" title=\"\"><\/a><\/div><a class=\"wp-block-latest-posts__post-title\" href=\"https:\/\/portalpopmais.com.br\/en\/lionel-richie-e-internado-na-uti-apos-show-nos-estados-unidos-diz-site\/\">Lionel Richie \u00e9 internado na UTI ap\u00f3s show nos Estados Unidos, diz site<\/a><\/li>\n<li><div class=\"wp-block-latest-posts__featured-image aligncenter\"><a href=\"https:\/\/portalpopmais.com.br\/en\/tulio-amancio-deixa-a-globo-e-estreia-no-sbt-news-na-proxima-semana\/\" aria-label=\"T\u00falio Am\u00e2ncio deixa a Globo e estreia no SBT News na pr\u00f3xima semana\"><img loading=\"lazy\" decoding=\"async\" width=\"768\" height=\"456\" src=\"https:\/\/portalpopmais.com.br\/wp-content\/uploads\/2026\/03\/reporter-bigodudo-gostoso-768x456.webp\" class=\"attachment-medium size-medium wp-post-image\" alt=\"\" style=\"\" srcset=\"https:\/\/portalpopmais.com.br\/wp-content\/uploads\/2026\/03\/reporter-bigodudo-gostoso-768x456.webp 768w, https:\/\/portalpopmais.com.br\/wp-content\/uploads\/2026\/03\/reporter-bigodudo-gostoso-1170x694.webp 1170w, https:\/\/portalpopmais.com.br\/wp-content\/uploads\/2026\/03\/reporter-bigodudo-gostoso-18x10.webp 18w\" sizes=\"auto, (max-width: 768px) 100vw, 768px\" title=\"\"><\/a><\/div><a class=\"wp-block-latest-posts__post-title\" href=\"https:\/\/portalpopmais.com.br\/en\/tulio-amancio-deixa-a-globo-e-estreia-no-sbt-news-na-proxima-semana\/\">T\u00falio Am\u00e2ncio deixa a Globo e estreia no SBT News na pr\u00f3xima semana<\/a><\/li>\n<li><div class=\"wp-block-latest-posts__featured-image aligncenter\"><a href=\"https:\/\/portalpopmais.com.br\/en\/chrigor-revela-que-foi-intubado-duas-vezes-e-diz-que-pessoas-chegaram-a-procurar-sua-mae-para-saber-sobre-velorio\/\" aria-label=\"Chrigor revela que foi intubado duas vezes e diz que pessoas chegaram a procurar sua m\u00e3e para saber sobre vel\u00f3rio\"><img loading=\"lazy\" decoding=\"async\" width=\"768\" height=\"456\" src=\"https:\/\/portalpopmais.com.br\/wp-content\/uploads\/2025\/09\/chrigor-pega-samba-768x456.jpg\" class=\"attachment-medium size-medium wp-post-image\" alt=\"\" style=\"\" srcset=\"https:\/\/portalpopmais.com.br\/wp-content\/uploads\/2025\/09\/chrigor-pega-samba-768x456.jpg 768w, https:\/\/portalpopmais.com.br\/wp-content\/uploads\/2025\/09\/chrigor-pega-samba-1170x694.jpg 1170w, https:\/\/portalpopmais.com.br\/wp-content\/uploads\/2025\/09\/chrigor-pega-samba-18x10.jpg 18w\" sizes=\"auto, (max-width: 768px) 100vw, 768px\" title=\"\"><\/a><\/div><a class=\"wp-block-latest-posts__post-title\" href=\"https:\/\/portalpopmais.com.br\/en\/chrigor-revela-que-foi-intubado-duas-vezes-e-diz-que-pessoas-chegaram-a-procurar-sua-mae-para-saber-sobre-velorio\/\">Chrigor revela que foi intubado duas vezes e diz que pessoas chegaram a procurar sua m\u00e3e para saber sobre vel\u00f3rio<\/a><\/li>\n<li><div class=\"wp-block-latest-posts__featured-image aligncenter\"><a href=\"https:\/\/portalpopmais.com.br\/en\/diogo-defante-surpreende-internautas-ao-surgir-musculoso-veja-o-antes-e-depois\/\" aria-label=\"Diogo Defante surpreende internautas ao surgir musculoso; veja o antes e depois\"><img loading=\"lazy\" decoding=\"async\" width=\"768\" height=\"448\" src=\"https:\/\/portalpopmais.com.br\/wp-content\/uploads\/2026\/06\/Diogo-Defante-e-detido-nos-EUA-durante-cobertura-da-Copa-768x448.jpg\" class=\"attachment-medium size-medium wp-post-image\" alt=\"Diogo Defante \u00e9 detido nos EUA durante cobertura da Copa\" style=\"\" srcset=\"https:\/\/portalpopmais.com.br\/wp-content\/uploads\/2026\/06\/Diogo-Defante-e-detido-nos-EUA-durante-cobertura-da-Copa-768x448.jpg 768w, https:\/\/portalpopmais.com.br\/wp-content\/uploads\/2026\/06\/Diogo-Defante-e-detido-nos-EUA-durante-cobertura-da-Copa-18x10.jpg 18w\" sizes=\"auto, (max-width: 768px) 100vw, 768px\" title=\"\"><\/a><\/div><a class=\"wp-block-latest-posts__post-title\" href=\"https:\/\/portalpopmais.com.br\/en\/diogo-defante-surpreende-internautas-ao-surgir-musculoso-veja-o-antes-e-depois\/\">Diogo Defante surpreende internautas ao surgir musculoso; veja o antes e depois<\/a><\/li>\n<\/ul>\n\n\n<p class=\"wp-block-paragraph\">Nas redes sociais sobraram at\u00e9 algumas alfinetadas no campe\u00e3o Arthur Aguiar ap\u00f3s a recep\u00e7\u00e3o pra l\u00e1 de calorosa<em>. &#8220;E eu tenho que acreditar que o tal do Arthur foi campe\u00e3o\u2026 honestamente<\/em>&#8220;, alfinetou um.<em> &#8220;Tem mais gente que o campe\u00e3o do programa!&#8221;<\/em>, ironizou outro.<em> &#8220;Volta Redonda nunca decepciona: sempre entregando a vergonha prometida&#8221;<\/em>, criticou uma terceira. <em>&#8220;Mais querido que o Arthur&#8221;, <\/em>disparou mais um.<\/p>\n\n\n\n<figure class=\"wp-block-embed is-type-rich is-provider-twitter wp-block-embed-twitter\"><div class=\"wp-block-embed__wrapper\">\n<blockquote class=\"twitter-tweet\" data-width=\"550\" data-dnt=\"true\"><p lang=\"pt\" dir=\"ltr\">Chegamos aqui no Sider Shopping com muuuuito carinho de Volta Redonda. Voc\u00eas s\u00e3o demais! \u2764\ufe0f <a href=\"https:\/\/t.co\/P2aoJ3fKOd\">pic.twitter.com\/P2aoJ3fKOd<\/a><\/p>&mdash; Eliezer (@eliezer) <a href=\"https:\/\/twitter.com\/eliezer\/status\/1521209800981417984?ref_src=twsrc%5Etfw\" target=\"_blank\" rel=\"noopener\">May 2, 2022<\/a><\/blockquote><script async src=\"https:\/\/platform.twitter.com\/widgets.js\" charset=\"utf-8\"><\/script>\n<\/div><\/figure>","protected":false},"excerpt":{"rendered":"<p>O ex-BBB Eliezer sentiu o gostinho do que \u00e9 a fama, na noite desta \u00faltima segunda-feira (2), ao encontrar uma legi\u00e3o de f\u00e3s em um shopping em sua cidade natal. A equipe do designer promoveu o encontro do ex-brother com alguns admiradores em Volta Redonda, no Rio de Janeiro, e ele ficou chocado com a [&hellip;]<\/p>\n","protected":false},"author":2,"featured_media":115092,"comment_status":"closed","ping_status":"open","sticky":false,"template":"","format":"standard","meta":{"footnotes":""},"categories":[8605],"tags":[1185,8624,10385],"class_list":["post-115090","post","type-post","status-publish","format-standard","has-post-thumbnail","hentry","category-realities","tag-arthur-aguiar","tag-bbb22","tag-eliezer"],"_links":{"self":[{"href":"https:\/\/portalpopmais.com.br\/en\/wp-json\/wp\/v2\/posts\/115090","targetHints":{"allow":["GET"]}}],"collection":[{"href":"https:\/\/portalpopmais.com.br\/en\/wp-json\/wp\/v2\/posts"}],"about":[{"href":"https:\/\/portalpopmais.com.br\/en\/wp-json\/wp\/v2\/types\/post"}],"author":[{"embeddable":true,"href":"https:\/\/portalpopmais.com.br\/en\/wp-json\/wp\/v2\/users\/2"}],"replies":[{"embeddable":true,"href":"https:\/\/portalpopmais.com.br\/en\/wp-json\/wp\/v2\/comments?post=115090"}],"version-history":[{"count":0,"href":"https:\/\/portalpopmais.com.br\/en\/wp-json\/wp\/v2\/posts\/115090\/revisions"}],"wp:featuredmedia":[{"embeddable":true,"href":"https:\/\/portalpopmais.com.br\/en\/wp-json\/wp\/v2\/media\/115092"}],"wp:attachment":[{"href":"https:\/\/portalpopmais.com.br\/en\/wp-json\/wp\/v2\/media?parent=115090"}],"wp:term":[{"taxonomy":"category","embeddable":true,"href":"https:\/\/portalpopmais.com.br\/en\/wp-json\/wp\/v2\/categories?post=115090"},{"taxonomy":"post_tag","embeddable":true,"href":"https:\/\/portalpopmais.com.br\/en\/wp-json\/wp\/v2\/tags?post=115090"}],"curies":[{"name":"wp","href":"https:\/\/api.w.org\/{rel}","templated":true}]}}