{"id":115254,"date":"2022-05-04T14:42:17","date_gmt":"2022-05-04T17:42:17","guid":{"rendered":"https:\/\/portalpopmais.com.br\/?p=115254"},"modified":"2022-05-04T14:44:38","modified_gmt":"2022-05-04T17:44:38","slug":"dado-dolabella-civilizacao-chamado-pela-pedra","status":"publish","type":"post","link":"https:\/\/portalpopmais.com.br\/en\/dado-dolabella-civilizacao-chamado-pela-pedra\/","title":{"rendered":"Dado Dolabella larga civiliza\u00e7\u00e3o e se isola na floresta: &#8220;Fui chamado pela pedra&#8221;"},"content":{"rendered":"<p class=\"wp-block-paragraph\">O ator e ex-<a href=\"https:\/\/portalpopmais.com.br\/en\/bil-araujo-descobre-morte-marilia-mendonca\/\" data-type=\"post\" data-id=\"99692\">Fazenda<\/a> Dado Dolabella compartilhou em suas redes sociais os momentos de sua vida e novas transforma\u00e7\u00f5es desde que decidiu se mudar do Rio de Janeiro para a Chapada dos Veadeiros, uma das grandes a\u00e9reas de preserva\u00e7\u00e3o ambiental de Goi\u00e1s.<\/p>\n\n\n\n<p class=\"wp-block-paragraph\">&#8220;N\u00e3o me sentia mais fluindo em uma selva de pedra, onde o ritmo fren\u00e9tico \u00e9 ditado pelo capital. Precisava de mais vida para estar mais vivo. Definitivamente&#8221;, escreveu ele em seu perfil do Instagram.<\/p>\n\n\n\n<p class=\"wp-block-paragraph\">No texto, ele ainda contou que se sente melhor quando est\u00e1 junto \u00e0 natureza e encontrou tempo para atividades como fazer yoga, meditar e preparar refei\u00e7\u00f5es.<\/p>\n\n\n\n<p class=\"wp-block-paragraph\">&#8220;Dizem que quem mora aqui \u00e9 porque foi chamado pela pedra, portanto senti o tal chamado e aqui estou morando, no agora&#8221;, completa na publica\u00e7\u00e3o.<\/p>","protected":false},"excerpt":{"rendered":"<p>O ator e ex-Fazenda Dado Dolabella compartilhou em suas redes sociais os momentos de sua vida e novas transforma\u00e7\u00f5es desde que decidiu se mudar do Rio de Janeiro para a Chapada dos Veadeiros, uma das grandes a\u00e9reas de preserva\u00e7\u00e3o ambiental de Goi\u00e1s. &#8220;N\u00e3o me sentia mais fluindo em uma selva de pedra, onde o ritmo [&hellip;]<\/p>\n","protected":false},"author":3,"featured_media":115255,"comment_status":"closed","ping_status":"open","sticky":false,"template":"","format":"standard","meta":{"footnotes":""},"categories":[173],"tags":[8908],"class_list":["post-115254","post","type-post","status-publish","format-standard","has-post-thumbnail","hentry","category-celebridades","tag-dado-dolabella"],"_links":{"self":[{"href":"https:\/\/portalpopmais.com.br\/en\/wp-json\/wp\/v2\/posts\/115254","targetHints":{"allow":["GET"]}}],"collection":[{"href":"https:\/\/portalpopmais.com.br\/en\/wp-json\/wp\/v2\/posts"}],"about":[{"href":"https:\/\/portalpopmais.com.br\/en\/wp-json\/wp\/v2\/types\/post"}],"author":[{"embeddable":true,"href":"https:\/\/portalpopmais.com.br\/en\/wp-json\/wp\/v2\/users\/3"}],"replies":[{"embeddable":true,"href":"https:\/\/portalpopmais.com.br\/en\/wp-json\/wp\/v2\/comments?post=115254"}],"version-history":[{"count":0,"href":"https:\/\/portalpopmais.com.br\/en\/wp-json\/wp\/v2\/posts\/115254\/revisions"}],"wp:featuredmedia":[{"embeddable":true,"href":"https:\/\/portalpopmais.com.br\/en\/wp-json\/wp\/v2\/media\/115255"}],"wp:attachment":[{"href":"https:\/\/portalpopmais.com.br\/en\/wp-json\/wp\/v2\/media?parent=115254"}],"wp:term":[{"taxonomy":"category","embeddable":true,"href":"https:\/\/portalpopmais.com.br\/en\/wp-json\/wp\/v2\/categories?post=115254"},{"taxonomy":"post_tag","embeddable":true,"href":"https:\/\/portalpopmais.com.br\/en\/wp-json\/wp\/v2\/tags?post=115254"}],"curies":[{"name":"wp","href":"https:\/\/api.w.org\/{rel}","templated":true}]}}