{"id":115273,"date":"2022-05-04T15:18:24","date_gmt":"2022-05-04T18:18:24","guid":{"rendered":"https:\/\/portalpopmais.com.br\/?p=115273"},"modified":"2022-05-04T15:32:01","modified_gmt":"2022-05-04T18:32:01","slug":"pastor-mendigos-dever-biblico-de-passar-fome","status":"publish","type":"post","link":"https:\/\/portalpopmais.com.br\/en\/pastor-mendigos-dever-biblico-de-passar-fome\/","title":{"rendered":"Pastor diz que &#8220;mendigos tem o dever b\u00edblico de passar fome&#8221; e gera revolta"},"content":{"rendered":"<p class=\"wp-block-paragraph\">O pastor Marcos Granconato, membro da Igreja Batista Reden\u00e7\u00e3o, em <a href=\"https:\/\/portalpopmais.com.br\/en\/matheus-e-kauan-se-apresentam-no-villa-country-em-sao-paulo\/\" data-type=\"post\" data-id=\"115199\">S\u00e3o Paulo<\/a>, usou as suas redes sociais para defender que moradores de rua devem passar fome. A fala gerou revolta na internet.<\/p>\n\n\n\n<p class=\"wp-block-paragraph\">\u201cA maioria dos mendigos t\u00eam o dever b\u00edblico de passar fome, pois Paulo diz aos Tessalonicenses: \u2018Se algu\u00e9m n\u00e3o trabalha, que tamb\u00e9m n\u00e3o coma\u2019\u201d, escreveu Granconato em sua p\u00e1gina no Facebook.<\/p>\n\n\n\n<p class=\"wp-block-paragraph\">Ap\u00f3s in\u00fameras criticas, o l\u00edder religioso tentou rebater, dizendo que foi mal-interpretado, e que na verdade estava se referindo \u00e0 \u201cmaioria\u201d, e n\u00e3o a todos os moradores de rua.<\/p>\n\n\n\n<p class=\"wp-block-paragraph\">\u201cEu j\u00e1 ofereci trabalho para um monte de mendigos. Perguntem se eles aceitaram\u201d, escreveu Granconato.<\/p>","protected":false},"excerpt":{"rendered":"<p>O pastor Marcos Granconato, membro da Igreja Batista Reden\u00e7\u00e3o, em S\u00e3o Paulo, usou as suas redes sociais para defender que moradores de rua devem passar fome. A fala gerou revolta na internet. \u201cA maioria dos mendigos t\u00eam o dever b\u00edblico de passar fome, pois Paulo diz aos Tessalonicenses: \u2018Se algu\u00e9m n\u00e3o trabalha, que tamb\u00e9m n\u00e3o [&hellip;]<\/p>\n","protected":false},"author":3,"featured_media":115274,"comment_status":"closed","ping_status":"open","sticky":false,"template":"","format":"standard","meta":{"footnotes":""},"categories":[2165],"tags":[11189,11190],"class_list":["post-115273","post","type-post","status-publish","format-standard","has-post-thumbnail","hentry","category-noticias","tag-marcos-granconato","tag-mendigo"],"_links":{"self":[{"href":"https:\/\/portalpopmais.com.br\/en\/wp-json\/wp\/v2\/posts\/115273","targetHints":{"allow":["GET"]}}],"collection":[{"href":"https:\/\/portalpopmais.com.br\/en\/wp-json\/wp\/v2\/posts"}],"about":[{"href":"https:\/\/portalpopmais.com.br\/en\/wp-json\/wp\/v2\/types\/post"}],"author":[{"embeddable":true,"href":"https:\/\/portalpopmais.com.br\/en\/wp-json\/wp\/v2\/users\/3"}],"replies":[{"embeddable":true,"href":"https:\/\/portalpopmais.com.br\/en\/wp-json\/wp\/v2\/comments?post=115273"}],"version-history":[{"count":0,"href":"https:\/\/portalpopmais.com.br\/en\/wp-json\/wp\/v2\/posts\/115273\/revisions"}],"wp:featuredmedia":[{"embeddable":true,"href":"https:\/\/portalpopmais.com.br\/en\/wp-json\/wp\/v2\/media\/115274"}],"wp:attachment":[{"href":"https:\/\/portalpopmais.com.br\/en\/wp-json\/wp\/v2\/media?parent=115273"}],"wp:term":[{"taxonomy":"category","embeddable":true,"href":"https:\/\/portalpopmais.com.br\/en\/wp-json\/wp\/v2\/categories?post=115273"},{"taxonomy":"post_tag","embeddable":true,"href":"https:\/\/portalpopmais.com.br\/en\/wp-json\/wp\/v2\/tags?post=115273"}],"curies":[{"name":"wp","href":"https:\/\/api.w.org\/{rel}","templated":true}]}}