{"id":115703,"date":"2022-05-09T10:57:36","date_gmt":"2022-05-09T13:57:36","guid":{"rendered":"https:\/\/portalpopmais.com.br\/?p=115703"},"modified":"2022-05-09T10:57:46","modified_gmt":"2022-05-09T13:57:46","slug":"casos-de-familia-passa-a-ter-novo-formato-no-sbt","status":"publish","type":"post","link":"https:\/\/portalpopmais.com.br\/en\/casos-de-familia-passa-a-ter-novo-formato-no-sbt\/","title":{"rendered":"Casos de Fam\u00edlia passa a ter novo formato no SBT"},"content":{"rendered":"<p>Nas comemora\u00e7\u00f5es dos 13 anos do vespertino sob o comando de Christina Rocha, o SBT passa a apresentar um novo formato do \u201cCasos de Fam\u00edlia\u201d. Segundo informa\u00e7\u00f5es obtidas pelo Bastidores na TV, as mudan\u00e7as j\u00e1 come\u00e7am a ser vistas na edi\u00e7\u00e3o desta segunda-feira (9).<\/p>\n\n\n\n<p>O programa passa a contar com a participa\u00e7\u00e3o de outras personalidades, como Luiza Ambiel, Gabriel Cartolano, M\u00e1rcia Dantas, Vivi Fernandez, Carlinhos Aguiar e Solange Gomes, dentre outros.<\/p>\n\n\n\n<p>Na estreia do novo formato, Geisy Arruda, Mara Maravilha, Delegado Palumbo, Samara Ribeiro e Marc\u00e3o do Povo v\u00e3o debater sobre o tema \u201cN\u00e3o era para voc\u00ea se apaixonar, muito menos engravidar\u2026. Eu s\u00f3 queria brincar!\u201d.<\/p>\n\n\n\n<p>E assim o programa deve seguir, recebendo famosos de diversos segmentos para uma conversa sobre a tem\u00e1tica, junto de Christina. Al\u00e9m claro da participa\u00e7\u00e3o da psic\u00f3loga Anahy D\u2019Amico no final do programa.<\/p>\n\n\n\n<p>Da semana de 09 \u00e0 13 de maio, o \u201cCasos\u201d ser\u00e1 exibido de 14h15 \u00e0s 15h15. Com a nova grade v\u00e1lida a partir do dia 16 deste m\u00eas, o programa vai de 15h00 \u00e0s 16h00.<\/p>","protected":false},"excerpt":{"rendered":"<p>Nas comemora\u00e7\u00f5es dos 13 anos do vespertino sob o comando de Christina Rocha, o SBT passa a apresentar um novo formato do \u201cCasos de Fam\u00edlia\u201d. Segundo informa\u00e7\u00f5es obtidas pelo Bastidores na TV, as mudan\u00e7as j\u00e1 come\u00e7am a ser vistas na edi\u00e7\u00e3o desta segunda-feira (9). O programa passa a contar com a participa\u00e7\u00e3o de outras personalidades, [&hellip;]<\/p>\n","protected":false},"author":2,"featured_media":115704,"comment_status":"closed","ping_status":"open","sticky":false,"template":"","format":"standard","meta":{"footnotes":""},"categories":[181],"tags":[11112,11208,403],"class_list":["post-115703","post","type-post","status-publish","format-standard","has-post-thumbnail","hentry","category-televisao","tag-casos-de-familia","tag-christina-rocha","tag-sbt"],"_links":{"self":[{"href":"https:\/\/portalpopmais.com.br\/en\/wp-json\/wp\/v2\/posts\/115703","targetHints":{"allow":["GET"]}}],"collection":[{"href":"https:\/\/portalpopmais.com.br\/en\/wp-json\/wp\/v2\/posts"}],"about":[{"href":"https:\/\/portalpopmais.com.br\/en\/wp-json\/wp\/v2\/types\/post"}],"author":[{"embeddable":true,"href":"https:\/\/portalpopmais.com.br\/en\/wp-json\/wp\/v2\/users\/2"}],"replies":[{"embeddable":true,"href":"https:\/\/portalpopmais.com.br\/en\/wp-json\/wp\/v2\/comments?post=115703"}],"version-history":[{"count":0,"href":"https:\/\/portalpopmais.com.br\/en\/wp-json\/wp\/v2\/posts\/115703\/revisions"}],"wp:featuredmedia":[{"embeddable":true,"href":"https:\/\/portalpopmais.com.br\/en\/wp-json\/wp\/v2\/media\/115704"}],"wp:attachment":[{"href":"https:\/\/portalpopmais.com.br\/en\/wp-json\/wp\/v2\/media?parent=115703"}],"wp:term":[{"taxonomy":"category","embeddable":true,"href":"https:\/\/portalpopmais.com.br\/en\/wp-json\/wp\/v2\/categories?post=115703"},{"taxonomy":"post_tag","embeddable":true,"href":"https:\/\/portalpopmais.com.br\/en\/wp-json\/wp\/v2\/tags?post=115703"}],"curies":[{"name":"wp","href":"https:\/\/api.w.org\/{rel}","templated":true}]}}