{"id":115762,"date":"2022-05-09T13:31:29","date_gmt":"2022-05-09T16:31:29","guid":{"rendered":"https:\/\/portalpopmais.com.br\/?p=115762"},"modified":"2022-05-09T13:31:38","modified_gmt":"2022-05-09T16:31:38","slug":"rafa-kalimann-critica-internautas-apos-ser-alvo-de-ataques-meu-corpo","status":"publish","type":"post","link":"https:\/\/portalpopmais.com.br\/en\/rafa-kalimann-critica-internautas-apos-ser-alvo-de-ataques-meu-corpo\/","title":{"rendered":"Rafa Kalimann critica internautas ap\u00f3s ser alvo de ataques: &#8220;meu corpo&#8221;"},"content":{"rendered":"\n<p>Neste domingo (8), <strong><a href=\"https:\/\/portalpopmais.com.br\/paulo-vieira-se-irrita-rafa-kalimann-maldita\/\" target=\"_blank\" data-type=\"post\" data-id=\"113007\" rel=\"noreferrer noopener\">Rafa Kalimann<\/a><\/strong> fez um desabafo em sua conta no Twitter onde criticou a postura dos internautas ap\u00f3s postar uma foto no <a href=\"http:\/\/instagram.com\/portalpopmais\" target=\"_blank\" rel=\"noreferrer noopener\">Instagram<\/a>. <\/p>\n\n\n\n<p>Acontece que o registrou gerou uma discuss\u00e3o a respeito do peso corporal da apresentadora. Segundo alguns internautas, a magreza da ex-BBB era exagerada. A enxurrada de coment\u00e1rios negativos foi al\u00e9m da conta para Kalimann. <\/p>\n\n\n\n<p>\u201c&#8217;T<em>\u00e1 na pedra&#8217;, &#8216;ela deve t\u00e1 com alguma doen\u00e7a&#8217;, &#8216;acabada&#8217;, &#8216;assustadora&#8217;, &#8216;t\u00e1 fumando crack&#8217;, &#8216;perdeu a essencia&#8217;, &#8216;se trata porque t\u00e1 esquisita&#8217;, &#8216;voc\u00ea est\u00e1 dando medo&#8217; mais uns 4 mil coment\u00e1rios. Era s\u00f3 uma foto de mais um momento feliz. Porque eu estava feliz. \u00c9 s\u00f3 meu corpo, s\u00f3 meu&#8221;,<\/em> desabafou.<\/p>\n\n\n\n<center><blockquote class=\"twitter-tweet\"><p lang=\"pt\" dir=\"ltr\">\u201cT\u00e1 na pedra\u201d, \u201cela deve t\u00e1 com alguma doen\u00e7a\u201d, \u201cacabada\u201d, \u201cassustadora\u201d, \u201ct\u00e1 fumando crack\u201d, \u201cperdeu a essencia\u201d, \u201cse trata pq t\u00e1 esquisita\u201d, \u201cvc est\u00e1 dando medo\u201d + uns 4mil coment\u00e1rios.<br><br>Era s\u00f3 uma foto de mais um momento feliz. Pq eu estava feliz.<br>\u00c9 s\u00f3 meu corpo, s\u00f3 meu.<\/p>&mdash; Rafa Kalimann (@rafakalimann_) <a href=\"https:\/\/twitter.com\/rafakalimann_\/status\/1523436044858707968?ref_src=twsrc%5Etfw\" target=\"_blank\" rel=\"noopener\">May 8, 2022<\/a><\/blockquote> <script async src=\"https:\/\/platform.twitter.com\/widgets.js\" charset=\"utf-8\"><\/script><\/center>\n\n\n\n<figure class=\"wp-block-embed is-type-rich is-provider-instagram wp-block-embed-instagram\"><div class=\"wp-block-embed__wrapper\">\nhttps:\/\/www.instagram.com\/p\/CdRM9o2pdC9\/\n<\/div><\/figure>\n\n\n\n<p>Em entrevista recente, Rafa Kalimann revelou que perdeu 10kg com dieta e exerc\u00edcios para apresentar o &#8220;Rede BBB&#8221;. <em>&#8220;Estou focada em treino e na alimenta\u00e7\u00e3o, mas tamb\u00e9m me conhecendo mais, me respeitando cada vez mais. Eu t\u00f4 amando [a nova fase], estou me sentindo saud\u00e1vel, disposta. E acho que isso \u00e9 o que mais importa&#8221;, <\/em>disse ela \u00e0 revista Quem.<\/p>\n","protected":false},"excerpt":{"rendered":"<p>Neste domingo (8), Rafa Kalimann fez um desabafo em sua conta no Twitter onde criticou a postura dos internautas ap\u00f3s postar uma foto no Instagram. Acontece que o registrou gerou uma discuss\u00e3o a respeito do peso corporal da apresentadora. Segundo alguns internautas, a magreza da ex-BBB era exagerada. A enxurrada de coment\u00e1rios negativos foi al\u00e9m [&hellip;]<\/p>\n","protected":false},"author":2,"featured_media":115767,"comment_status":"closed","ping_status":"open","sticky":false,"template":"","format":"standard","meta":{"footnotes":""},"categories":[173],"tags":[7944],"class_list":["post-115762","post","type-post","status-publish","format-standard","has-post-thumbnail","hentry","category-celebridades","tag-rafa-kalimann"],"_links":{"self":[{"href":"https:\/\/portalpopmais.com.br\/en\/wp-json\/wp\/v2\/posts\/115762","targetHints":{"allow":["GET"]}}],"collection":[{"href":"https:\/\/portalpopmais.com.br\/en\/wp-json\/wp\/v2\/posts"}],"about":[{"href":"https:\/\/portalpopmais.com.br\/en\/wp-json\/wp\/v2\/types\/post"}],"author":[{"embeddable":true,"href":"https:\/\/portalpopmais.com.br\/en\/wp-json\/wp\/v2\/users\/2"}],"replies":[{"embeddable":true,"href":"https:\/\/portalpopmais.com.br\/en\/wp-json\/wp\/v2\/comments?post=115762"}],"version-history":[{"count":0,"href":"https:\/\/portalpopmais.com.br\/en\/wp-json\/wp\/v2\/posts\/115762\/revisions"}],"wp:featuredmedia":[{"embeddable":true,"href":"https:\/\/portalpopmais.com.br\/en\/wp-json\/wp\/v2\/media\/115767"}],"wp:attachment":[{"href":"https:\/\/portalpopmais.com.br\/en\/wp-json\/wp\/v2\/media?parent=115762"}],"wp:term":[{"taxonomy":"category","embeddable":true,"href":"https:\/\/portalpopmais.com.br\/en\/wp-json\/wp\/v2\/categories?post=115762"},{"taxonomy":"post_tag","embeddable":true,"href":"https:\/\/portalpopmais.com.br\/en\/wp-json\/wp\/v2\/tags?post=115762"}],"curies":[{"name":"wp","href":"https:\/\/api.w.org\/{rel}","templated":true}]}}