{"id":115844,"date":"2022-05-10T10:10:52","date_gmt":"2022-05-10T13:10:52","guid":{"rendered":"https:\/\/portalpopmais.com.br\/?p=115844"},"modified":"2022-05-10T10:11:01","modified_gmt":"2022-05-10T13:11:01","slug":"taby-fotos-aniversario-16-anos","status":"publish","type":"post","link":"https:\/\/portalpopmais.com.br\/en\/taby-fotos-aniversario-16-anos\/","title":{"rendered":"Taby comemora anivers\u00e1rio de 16 anos com festa especial ao lado de amigos e convidados"},"content":{"rendered":"<p>A cantora <strong><a href=\"https:\/\/portalpopmais.com.br\/en\/taby-da-spoiler-de-nova-era-em-seu-instagram\/\" target=\"_blank\" data-type=\"post\" data-id=\"104589\" rel=\"noreferrer noopener\">Taby<\/a><\/strong>, um dos maiores fen\u00f4menos teen da atualidade, comemorou na \u00faltima quinta-feira (05) o seu anivers\u00e1rio de 16 anos com uma festa que ela descreveu como &#8220;tudo o que eu tinha imaginado, a minha festa dos sonhos&#8221;, com muita dan\u00e7a e alegria. A jovem recebeu amigos, familiares e convidados do meio musical em uma casa de shows da cidade de Santo Andr\u00e9, na <a href=\"http:\/\/instagram.com\/portalpopmais\" target=\"_blank\" rel=\"noreferrer noopener\">Grande S\u00e3o Paulo<\/a>.<\/p>\n\n\n\n<p>Alguns dos convidados presentes no evento foram amigos da cantora e de sua fam\u00edlia como o ator e cantor Jottap\u00ea e a influencer Estefany Boro, os cantores Giu Nassa, Kaio Viana, Paulo Gomiz e Julia Pimentel, os atores Nicholas Torres, Mily e Mary Oliveira e Myrella Victoria, o VICE-CAMPE\u00c3O do MasterChef 2021 Eduardo Prado, os influenciadores digitais Pep\u00ea Barbosa, J P Mota, Lais Gomes, Maria Bonze, Maria e Manuelly, Maria Nicolly, a modelo Mel Bayde, o CEO da ag\u00eancia HSA Digital Mario Henrique, entre outros.<\/p>\n\n\n\n<p><em>&#8220;Fazer 16 anos \u00e9 muito especial e minha festa foi linda! N\u00e3o consegui ter uma festa de 15 anos por causa da pandemia, ent\u00e3o esta valeu pelas duas!&#8221;<\/em>, afirma Taby.<\/p>\n\n\n\n<figure class=\"wp-block-gallery has-nested-images columns-default is-cropped wp-block-gallery-1 is-layout-flex wp-block-gallery-is-layout-flex\">\n<figure class=\"wp-block-image size-medium is-style-default\"><img loading=\"lazy\" decoding=\"async\" width=\"768\" height=\"456\" data-id=\"115846\" src=\"https:\/\/portalpopmais.com.br\/wp-content\/uploads\/2022\/05\/TABY_ESTEFANY-BORO_JOTTAPE_CREDITOS_-Raphael-Ranosi-768x456.jpg\" alt=\"\" class=\"wp-image-115846\" title=\"\"><figcaption>Estefany Boro, Taby e Jottape &#8211; Foto: Rodrigo Rodrigues de Castro<\/figcaption><\/figure>\n\n\n\n<figure class=\"wp-block-image size-medium is-style-default\"><img loading=\"lazy\" decoding=\"async\" width=\"768\" height=\"456\" data-id=\"115847\" src=\"https:\/\/portalpopmais.com.br\/wp-content\/uploads\/2022\/05\/TABY_KAIO-VIANA_CREDITOS_-Rodrigo-Rodrigues-de-Castro-768x456.jpg\" alt=\"taby\" class=\"wp-image-115847\" title=\"\"><figcaption>Taby e Caio Viana &#8211; Foto: Rodrigo Rodrigues de Castro<\/figcaption><\/figure>\n\n\n\n<figure class=\"wp-block-image size-medium is-style-default\"><img loading=\"lazy\" decoding=\"async\" width=\"768\" height=\"456\" data-id=\"115848\" src=\"https:\/\/portalpopmais.com.br\/wp-content\/uploads\/2022\/05\/FESTA-TABY_19_CREDITOS_-Raphael-Ranosi-768x456.jpg\" alt=\"taby\" class=\"wp-image-115848\" title=\"\"><figcaption>Foto: Rodrigo Rodrigues de Castro<\/figcaption><\/figure>\n\n\n\n<figure class=\"wp-block-image size-medium is-style-default\"><img loading=\"lazy\" decoding=\"async\" width=\"768\" height=\"456\" data-id=\"115849\" src=\"https:\/\/portalpopmais.com.br\/wp-content\/uploads\/2022\/05\/FESTA-TABY_90-CREDITOS_-Rodrigo-Rodrigues-de-Castro-768x456.jpg\" alt=\"taby\" class=\"wp-image-115849\" title=\"\"><figcaption>Foto: Rodrigo Rodrigues de Castro<\/figcaption><\/figure>\n<\/figure>\n\n\n\n<p>Al\u00e9m de receber os convidados, Taby tamb\u00e9m aproveitou para subir ao palco e apresentar o seu mais novo single &#8220;Malvadeza&#8221; para os presentes ao lado de Lukkaz, com quem divide os vocais na m\u00fasica. Ap\u00f3s a performance da aniversariante, quem subiu ao palco foi o DJ Roca.<\/p>\n\n\n\n<p>Trazendo a maturidade da nova era da carreira de Taby, &#8220;Malvadeza&#8221; \u00e9 um pop animado e que carrega energia e batida super dan\u00e7antes.<\/p>\n\n\n\n<figure class=\"wp-block-embed is-type-video is-provider-youtube wp-block-embed-youtube wp-embed-aspect-16-9 wp-has-aspect-ratio\"><div class=\"wp-block-embed__wrapper\">\n<iframe loading=\"lazy\" title=\"Taby e LUKKAZ - Malvadeza (Videoclipe Oficial)\" width=\"880\" height=\"495\" src=\"https:\/\/www.youtube.com\/embed\/LLzo47L8tUs?feature=oembed\" frameborder=\"0\" allow=\"accelerometer; autoplay; clipboard-write; encrypted-media; gyroscope; picture-in-picture; web-share\" referrerpolicy=\"strict-origin-when-cross-origin\" allowfullscreen><\/iframe>\n<\/div><\/figure>\n\n\n\n<h2 class=\"wp-block-heading\">Sobre Taby<\/h2>\n\n\n\n<p>Fen\u00f4meno nas redes sociais (al\u00e9m dos 5 milh\u00f5es de seguidores no Instagram, s\u00e3o mais de 5.8 milh\u00f5es no TikTok) e dona de um sucesso estrondoso com o p\u00fablico infantil e adolescente, Taby tem atualmente 957 mil inscritos em seu canal no YouTube e j\u00e1 acumula mais de 119 milh\u00f5es de visualiza\u00e7\u00f5es de seus v\u00eddeos &#8211; dentre eles os hits &#8220;T\u00e1 Afim&#8221;, &#8220;Jogad\u00e3o&#8221;, &#8220;Pow Pow&#8221; e &#8220;Online&#8221; (feat. Julia Pimentel).<\/p>\n\n\n\n<p>Em 2021, a cantora, atriz e dubladora lan\u00e7ou dois singles: &#8220;Pane&#8221; (feat. Mad Dogz) e &#8220;Flautinha Maluca&#8221;. Al\u00e9m disso, estrelou a segunda temporada da webs\u00e9rie \u201cConex\u00e3o Teen\u201d e o filme &#8220;Eu Acredito em Contos de Fadas&#8221;, que estreou na Amazon Prime mundialmente no in\u00edcio de 2022.<\/p>","protected":false},"excerpt":{"rendered":"<p>A cantora Taby, um dos maiores fen\u00f4menos teen da atualidade, comemorou na \u00faltima quinta-feira (05) o seu anivers\u00e1rio de 16 anos com uma festa que ela descreveu como &#8220;tudo o que eu tinha imaginado, a minha festa dos sonhos&#8221;, com muita dan\u00e7a e alegria. A jovem recebeu amigos, familiares e convidados do meio musical em [&hellip;]<\/p>\n","protected":false},"author":1,"featured_media":115850,"comment_status":"closed","ping_status":"open","sticky":false,"template":"","format":"standard","meta":{"footnotes":""},"categories":[173],"tags":[3865],"class_list":["post-115844","post","type-post","status-publish","format-standard","has-post-thumbnail","hentry","category-celebridades","tag-taby"],"_links":{"self":[{"href":"https:\/\/portalpopmais.com.br\/en\/wp-json\/wp\/v2\/posts\/115844","targetHints":{"allow":["GET"]}}],"collection":[{"href":"https:\/\/portalpopmais.com.br\/en\/wp-json\/wp\/v2\/posts"}],"about":[{"href":"https:\/\/portalpopmais.com.br\/en\/wp-json\/wp\/v2\/types\/post"}],"author":[{"embeddable":true,"href":"https:\/\/portalpopmais.com.br\/en\/wp-json\/wp\/v2\/users\/1"}],"replies":[{"embeddable":true,"href":"https:\/\/portalpopmais.com.br\/en\/wp-json\/wp\/v2\/comments?post=115844"}],"version-history":[{"count":0,"href":"https:\/\/portalpopmais.com.br\/en\/wp-json\/wp\/v2\/posts\/115844\/revisions"}],"wp:featuredmedia":[{"embeddable":true,"href":"https:\/\/portalpopmais.com.br\/en\/wp-json\/wp\/v2\/media\/115850"}],"wp:attachment":[{"href":"https:\/\/portalpopmais.com.br\/en\/wp-json\/wp\/v2\/media?parent=115844"}],"wp:term":[{"taxonomy":"category","embeddable":true,"href":"https:\/\/portalpopmais.com.br\/en\/wp-json\/wp\/v2\/categories?post=115844"},{"taxonomy":"post_tag","embeddable":true,"href":"https:\/\/portalpopmais.com.br\/en\/wp-json\/wp\/v2\/tags?post=115844"}],"curies":[{"name":"wp","href":"https:\/\/api.w.org\/{rel}","templated":true}]}}