{"id":115856,"date":"2022-05-10T10:37:27","date_gmt":"2022-05-10T13:37:27","guid":{"rendered":"https:\/\/portalpopmais.com.br\/?p=115856"},"modified":"2022-05-10T10:37:33","modified_gmt":"2022-05-10T13:37:33","slug":"felipeh-campos-se-compara-a-beyonce-e-acusa-cantora-de-apropriacao-cultural-veja-video","status":"publish","type":"post","link":"https:\/\/portalpopmais.com.br\/en\/felipeh-campos-se-compara-a-beyonce-e-acusa-cantora-de-apropriacao-cultural-veja-video\/","title":{"rendered":"Felipeh Campos se compara a Beyonc\u00e9 e acusa cantora de &#8220;apropria\u00e7\u00e3o cultural&#8221;; veja v\u00eddeo"},"content":{"rendered":"<p><strong><a href=\"http:\/\/portalpopmais.com.br\/en\/\">Felipeh Campos<\/a><\/strong>, colunista do programa de Sonia Abr\u00e3o na Rede TV!, deu o que falar nas redes sociais ap\u00f3s se comparar com Beyonc\u00e9. Em entrevista ao \u201c4TALKCAST\u201c, ele foi questionado sobre o coment\u00e1rio racista que fez sobre o cabelo de Paulo Andr\u00e9, ex-participante do <a href=\"http:\/\/instagram.com\/portalpopmais\" target=\"_blank\" rel=\"noopener\">BBB22<\/a>.<\/p>\n\n\n\n<p>Ele afirmou que seu &#8220;cancelamento&#8221; foi culpa da internet e fez uma compara\u00e7\u00e3o esdruxula com a diva pop. <em>\u201cVoc\u00ea me fala uma coisa. Se eu coloco um black power e vou para uma festa, eles me param e me acusam de apropria\u00e7\u00e3o cultural. Agora, por que a Beyonc\u00e9 pode usar uma peruca loira?\u201c,<\/em> disparou.<\/p>\n\n\n\n<p>Os apresentadores do podcast, Ana Paula Renault, Matheus Baldi e Paulinha Krausche, tentaram argumentar afirmando que se tratava de uma situa\u00e7\u00e3o hist\u00f3rica e que pessoas brancas n\u00e3o sofriam preconceito por conta dos cabelos e penteados, mas Felipeh retrucou. <em>\u201cEu n\u00e3o quero saber de hist\u00f3ria. Eu acho que pau que d\u00e1 em Chico, d\u00e1 em Francisco<\/em>\u201d, respondeu.<\/p>\n\n\n\n<p><em>\u201cEu sofro preconceito, n\u00e3o esque\u00e7a que eu sou um homem gay e eu nunca fiz das minhas escolhas ou da minha cor, vitimismo. E eu nunca quis oprimir o outro pelo o que eu passei\u201d,<\/em> continuou Felipeh.<\/p>\n\n\n\n<p>Assista:<\/p>\n\n\n\n<figure class=\"wp-block-embed is-type-rich is-provider-instagram wp-block-embed-instagram\"><div class=\"wp-block-embed__wrapper\">\nhttps:\/\/www.instagram.com\/reel\/CdUMT3qJesN\/?utm_source=ig_embed&#038;ig_rid=1600e277-e724-4626-9849-924bc87c9606\n<\/div><\/figure>\n\n\n\n<h2 class=\"wp-block-heading\">Felipeh Campos dispara coment\u00e1rio racista sobre P.A.<\/h2>\n\n\n\n<p>Na semana passada, Felipeh Campos ao comentar sobre o look de Paulo Andr\u00e9 no &#8220;Baile da Vogue&#8221;, que aconteceu em 29 de abril. No programa &#8220;A Tarde \u00e9 Sua&#8221;, o companheiro de bancada de Sonia Abr\u00e3o afirmou que o cabelo do ex-BBB pareciam cadar\u00e7os.<\/p>\n\n\n\n<p><em>\u201cOlha\u2026 O Paulo Andr\u00e9 n\u00e3o curti muito o cabelo. Tem um monte de cadar\u00e7o l\u00e1 em casa, eu n\u00e3o gostei! Eu n\u00e3o gostei!\u201d, <\/em>comentou.<\/p>\n\n\n\n<p>A fala repercutiu negativamente, com Felipeh Campos sendo acusado de racismo nas redes sociais.<\/p>\n\n\n\n<figure class=\"wp-block-embed is-type-rich is-provider-twitter wp-block-embed-twitter\"><div class=\"wp-block-embed__wrapper\">\n<blockquote class=\"twitter-tweet\" data-width=\"550\" data-dnt=\"true\"><p lang=\"pt\" dir=\"ltr\">Felipeh Campos, comentarista do programa A Tarde \u00e9 Sua de S\u00f4nia Abr\u00e3o, compara as tran\u00e7as do PA com cadar\u00e7os. O que voc\u00eas acham disso?  <a href=\"https:\/\/t.co\/4ssqCJ1YId\">https:\/\/t.co\/4ssqCJ1YId<\/a><\/p>&mdash; Dantas (@Dantinhas) <a href=\"https:\/\/twitter.com\/Dantinhas\/status\/1521231342687641601?ref_src=twsrc%5Etfw\" target=\"_blank\" rel=\"noopener\">May 2, 2022<\/a><\/blockquote><script async src=\"https:\/\/platform.twitter.com\/widgets.js\" charset=\"utf-8\"><\/script>\n<\/div><\/figure>","protected":false},"excerpt":{"rendered":"<p>Felipeh Campos, colunista do programa de Sonia Abr\u00e3o na Rede TV!, deu o que falar nas redes sociais ap\u00f3s se comparar com Beyonc\u00e9. Em entrevista ao \u201c4TALKCAST\u201c, ele foi questionado sobre o coment\u00e1rio racista que fez sobre o cabelo de Paulo Andr\u00e9, ex-participante do BBB22. Ele afirmou que seu &#8220;cancelamento&#8221; foi culpa da internet e [&hellip;]<\/p>\n","protected":false},"author":1,"featured_media":115858,"comment_status":"closed","ping_status":"open","sticky":false,"template":"","format":"standard","meta":{"footnotes":""},"categories":[181],"tags":[11219],"class_list":["post-115856","post","type-post","status-publish","format-standard","has-post-thumbnail","hentry","category-televisao","tag-felipeh-campos"],"_links":{"self":[{"href":"https:\/\/portalpopmais.com.br\/en\/wp-json\/wp\/v2\/posts\/115856","targetHints":{"allow":["GET"]}}],"collection":[{"href":"https:\/\/portalpopmais.com.br\/en\/wp-json\/wp\/v2\/posts"}],"about":[{"href":"https:\/\/portalpopmais.com.br\/en\/wp-json\/wp\/v2\/types\/post"}],"author":[{"embeddable":true,"href":"https:\/\/portalpopmais.com.br\/en\/wp-json\/wp\/v2\/users\/1"}],"replies":[{"embeddable":true,"href":"https:\/\/portalpopmais.com.br\/en\/wp-json\/wp\/v2\/comments?post=115856"}],"version-history":[{"count":0,"href":"https:\/\/portalpopmais.com.br\/en\/wp-json\/wp\/v2\/posts\/115856\/revisions"}],"wp:featuredmedia":[{"embeddable":true,"href":"https:\/\/portalpopmais.com.br\/en\/wp-json\/wp\/v2\/media\/115858"}],"wp:attachment":[{"href":"https:\/\/portalpopmais.com.br\/en\/wp-json\/wp\/v2\/media?parent=115856"}],"wp:term":[{"taxonomy":"category","embeddable":true,"href":"https:\/\/portalpopmais.com.br\/en\/wp-json\/wp\/v2\/categories?post=115856"},{"taxonomy":"post_tag","embeddable":true,"href":"https:\/\/portalpopmais.com.br\/en\/wp-json\/wp\/v2\/tags?post=115856"}],"curies":[{"name":"wp","href":"https:\/\/api.w.org\/{rel}","templated":true}]}}