{"id":115951,"date":"2022-05-10T19:27:43","date_gmt":"2022-05-10T22:27:43","guid":{"rendered":"https:\/\/portalpopmais.com.br\/?p=115951"},"modified":"2022-05-10T19:27:51","modified_gmt":"2022-05-10T22:27:51","slug":"arthur-aguiar-palestra-1-mil","status":"publish","type":"post","link":"https:\/\/portalpopmais.com.br\/en\/arthur-aguiar-palestra-1-mil\/","title":{"rendered":"Humilde e acess\u00edvel, Arthur Aguiar vai fazer palestra de R$ 1 MIL em Nova York"},"content":{"rendered":"<p>Campe\u00e3o do BBB 22, <strong><a href=\"https:\/\/portalpopmais.com.br\/en\/arthur-aguiar-abandona-redes-sociais\/\" target=\"_blank\" data-type=\"post\" data-id=\"115923\" rel=\"noreferrer noopener\">Arthur Aguiar <\/a><\/strong>afirmou com a sua agenda lotada de compromissos profissionais. O empres\u00e1rio do ator e cantor disse ao &#8220;Fant\u00e1stico&#8221; (TV Globo) que o artista tem shows agendados at\u00e9 o dia 29 de <a href=\"http:\/\/instagram.com\/portalpopmais\" target=\"_blank\" rel=\"noopener\">dezembro<\/a>.<\/p>\n\n\n\n<p><em>\u201cJ\u00e1 temos show vendido at\u00e9 dia 29 de dezembro, que vai ser em um navio, e tem umas coisas inusitadas e diferentes. Ele vai se apresentar dia 16 de julho, em Nova York; vai dar uma palestra. E o nome da palestra dele, especificamente, vai ser \u2018De Cancelado a Queridinho do Brasil&#8217;\u201d,<\/em> disse o empres\u00e1rio Pedro Mota.<\/p>\n\n\n\n<h2 class=\"wp-block-heading\">Veja tamb\u00e9m<\/h2>\n\n\n<ul class=\"wp-block-latest-posts__list is-grid columns-3 wp-block-latest-posts\"><li><div class=\"wp-block-latest-posts__featured-image aligncenter\"><a href=\"https:\/\/portalpopmais.com.br\/en\/zoo-ex-de-christian-figueiredo-viraliza-apos-vazamento-de-video-intimo\/\" aria-label=\"Zoo, ex de Christian Figueiredo, viraliza ap\u00f3s vazamento de v\u00eddeo \u00edntimo\"><img loading=\"lazy\" decoding=\"async\" width=\"768\" height=\"456\" src=\"https:\/\/portalpopmais.com.br\/wp-content\/uploads\/2026\/05\/zoo-christian-figueiredo-reproducao-instagram-768x456.jpg\" class=\"attachment-medium size-medium wp-post-image\" alt=\"zoo christian figueiredo reproducao instagram\" style=\"\" srcset=\"https:\/\/portalpopmais.com.br\/wp-content\/uploads\/2026\/05\/zoo-christian-figueiredo-reproducao-instagram-768x456.jpg 768w, https:\/\/portalpopmais.com.br\/wp-content\/uploads\/2026\/05\/zoo-christian-figueiredo-reproducao-instagram-1170x694.jpg 1170w, https:\/\/portalpopmais.com.br\/wp-content\/uploads\/2026\/05\/zoo-christian-figueiredo-reproducao-instagram-18x12.jpg 18w\" sizes=\"auto, (max-width: 768px) 100vw, 768px\" title=\"\"><\/a><\/div><a class=\"wp-block-latest-posts__post-title\" href=\"https:\/\/portalpopmais.com.br\/en\/zoo-ex-de-christian-figueiredo-viraliza-apos-vazamento-de-video-intimo\/\">Zoo, ex de Christian Figueiredo, viraliza ap\u00f3s vazamento de v\u00eddeo \u00edntimo<\/a><\/li>\n<li><div class=\"wp-block-latest-posts__featured-image aligncenter\"><a href=\"https:\/\/portalpopmais.com.br\/en\/pedro-novaes-ja-apareceu-nu-na-internet\/\" aria-label=\"Pedro Novaes j\u00e1 apareceu nu na internet\"><img loading=\"lazy\" decoding=\"async\" width=\"586\" height=\"456\" src=\"https:\/\/portalpopmais.com.br\/wp-content\/uploads\/2025\/02\/2020-08-18-pedro-novaes-586x456.jpg\" class=\"attachment-medium size-medium wp-post-image\" alt=\"\" style=\"\" title=\"\"><\/a><\/div><a class=\"wp-block-latest-posts__post-title\" href=\"https:\/\/portalpopmais.com.br\/en\/pedro-novaes-ja-apareceu-nu-na-internet\/\">Pedro Novaes j\u00e1 apareceu nu na internet<\/a><\/li>\n<li><div class=\"wp-block-latest-posts__featured-image aligncenter\"><a href=\"https:\/\/portalpopmais.com.br\/en\/luana-piovani-rebate-criticas-apos-polemica-com-virginia-fonseca-voces-criaram-esse-monstro-video\/\" aria-label=\"Ap\u00f3s embate com Virginia, Luana Piovani dispara: &#8220;Voc\u00eas criaram esse monstro&#8221;\"><img loading=\"lazy\" decoding=\"async\" width=\"768\" height=\"435\" src=\"https:\/\/portalpopmais.com.br\/wp-content\/uploads\/2025\/07\/luana-piovani-virginia-fonseca-look-neymar-768x435.webp\" class=\"attachment-medium size-medium wp-post-image\" alt=\"\" style=\"\" title=\"\"><\/a><\/div><a class=\"wp-block-latest-posts__post-title\" href=\"https:\/\/portalpopmais.com.br\/en\/luana-piovani-rebate-criticas-apos-polemica-com-virginia-fonseca-voces-criaram-esse-monstro-video\/\">Ap\u00f3s embate com Virginia, Luana Piovani dispara: &#8220;Voc\u00eas criaram esse monstro&#8221;<\/a><\/li>\n<li><div class=\"wp-block-latest-posts__featured-image aligncenter\"><a href=\"https:\/\/portalpopmais.com.br\/en\/britney-spears-e-vista-pela-primeira-vez-apos-internacao-em-clinica-de-reabilitacao\/\" aria-label=\"Britney Spears \u00e9 vista pela primeira vez ap\u00f3s interna\u00e7\u00e3o em cl\u00ednica de reabilita\u00e7\u00e3o\"><img loading=\"lazy\" decoding=\"async\" width=\"768\" height=\"456\" src=\"https:\/\/portalpopmais.com.br\/wp-content\/uploads\/2026\/03\/comprimidos-britney-spears-768x456.jpg\" class=\"attachment-medium size-medium wp-post-image\" alt=\"comprimidos britney spears\" style=\"\" srcset=\"https:\/\/portalpopmais.com.br\/wp-content\/uploads\/2026\/03\/comprimidos-britney-spears-768x456.jpg 768w, https:\/\/portalpopmais.com.br\/wp-content\/uploads\/2026\/03\/comprimidos-britney-spears-1170x694.jpg 1170w, https:\/\/portalpopmais.com.br\/wp-content\/uploads\/2026\/03\/comprimidos-britney-spears-18x12.jpg 18w\" sizes=\"auto, (max-width: 768px) 100vw, 768px\" title=\"\"><\/a><\/div><a class=\"wp-block-latest-posts__post-title\" href=\"https:\/\/portalpopmais.com.br\/en\/britney-spears-e-vista-pela-primeira-vez-apos-internacao-em-clinica-de-reabilitacao\/\">Britney Spears \u00e9 vista pela primeira vez ap\u00f3s interna\u00e7\u00e3o em cl\u00ednica de reabilita\u00e7\u00e3o<\/a><\/li>\n<li><div class=\"wp-block-latest-posts__featured-image aligncenter\"><a href=\"https:\/\/portalpopmais.com.br\/en\/poliana-rocha-fala-sobre-desavenca-entre-filhas-de-leonardo\/\" aria-label=\"Poliana Rocha fala sobre desaven\u00e7a entre filhas de Leonardo\"><img loading=\"lazy\" decoding=\"async\" width=\"768\" height=\"456\" src=\"https:\/\/portalpopmais.com.br\/wp-content\/uploads\/2025\/08\/poliana-rocha-2025-04-10-at-120000-768x456.jpeg\" class=\"attachment-medium size-medium wp-post-image\" alt=\"\" style=\"\" srcset=\"https:\/\/portalpopmais.com.br\/wp-content\/uploads\/2025\/08\/poliana-rocha-2025-04-10-at-120000-768x456.jpeg 768w, https:\/\/portalpopmais.com.br\/wp-content\/uploads\/2025\/08\/poliana-rocha-2025-04-10-at-120000-1170x694.jpeg 1170w, https:\/\/portalpopmais.com.br\/wp-content\/uploads\/2025\/08\/poliana-rocha-2025-04-10-at-120000-18x10.jpeg 18w\" sizes=\"auto, (max-width: 768px) 100vw, 768px\" title=\"\"><\/a><\/div><a class=\"wp-block-latest-posts__post-title\" href=\"https:\/\/portalpopmais.com.br\/en\/poliana-rocha-fala-sobre-desavenca-entre-filhas-de-leonardo\/\">Poliana Rocha fala sobre desaven\u00e7a entre filhas de Leonardo<\/a><\/li>\n<li><div class=\"wp-block-latest-posts__featured-image aligncenter\"><a href=\"https:\/\/portalpopmais.com.br\/en\/apresentadora-anuncia-diagnostico-de-cancer-ao-vivo-e-se-emociona-assista\/\" aria-label=\"Apresentadora anuncia diagn\u00f3stico de c\u00e2ncer ao vivo e se emociona; assista\"><img loading=\"lazy\" decoding=\"async\" width=\"768\" height=\"456\" src=\"https:\/\/portalpopmais.com.br\/wp-content\/uploads\/2026\/05\/apresentadora-anunica-cancer-ao-vivo-768x456.png\" class=\"attachment-medium size-medium wp-post-image\" alt=\"apresentadora anunica cancer ao vivo\" style=\"\" srcset=\"https:\/\/portalpopmais.com.br\/wp-content\/uploads\/2026\/05\/apresentadora-anunica-cancer-ao-vivo-768x456.png 768w, https:\/\/portalpopmais.com.br\/wp-content\/uploads\/2026\/05\/apresentadora-anunica-cancer-ao-vivo-18x12.png 18w\" sizes=\"auto, (max-width: 768px) 100vw, 768px\" title=\"\"><\/a><\/div><a class=\"wp-block-latest-posts__post-title\" href=\"https:\/\/portalpopmais.com.br\/en\/apresentadora-anuncia-diagnostico-de-cancer-ao-vivo-e-se-emociona-assista\/\">Apresentadora anuncia diagn\u00f3stico de c\u00e2ncer ao vivo e se emociona; assista<\/a><\/li>\n<\/ul>\n\n\n<p>No evento, Arthur Aguiar explicar\u00e1 como &#8220;deu a volta por cima&#8221; depois de ser cancelado pelo p\u00fablico ao cometer trai\u00e7\u00f5es com a mulher Ma\u00edra Cardi, em epis\u00f3dios que ganharam a m\u00eddia. <\/p>\n\n\n\n<p>Os ingressos mais baratos para a palestra custam US$ 99 (cerca de R$ 500). Os bilhetes para a plateia vip saem a US$ US$ 199 (ou R$ 1 mil). Segundo a descri\u00e7\u00e3o no site do evento, um time de especialistas ensinar\u00e1, na ocasi\u00e3o, maneiras de &#8220;criar, desenvolver e manter uma rede de relacionamentos de alta performance&#8221;.<\/p>\n\n\n\n<p>Com saudade da filha, Sofia, de tr\u00eas anos, Arthur afirma que, apesar da agenda lotada, vai separar alguns dias para curtir s\u00f3 com a fam\u00edlia.<\/p>\n\n\n\n<p><em>\u201cEu tenho saudade de brincar com ela. Dar banho, botar para dormir: essas coisas que acho que criam mais v\u00ednculo. Para ela foi bem puxado. Ela batia na televis\u00e3o e falava assim: \u2018Fala comigo papai, eu estou falando com voc\u00ea\u2019. Toda hora ela me abra\u00e7a, me beija e fala eu te amo muito\u201d,<\/em> conta Arthur sobre Sofia.<\/p>","protected":false},"excerpt":{"rendered":"<p>Campe\u00e3o do BBB 22, Arthur Aguiar afirmou com a sua agenda lotada de compromissos profissionais. O empres\u00e1rio do ator e cantor disse ao &#8220;Fant\u00e1stico&#8221; (TV Globo) que o artista tem shows agendados at\u00e9 o dia 29 de dezembro. \u201cJ\u00e1 temos show vendido at\u00e9 dia 29 de dezembro, que vai ser em um navio, e tem [&hellip;]<\/p>\n","protected":false},"author":2,"featured_media":114972,"comment_status":"closed","ping_status":"open","sticky":false,"template":"","format":"standard","meta":{"footnotes":""},"categories":[173],"tags":[1185],"class_list":["post-115951","post","type-post","status-publish","format-standard","has-post-thumbnail","hentry","category-celebridades","tag-arthur-aguiar"],"_links":{"self":[{"href":"https:\/\/portalpopmais.com.br\/en\/wp-json\/wp\/v2\/posts\/115951","targetHints":{"allow":["GET"]}}],"collection":[{"href":"https:\/\/portalpopmais.com.br\/en\/wp-json\/wp\/v2\/posts"}],"about":[{"href":"https:\/\/portalpopmais.com.br\/en\/wp-json\/wp\/v2\/types\/post"}],"author":[{"embeddable":true,"href":"https:\/\/portalpopmais.com.br\/en\/wp-json\/wp\/v2\/users\/2"}],"replies":[{"embeddable":true,"href":"https:\/\/portalpopmais.com.br\/en\/wp-json\/wp\/v2\/comments?post=115951"}],"version-history":[{"count":0,"href":"https:\/\/portalpopmais.com.br\/en\/wp-json\/wp\/v2\/posts\/115951\/revisions"}],"wp:featuredmedia":[{"embeddable":true,"href":"https:\/\/portalpopmais.com.br\/en\/wp-json\/wp\/v2\/media\/114972"}],"wp:attachment":[{"href":"https:\/\/portalpopmais.com.br\/en\/wp-json\/wp\/v2\/media?parent=115951"}],"wp:term":[{"taxonomy":"category","embeddable":true,"href":"https:\/\/portalpopmais.com.br\/en\/wp-json\/wp\/v2\/categories?post=115951"},{"taxonomy":"post_tag","embeddable":true,"href":"https:\/\/portalpopmais.com.br\/en\/wp-json\/wp\/v2\/tags?post=115951"}],"curies":[{"name":"wp","href":"https:\/\/api.w.org\/{rel}","templated":true}]}}