{"id":116366,"date":"2022-05-13T11:33:18","date_gmt":"2022-05-13T14:33:18","guid":{"rendered":"https:\/\/portalpopmais.com.br\/?p=116366"},"modified":"2022-05-13T11:33:23","modified_gmt":"2022-05-13T14:33:23","slug":"veruska-donato-critica-globo-demissao-michelle-barros","status":"publish","type":"post","link":"https:\/\/portalpopmais.com.br\/en\/veruska-donato-critica-globo-demissao-michelle-barros\/","title":{"rendered":"Ex-global, Veruska Donato critica emissora ap\u00f3s demiss\u00e3o de Michelle Barros: &#8220;A Globo nos empurra pra fora&#8221;"},"content":{"rendered":"<p class=\"wp-block-paragraph\">A jornalista <strong><a href=\"http:\/\/instagram.com\/portalpopmais\" target=\"_blank\" rel=\"noopener\">Veruska Donato<\/a><\/strong> se pronunciou a favor da decis\u00e3o de sua amiga, <strong><a href=\"https:\/\/portalpopmais.com.br\/en\/michelle-barros-deixa-a-globo-apos-12-anos\/\" data-type=\"post\" data-id=\"116189\">Michelle Barros<\/a><\/strong>, que decidiu pedir demiss\u00e3o da TV Globo na \u00faltima quinta-feira (12). <\/p>\n\n\n\n<p class=\"wp-block-paragraph\">Ao comunicar sua sa\u00edda da emissora em suas redes sociais, ela recebeu uma declara\u00e7\u00e3o de apoio da colega, que n\u00e3o economizou na acidez pro lado do canal da Fam\u00edlia Marinho. <\/p>\n\n\n\n<h2 class=\"wp-block-heading\">Veja tamb\u00e9m<\/h2>\n\n\n<ul class=\"wp-block-latest-posts__list is-grid aligncenter wp-block-latest-posts is-layout-flow wp-block-latest-posts-is-layout-flow\"><li><div class=\"wp-block-latest-posts__featured-image aligncenter\"><a href=\"https:\/\/portalpopmais.com.br\/en\/tulio-amancio-deixa-a-globo-e-estreia-no-sbt-news-na-proxima-semana\/\" aria-label=\"T\u00falio Am\u00e2ncio deixa a Globo e estreia no SBT News na pr\u00f3xima semana\"><img loading=\"lazy\" decoding=\"async\" width=\"768\" height=\"456\" src=\"https:\/\/portalpopmais.com.br\/wp-content\/uploads\/2026\/03\/reporter-bigodudo-gostoso-768x456.webp\" class=\"attachment-medium size-medium wp-post-image\" alt=\"\" style=\"\" srcset=\"https:\/\/portalpopmais.com.br\/wp-content\/uploads\/2026\/03\/reporter-bigodudo-gostoso-768x456.webp 768w, https:\/\/portalpopmais.com.br\/wp-content\/uploads\/2026\/03\/reporter-bigodudo-gostoso-1170x694.webp 1170w, https:\/\/portalpopmais.com.br\/wp-content\/uploads\/2026\/03\/reporter-bigodudo-gostoso-18x10.webp 18w\" sizes=\"auto, (max-width: 768px) 100vw, 768px\" title=\"\"><\/a><\/div><a class=\"wp-block-latest-posts__post-title\" href=\"https:\/\/portalpopmais.com.br\/en\/tulio-amancio-deixa-a-globo-e-estreia-no-sbt-news-na-proxima-semana\/\">T\u00falio Am\u00e2ncio deixa a Globo e estreia no SBT News na pr\u00f3xima semana<\/a><\/li>\n<li><div class=\"wp-block-latest-posts__featured-image aligncenter\"><a href=\"https:\/\/portalpopmais.com.br\/en\/carlos-monforte-um-dos-pioneiros-do-telejornalismo-brasileiro-morre-aos-77-anos\/\" aria-label=\"Carlos Monforte, um dos pioneiros do telejornalismo brasileiro, morre aos 77 anos\"><img loading=\"lazy\" decoding=\"async\" width=\"768\" height=\"456\" src=\"https:\/\/portalpopmais.com.br\/wp-content\/uploads\/2026\/08\/carlos_monforte-vbcdto24yvqr-768x456.png\" class=\"attachment-medium size-medium wp-post-image\" alt=\"carlos monforte vbcdto24yvqr\" style=\"\" srcset=\"https:\/\/portalpopmais.com.br\/wp-content\/uploads\/2026\/08\/carlos_monforte-vbcdto24yvqr-768x456.png 768w, https:\/\/portalpopmais.com.br\/wp-content\/uploads\/2026\/08\/carlos_monforte-vbcdto24yvqr-1170x694.png 1170w, https:\/\/portalpopmais.com.br\/wp-content\/uploads\/2026\/08\/carlos_monforte-vbcdto24yvqr-18x10.png 18w\" sizes=\"auto, (max-width: 768px) 100vw, 768px\" title=\"\"><\/a><\/div><a class=\"wp-block-latest-posts__post-title\" href=\"https:\/\/portalpopmais.com.br\/en\/carlos-monforte-um-dos-pioneiros-do-telejornalismo-brasileiro-morre-aos-77-anos\/\">Carlos Monforte, um dos pioneiros do telejornalismo brasileiro, morre aos 77 anos<\/a><\/li>\n<li><div class=\"wp-block-latest-posts__featured-image aligncenter\"><a href=\"https:\/\/portalpopmais.com.br\/en\/globo-define-renata-lo-prete-para-comandar-novas-sabatinas-com-presidenciaveis\/\" aria-label=\"Globo define Renata Lo Prete para comandar novas sabatinas com presidenci\u00e1veis\"><img loading=\"lazy\" decoding=\"async\" width=\"768\" height=\"456\" src=\"https:\/\/portalpopmais.com.br\/wp-content\/uploads\/2026\/08\/novidades-no-jornalismo-da-globo-o-que-vem-por-ai-em-2026-efab868e5afb-urmwaz7hmypd-768x456.jpg\" class=\"attachment-medium size-medium wp-post-image\" alt=\"novidades no jornalismo da globo o que vem por ai em 2026 efab868e5afb urmwaz7hmypd\" style=\"\" srcset=\"https:\/\/portalpopmais.com.br\/wp-content\/uploads\/2026\/08\/novidades-no-jornalismo-da-globo-o-que-vem-por-ai-em-2026-efab868e5afb-urmwaz7hmypd-768x456.jpg 768w, https:\/\/portalpopmais.com.br\/wp-content\/uploads\/2026\/08\/novidades-no-jornalismo-da-globo-o-que-vem-por-ai-em-2026-efab868e5afb-urmwaz7hmypd-18x12.jpg 18w\" sizes=\"auto, (max-width: 768px) 100vw, 768px\" title=\"\"><\/a><\/div><a class=\"wp-block-latest-posts__post-title\" href=\"https:\/\/portalpopmais.com.br\/en\/globo-define-renata-lo-prete-para-comandar-novas-sabatinas-com-presidenciaveis\/\">Globo define Renata Lo Prete para comandar novas sabatinas com presidenci\u00e1veis<\/a><\/li>\n<li><div class=\"wp-block-latest-posts__featured-image aligncenter\"><a href=\"https:\/\/portalpopmais.com.br\/en\/ex-apresentadora-do-globo-esporte-morre-aos-46-anos\/\" aria-label=\"Ex-apresentadora do Globo Esporte morre aos 46 anos\"><img loading=\"lazy\" decoding=\"async\" width=\"768\" height=\"456\" src=\"https:\/\/portalpopmais.com.br\/wp-content\/uploads\/2026\/08\/naom_6a8fec237750c-768x456.webp\" class=\"attachment-medium size-medium wp-post-image\" alt=\"naom 6a8fec237750c\" style=\"\" srcset=\"https:\/\/portalpopmais.com.br\/wp-content\/uploads\/2026\/08\/naom_6a8fec237750c-768x456.webp 768w, https:\/\/portalpopmais.com.br\/wp-content\/uploads\/2026\/08\/naom_6a8fec237750c-18x10.webp 18w\" sizes=\"auto, (max-width: 768px) 100vw, 768px\" title=\"\"><\/a><\/div><a class=\"wp-block-latest-posts__post-title\" href=\"https:\/\/portalpopmais.com.br\/en\/ex-apresentadora-do-globo-esporte-morre-aos-46-anos\/\">Ex-apresentadora do Globo Esporte morre aos 46 anos<\/a><\/li>\n<li><div class=\"wp-block-latest-posts__featured-image aligncenter\"><a href=\"https:\/\/portalpopmais.com.br\/en\/apresentador-da-redetv-morre-aos-42-anos\/\" aria-label=\"Apresentador da RedeTV morre aos 42 anos\"><img loading=\"lazy\" decoding=\"async\" width=\"768\" height=\"456\" src=\"https:\/\/portalpopmais.com.br\/wp-content\/uploads\/2026\/08\/apresentador-rede-tv-morre-42-anos-768x456.png\" class=\"attachment-medium size-medium wp-post-image\" alt=\"apresentador rede tv morre 42 anos\" style=\"\" srcset=\"https:\/\/portalpopmais.com.br\/wp-content\/uploads\/2026\/08\/apresentador-rede-tv-morre-42-anos-768x456.png 768w, https:\/\/portalpopmais.com.br\/wp-content\/uploads\/2026\/08\/apresentador-rede-tv-morre-42-anos-1170x694.png 1170w, https:\/\/portalpopmais.com.br\/wp-content\/uploads\/2026\/08\/apresentador-rede-tv-morre-42-anos-18x12.png 18w\" sizes=\"auto, (max-width: 768px) 100vw, 768px\" title=\"\"><\/a><\/div><a class=\"wp-block-latest-posts__post-title\" href=\"https:\/\/portalpopmais.com.br\/en\/apresentador-da-redetv-morre-aos-42-anos\/\">Apresentador da RedeTV morre aos 42 anos<\/a><\/li>\n<li><div class=\"wp-block-latest-posts__featured-image aligncenter\"><a href=\"https:\/\/portalpopmais.com.br\/en\/morre-bill-rasmussen-fundador-da-espn-aos-93-anos\/\" aria-label=\"Morre Bill Rasmussen, fundador da ESPN, aos 93 anos\"><img loading=\"lazy\" decoding=\"async\" width=\"768\" height=\"456\" src=\"https:\/\/portalpopmais.com.br\/wp-content\/uploads\/2026\/08\/Bill-Rasmussen-768x456.webp\" class=\"attachment-medium size-medium wp-post-image\" alt=\"Bill Rasmussen\" style=\"\" srcset=\"https:\/\/portalpopmais.com.br\/wp-content\/uploads\/2026\/08\/Bill-Rasmussen-768x456.webp 768w, https:\/\/portalpopmais.com.br\/wp-content\/uploads\/2026\/08\/Bill-Rasmussen-18x10.webp 18w\" sizes=\"auto, (max-width: 768px) 100vw, 768px\" title=\"\"><\/a><\/div><a class=\"wp-block-latest-posts__post-title\" href=\"https:\/\/portalpopmais.com.br\/en\/morre-bill-rasmussen-fundador-da-espn-aos-93-anos\/\">Morre Bill Rasmussen, fundador da ESPN, aos 93 anos<\/a><\/li>\n<\/ul>\n\n\n<p class=\"wp-block-paragraph\"><em>&#8220;Amiga, a Globo \u00e9 uma escola, mas ela nos empurra para fora. Isso n\u00e3o \u00e9 para voc\u00ea! Voc\u00ea merece mais, muito mais. A Globo perde&#8221;,<\/em> escreveu ela,  que tamb\u00e9m deixou a equipe de jornalismo da Globo em novembro de 2021.<\/p>\n\n\n\n<h2 class=\"wp-block-heading\">Demiss\u00e3o de Michelle Barros<\/h2>\n\n\n\n<p class=\"wp-block-paragraph\">A jornalista&nbsp;<strong><a href=\"https:\/\/portalpopmais.com.br\/en\/michelle-barros-deixa-a-globo-apos-12-anos\/\" target=\"_blank\" rel=\"noreferrer noopener\">Michelle Barros<\/a><\/strong>&nbsp;deixa a&nbsp;<a href=\"https:\/\/instagram.com\/portalpopmais\" target=\"_blank\" rel=\"noreferrer noopener\">Globo<\/a>&nbsp;depois de mais de uma d\u00e9cada no canal. A informa\u00e7\u00e3o foi compartilhada por ela mesma nas redes sociais.<\/p>\n\n\n\n<p class=\"wp-block-paragraph\">Michelle atuava na Globo como substituta de Rodrigo Bocardi e plantonista aos finais de semana. Al\u00e9m disso, participou do \u201cJornal Nacional\u201d com as atualiza\u00e7\u00f5es da covid-19 pelo Brasil.<\/p>\n\n\n\n<p class=\"wp-block-paragraph\"><em>Por quase 12 anos percorri os quatro cantos de S\u00e3o Paulo, conheci seus extremos, sua mis\u00e9ria e seu luxo. Relatei, na Globo, os percal\u00e7os e as belezas da cidade que abra\u00e7ou essa alagoana. A rua me deu casca, talento para improvisar, habilidade em passar de um tema para outro rapidamente, deu-me sensibilidade, empatia, ajudou-me a amadurecer\u201d,<\/em>&nbsp;come\u00e7ou ela.<\/p>\n\n\n\n<p class=\"wp-block-paragraph\">A jornalista segue, dando a entender que precisa de novos desafios em sua carreira.&nbsp;<em>\u201cAos 42 anos, 22 deles no jornalismo, decidi que vou me abrir para isso: novos formatos, novas hist\u00f3rias, novas perspectivas. Estou mergulhando no desconhecido, escancarando as portas, com borboletas na barriga e uma vontade imensa de aprender. Estou me colocando \u00e0 disposi\u00e7\u00e3o do novo! Aberta ao que vier!\u201d<\/em>, seguiu.<\/p>\n\n\n\n<p class=\"wp-block-paragraph\">Veja:<\/p>\n\n\n\n<figure class=\"wp-block-embed is-type-rich is-provider-instagram wp-block-embed-instagram\"><div class=\"wp-block-embed__wrapper\">\nhttps:\/\/www.instagram.com\/p\/Cdd-T-WJ8EU\/?utm_source=ig_embed&#038;ig_rid=e9aa15d0-9acb-4d7b-8cfa-25758ceb85d1\n<\/div><\/figure>\n\n\n\n<h2 class=\"wp-block-heading\">Onda de demiss\u00f5es na Globo<\/h2>\n\n\n\n<p class=\"wp-block-paragraph\">No \u00faltimo m\u00eas, alguns profissionais do jornalismo da Globo deixaram a emissora. Al\u00e9m de Michelle Barros, Chico Pinheiro e Carlos Tramontina encerraram seus contratos com o canal carioca, ap\u00f3s d\u00e9cadas de servi\u00e7os prestados. <\/p>\n\n\n\n<p class=\"wp-block-paragraph\">A sa\u00edda de grandes nomes da Globo vem gerando uma nova dan\u00e7a das cadeiras. E dessa vez pegando todo mundo de surpresa para todos os lados, incluindo a GloboNews. Saiba mais <a href=\"https:\/\/portalpopmais.com.br\/en\/crise-em-menos-de-72-horas-globo-tem-duas-demissoes-seguidas-e-provoca-movimentacoes-nos-bastidores\/\" target=\"_blank\" rel=\"noreferrer noopener\">aqui<\/a>. <\/p>","protected":false},"excerpt":{"rendered":"<p>A jornalista Veruska Donato se pronunciou a favor da decis\u00e3o de sua amiga, Michelle Barros, que decidiu pedir demiss\u00e3o da TV Globo na \u00faltima quinta-feira (12). Ao comunicar sua sa\u00edda da emissora em suas redes sociais, ela recebeu uma declara\u00e7\u00e3o de apoio da colega, que n\u00e3o economizou na acidez pro lado do canal da Fam\u00edlia [&hellip;]<\/p>\n","protected":false},"author":2,"featured_media":116368,"comment_status":"closed","ping_status":"open","sticky":false,"template":"","format":"standard","meta":{"footnotes":""},"categories":[181],"tags":[9963,11238],"class_list":["post-116366","post","type-post","status-publish","format-standard","has-post-thumbnail","hentry","category-televisao","tag-michelle-barros","tag-veruska-donato"],"_links":{"self":[{"href":"https:\/\/portalpopmais.com.br\/en\/wp-json\/wp\/v2\/posts\/116366","targetHints":{"allow":["GET"]}}],"collection":[{"href":"https:\/\/portalpopmais.com.br\/en\/wp-json\/wp\/v2\/posts"}],"about":[{"href":"https:\/\/portalpopmais.com.br\/en\/wp-json\/wp\/v2\/types\/post"}],"author":[{"embeddable":true,"href":"https:\/\/portalpopmais.com.br\/en\/wp-json\/wp\/v2\/users\/2"}],"replies":[{"embeddable":true,"href":"https:\/\/portalpopmais.com.br\/en\/wp-json\/wp\/v2\/comments?post=116366"}],"version-history":[{"count":0,"href":"https:\/\/portalpopmais.com.br\/en\/wp-json\/wp\/v2\/posts\/116366\/revisions"}],"wp:featuredmedia":[{"embeddable":true,"href":"https:\/\/portalpopmais.com.br\/en\/wp-json\/wp\/v2\/media\/116368"}],"wp:attachment":[{"href":"https:\/\/portalpopmais.com.br\/en\/wp-json\/wp\/v2\/media?parent=116366"}],"wp:term":[{"taxonomy":"category","embeddable":true,"href":"https:\/\/portalpopmais.com.br\/en\/wp-json\/wp\/v2\/categories?post=116366"},{"taxonomy":"post_tag","embeddable":true,"href":"https:\/\/portalpopmais.com.br\/en\/wp-json\/wp\/v2\/tags?post=116366"}],"curies":[{"name":"wp","href":"https:\/\/api.w.org\/{rel}","templated":true}]}}