{"id":116388,"date":"2022-05-13T13:36:09","date_gmt":"2022-05-13T16:36:09","guid":{"rendered":"https:\/\/portalpopmais.com.br\/?p=116388"},"modified":"2022-05-13T13:36:16","modified_gmt":"2022-05-13T16:36:16","slug":"ao-vivo-roberto-kovalick-se-irrita-com-falha-tecnica-e-cutuca-producao-da-globo-endoidou-veja-video","status":"publish","type":"post","link":"https:\/\/portalpopmais.com.br\/en\/ao-vivo-roberto-kovalick-se-irrita-com-falha-tecnica-e-cutuca-producao-da-globo-endoidou-veja-video\/","title":{"rendered":"Ao vivo, Roberto Kovalick se irrita com falha t\u00e9cnica e cutuca produ\u00e7\u00e3o da Globo: &#8220;Endoidou&#8221;; veja v\u00eddeo"},"content":{"rendered":"\n<p class=\"wp-block-paragraph\">O jornalista <strong><a href=\"https:\/\/portalpopmais.com.br\/jornal-hoje-volta-com-rodizio-de-apresentadores\/\" data-type=\"post\" data-id=\"109678\">Roberto Kovalick<\/a><\/strong> deu o que falar nas redes sociais ap\u00f3s protagonizar um momento no m\u00ednimo inusitado, na manh\u00e3 da <a href=\"http:\/\/instagram.com\/portalpopmais\" target=\"_blank\" rel=\"noreferrer noopener\">\u00faltima<\/a> quinta-feira (12). <\/p>\n\n\n\n<p class=\"wp-block-paragraph\">O comandante do &#8220;Hora 1&#8221; acabou sendo v\u00edtima de uma falha t\u00e9cnica ao tentar utilizar o tel\u00e3o no est\u00fadio. Acontece que o equipamento travou, impedindo a din\u00e2mica do jornal. O apresentador ia ler os coment\u00e1rios dos telespectadores, mas foi impedido pelo erro. <\/p>\n\n\n\n<h2 class=\"wp-block-heading\">Veja tamb\u00e9m<\/h2>\n\n\n<ul class=\"wp-block-latest-posts__list is-grid aligncenter wp-block-latest-posts is-layout-flow wp-block-latest-posts-is-layout-flow\"><li><div class=\"wp-block-latest-posts__featured-image aligncenter\"><a href=\"https:\/\/portalpopmais.com.br\/en\/sbt-descarta-programa-patricia-abravanel\/\" aria-label=\"SBT descarta de vez programa fracassado de Patr\u00edcia Abravanel; veja\"><img loading=\"lazy\" decoding=\"async\" width=\"768\" height=\"456\" src=\"https:\/\/portalpopmais.com.br\/wp-content\/uploads\/2021\/06\/patricia-abravanel-vem-pra-ca-reproducao-sbt-768x456.jpg\" class=\"attachment-medium size-medium wp-post-image\" alt=\"Patr\u00edcia Abravanel vem pra c\u00e1\" style=\"\" srcset=\"https:\/\/portalpopmais.com.br\/wp-content\/uploads\/2021\/06\/patricia-abravanel-vem-pra-ca-reproducao-sbt-768x456.jpg 768w, https:\/\/portalpopmais.com.br\/wp-content\/uploads\/2021\/06\/patricia-abravanel-vem-pra-ca-reproducao-sbt-1170x694.jpg 1170w\" sizes=\"auto, (max-width: 768px) 100vw, 768px\" title=\"\"><\/a><\/div><a class=\"wp-block-latest-posts__post-title\" href=\"https:\/\/portalpopmais.com.br\/en\/sbt-descarta-programa-patricia-abravanel\/\">SBT descarta de vez programa fracassado de Patr\u00edcia Abravanel; veja<\/a><\/li>\n<li><div class=\"wp-block-latest-posts__featured-image aligncenter\"><a href=\"https:\/\/portalpopmais.com.br\/en\/morre-luiz-antonio-silva\/\" aria-label=\"Morre Luiz Ant\u00f4nio Silva, m\u00e9dico e apresentador do quadro &#8220;Pergunte ao Doutor&#8221;, aos 63 anos\"><img loading=\"lazy\" decoding=\"async\" width=\"768\" height=\"456\" src=\"https:\/\/portalpopmais.com.br\/wp-content\/uploads\/2026\/09\/Morre-Luiz-Antonio-Silva-768x456.png\" class=\"attachment-medium size-medium wp-post-image\" alt=\"Morre Luiz Ant\u00f4nio Silva\" style=\"\" srcset=\"https:\/\/portalpopmais.com.br\/wp-content\/uploads\/2026\/09\/Morre-Luiz-Antonio-Silva-768x456.png 768w, https:\/\/portalpopmais.com.br\/wp-content\/uploads\/2026\/09\/Morre-Luiz-Antonio-Silva-1170x694.png 1170w, https:\/\/portalpopmais.com.br\/wp-content\/uploads\/2026\/09\/Morre-Luiz-Antonio-Silva-18x12.png 18w\" sizes=\"auto, (max-width: 768px) 100vw, 768px\" title=\"\"><\/a><\/div><a class=\"wp-block-latest-posts__post-title\" href=\"https:\/\/portalpopmais.com.br\/en\/morre-luiz-antonio-silva\/\">Morre Luiz Ant\u00f4nio Silva, m\u00e9dico e apresentador do quadro &#8220;Pergunte ao Doutor&#8221;, aos 63 anos<\/a><\/li>\n<li><div class=\"wp-block-latest-posts__featured-image aligncenter\"><a href=\"https:\/\/portalpopmais.com.br\/en\/apresentadora-de-telejornal-super-jovem-se-despede-da-tv-aos-79-anos\/\" aria-label=\"Apresentadora de telejornal &#8216;super jovem&#8217; se despede da TV aos 79 anos\"><img loading=\"lazy\" decoding=\"async\" width=\"768\" height=\"456\" src=\"https:\/\/portalpopmais.com.br\/wp-content\/uploads\/2026\/09\/tongtv-ubryfjngpy06-768x456.jpg\" class=\"attachment-medium size-medium wp-post-image\" alt=\"tongtv ubryfjngpy06\" style=\"\" srcset=\"https:\/\/portalpopmais.com.br\/wp-content\/uploads\/2026\/09\/tongtv-ubryfjngpy06-768x456.jpg 768w, https:\/\/portalpopmais.com.br\/wp-content\/uploads\/2026\/09\/tongtv-ubryfjngpy06-18x10.jpg 18w\" sizes=\"auto, (max-width: 768px) 100vw, 768px\" title=\"\"><\/a><\/div><a class=\"wp-block-latest-posts__post-title\" href=\"https:\/\/portalpopmais.com.br\/en\/apresentadora-de-telejornal-super-jovem-se-despede-da-tv-aos-79-anos\/\">Apresentadora de telejornal &#8216;super jovem&#8217; se despede da TV aos 79 anos<\/a><\/li>\n<li><div class=\"wp-block-latest-posts__featured-image aligncenter\"><a href=\"https:\/\/portalpopmais.com.br\/en\/leo-dias-anuncia-saida-do-melhor-da-tarde-saiba-o-motivo\/\" aria-label=\"Leo Dias anuncia sa\u00edda do \u201cMelhor da Tarde\u201d; saiba o motivo\"><img loading=\"lazy\" decoding=\"async\" width=\"768\" height=\"456\" src=\"https:\/\/portalpopmais.com.br\/wp-content\/uploads\/2025\/11\/leo-dias-no-melhor-da-tarde-768x456.jpg\" class=\"attachment-medium size-medium wp-post-image\" alt=\"\" style=\"\" srcset=\"https:\/\/portalpopmais.com.br\/wp-content\/uploads\/2025\/11\/leo-dias-no-melhor-da-tarde-768x456.jpg 768w, https:\/\/portalpopmais.com.br\/wp-content\/uploads\/2025\/11\/leo-dias-no-melhor-da-tarde-1170x694.jpg 1170w, https:\/\/portalpopmais.com.br\/wp-content\/uploads\/2025\/11\/leo-dias-no-melhor-da-tarde-18x10.jpg 18w\" sizes=\"auto, (max-width: 768px) 100vw, 768px\" title=\"\"><\/a><\/div><a class=\"wp-block-latest-posts__post-title\" href=\"https:\/\/portalpopmais.com.br\/en\/leo-dias-anuncia-saida-do-melhor-da-tarde-saiba-o-motivo\/\">Leo Dias anuncia sa\u00edda do \u201cMelhor da Tarde\u201d; saiba o motivo<\/a><\/li>\n<li><div class=\"wp-block-latest-posts__featured-image aligncenter\"><a href=\"https:\/\/portalpopmais.com.br\/en\/tulio-amancio-deixa-a-globo-e-estreia-no-sbt-news-na-proxima-semana\/\" aria-label=\"T\u00falio Am\u00e2ncio deixa a Globo e estreia no SBT News na pr\u00f3xima semana\"><img loading=\"lazy\" decoding=\"async\" width=\"768\" height=\"456\" src=\"https:\/\/portalpopmais.com.br\/wp-content\/uploads\/2026\/03\/reporter-bigodudo-gostoso-768x456.webp\" class=\"attachment-medium size-medium wp-post-image\" alt=\"\" style=\"\" srcset=\"https:\/\/portalpopmais.com.br\/wp-content\/uploads\/2026\/03\/reporter-bigodudo-gostoso-768x456.webp 768w, https:\/\/portalpopmais.com.br\/wp-content\/uploads\/2026\/03\/reporter-bigodudo-gostoso-1170x694.webp 1170w, https:\/\/portalpopmais.com.br\/wp-content\/uploads\/2026\/03\/reporter-bigodudo-gostoso-18x10.webp 18w\" sizes=\"auto, (max-width: 768px) 100vw, 768px\" title=\"\"><\/a><\/div><a class=\"wp-block-latest-posts__post-title\" href=\"https:\/\/portalpopmais.com.br\/en\/tulio-amancio-deixa-a-globo-e-estreia-no-sbt-news-na-proxima-semana\/\">T\u00falio Am\u00e2ncio deixa a Globo e estreia no SBT News na pr\u00f3xima semana<\/a><\/li>\n<li><div class=\"wp-block-latest-posts__featured-image aligncenter\"><a href=\"https:\/\/portalpopmais.com.br\/en\/carlos-monforte-um-dos-pioneiros-do-telejornalismo-brasileiro-morre-aos-77-anos\/\" aria-label=\"Carlos Monforte, um dos pioneiros do telejornalismo brasileiro, morre aos 77 anos\"><img loading=\"lazy\" decoding=\"async\" width=\"768\" height=\"456\" src=\"https:\/\/portalpopmais.com.br\/wp-content\/uploads\/2026\/08\/carlos_monforte-vbcdto24yvqr-768x456.png\" class=\"attachment-medium size-medium wp-post-image\" alt=\"carlos monforte vbcdto24yvqr\" style=\"\" srcset=\"https:\/\/portalpopmais.com.br\/wp-content\/uploads\/2026\/08\/carlos_monforte-vbcdto24yvqr-768x456.png 768w, https:\/\/portalpopmais.com.br\/wp-content\/uploads\/2026\/08\/carlos_monforte-vbcdto24yvqr-1170x694.png 1170w, https:\/\/portalpopmais.com.br\/wp-content\/uploads\/2026\/08\/carlos_monforte-vbcdto24yvqr-18x10.png 18w\" sizes=\"auto, (max-width: 768px) 100vw, 768px\" title=\"\"><\/a><\/div><a class=\"wp-block-latest-posts__post-title\" href=\"https:\/\/portalpopmais.com.br\/en\/carlos-monforte-um-dos-pioneiros-do-telejornalismo-brasileiro-morre-aos-77-anos\/\">Carlos Monforte, um dos pioneiros do telejornalismo brasileiro, morre aos 77 anos<\/a><\/li>\n<\/ul>\n\n\n<p class=\"wp-block-paragraph\">Vamos dar uma olhada aqui nas mensagens que est\u00e3o chegando pelas redes sociais\u2026 Dos nossos amigos\u2026 e amigas do Brasil e do mundo&#8221;, come\u00e7ou ele, espa\u00e7ando as palavras para disfar\u00e7ar o problema da lentid\u00e3o no aparelho.<\/p>\n\n\n\n<p class=\"wp-block-paragraph\">Ao perceber a falha, o colega de est\u00fadio do \u00e2ncora brincou, tentando disfar\u00e7ar o erro t\u00e9cnico. <em>\u201cEstou sentindo que o povo t\u00e1 inspirado hoje, hein\u201d<\/em>, disse ele. <\/p>\n\n\n\n<p class=\"wp-block-paragraph\">A situa\u00e7\u00e3o, no entanto, n\u00e3o foi solucionada e Kovalick se mostrou estressado<em>. \u201cO pessoal t\u00e1 inspirado, o tel\u00e3o \u00e9 que n\u00e3o est\u00e1, n\u00e9? T\u00f4 apertando aqui e nada! Ser\u00e1 tem um bot\u00e3o secreto a\u00ed, rapaz? Endoidou o tel\u00e3o\u2026 Vamos tentar de novo aqui. [\u2026] \u00c9, n\u00e3o foi!&#8221;<\/em>, disparou.<\/p>\n\n\n\n<p class=\"wp-block-paragraph\">Por fim, Roberto chamou o intervalo, mas n\u00e3o sem antes cutucar a produ\u00e7\u00e3o da Globo.<em> \u201cBom, vamos ver o tel\u00e3o depois, a gente vai reiniciar o tel\u00e3o ali atr\u00e1s. Tira da tomada e bota de novo, que funciona. [\u2026] 90% das vezes funciona&#8221;<\/em>, disparou.<\/p>\n\n\n\n<figure class=\"wp-block-embed is-type-rich is-provider-twitter wp-block-embed-twitter\"><div class=\"wp-block-embed__wrapper\">\n<blockquote class=\"twitter-tweet\" data-width=\"550\" data-dnt=\"true\"><p lang=\"zxx\" dir=\"ltr\"><a href=\"https:\/\/t.co\/dR58qR6mpy\">pic.twitter.com\/dR58qR6mpy<\/a><\/p>&mdash; Video EM OFF (@VideoEMOFF) <a href=\"https:\/\/twitter.com\/VideoEMOFF\/status\/1524842270423404571?ref_src=twsrc%5Etfw\" target=\"_blank\" rel=\"noopener\">May 12, 2022<\/a><\/blockquote><script async src=\"https:\/\/platform.twitter.com\/widgets.js\" charset=\"utf-8\"><\/script>\n<\/div><\/figure>\n","protected":false},"excerpt":{"rendered":"<p>O jornalista Roberto Kovalick deu o que falar nas redes sociais ap\u00f3s protagonizar um momento no m\u00ednimo inusitado, na manh\u00e3 da \u00faltima quinta-feira (12). O comandante do &#8220;Hora 1&#8221; acabou sendo v\u00edtima de uma falha t\u00e9cnica ao tentar utilizar o tel\u00e3o no est\u00fadio. Acontece que o equipamento travou, impedindo a din\u00e2mica do jornal. O apresentador [&hellip;]<\/p>\n","protected":false},"author":2,"featured_media":116392,"comment_status":"closed","ping_status":"open","sticky":false,"template":"","format":"standard","meta":{"footnotes":""},"categories":[181],"tags":[11239,1665],"class_list":["post-116388","post","type-post","status-publish","format-standard","has-post-thumbnail","hentry","category-televisao","tag-roberto-kovalick","tag-tv-globo"],"_links":{"self":[{"href":"https:\/\/portalpopmais.com.br\/en\/wp-json\/wp\/v2\/posts\/116388","targetHints":{"allow":["GET"]}}],"collection":[{"href":"https:\/\/portalpopmais.com.br\/en\/wp-json\/wp\/v2\/posts"}],"about":[{"href":"https:\/\/portalpopmais.com.br\/en\/wp-json\/wp\/v2\/types\/post"}],"author":[{"embeddable":true,"href":"https:\/\/portalpopmais.com.br\/en\/wp-json\/wp\/v2\/users\/2"}],"replies":[{"embeddable":true,"href":"https:\/\/portalpopmais.com.br\/en\/wp-json\/wp\/v2\/comments?post=116388"}],"version-history":[{"count":0,"href":"https:\/\/portalpopmais.com.br\/en\/wp-json\/wp\/v2\/posts\/116388\/revisions"}],"wp:featuredmedia":[{"embeddable":true,"href":"https:\/\/portalpopmais.com.br\/en\/wp-json\/wp\/v2\/media\/116392"}],"wp:attachment":[{"href":"https:\/\/portalpopmais.com.br\/en\/wp-json\/wp\/v2\/media?parent=116388"}],"wp:term":[{"taxonomy":"category","embeddable":true,"href":"https:\/\/portalpopmais.com.br\/en\/wp-json\/wp\/v2\/categories?post=116388"},{"taxonomy":"post_tag","embeddable":true,"href":"https:\/\/portalpopmais.com.br\/en\/wp-json\/wp\/v2\/tags?post=116388"}],"curies":[{"name":"wp","href":"https:\/\/api.w.org\/{rel}","templated":true}]}}