{"id":116441,"date":"2022-05-13T20:02:46","date_gmt":"2022-05-13T23:02:46","guid":{"rendered":"https:\/\/portalpopmais.com.br\/?p=116441"},"modified":"2022-05-13T20:02:53","modified_gmt":"2022-05-13T23:02:53","slug":"silvio-santos-causa-panico-no-sbt-ao-decidir-nao-ir-trabalhar","status":"publish","type":"post","link":"https:\/\/portalpopmais.com.br\/en\/silvio-santos-causa-panico-no-sbt-ao-decidir-nao-ir-trabalhar\/","title":{"rendered":"Silvio Santos causa p\u00e2nico no SBT ao decidir n\u00e3o ir trabalhar"},"content":{"rendered":"<p>O apresentador Silvio Santos provocou fortes movimenta\u00e7\u00f5es nesta sexta-feira (13) ap\u00f3s faltar \u00e0s grava\u00e7\u00f5es de seu programa.<\/p>\n\n\n\n<p>A previs\u00e3o era de que a segunda parte do dominical fosse gravada nesta sexta (13), por\u00e9m n\u00e3o ocorreu. Mais cedo, a dire\u00e7\u00e3o foi informada por Silvio de que n\u00e3o iria trabalhar por conta do frio.<\/p>\n\n\n\n<p><strong>Se por um lado \u00e9 correria, por outro \u00e9 decep\u00e7\u00e3o<\/strong><\/p>\n\n\n\n<p>As caravanas que comp\u00f5em o audit\u00f3rio foram orientadas pelo SBT a retornarem ao seus destinos de origem. Antes disso, receberam lanche e um convite para voltar ao programa.<\/p>\n\n\n\n<p>Al\u00e9m disso, o SBT enfrenta um grave problema. Como o dono do canal 4 de S\u00e3o Paulo n\u00e3o se fez presente nas grava\u00e7\u00f5es para completar o programa in\u00e9dito, a emissora n\u00e3o possui materiais que ainda n\u00e3o foram pro ar.<\/p>\n\n\n\n<p>Dessa forma, a alternativa que resta \u00e9 completar a atra\u00e7\u00e3o com quadros j\u00e1 exibidos quando Patr\u00edcia estava \u00e0 frente do programa. Mas o empres\u00e1rio deixou um alerta! Se acordar disposto, poder\u00e1 gravar neste s\u00e1bado.<\/p>\n\n\n\n<p>Ainda sim, caso isso n\u00e3o ocorra, o SBT dar\u00e1 um parecer at\u00e9 o fim do dia para saber do que vai ser do \u201cPrograma Silvio Santos\u201d neste domingo (15).<\/p>","protected":false},"excerpt":{"rendered":"<p>O apresentador Silvio Santos provocou fortes movimenta\u00e7\u00f5es nesta sexta-feira (13) ap\u00f3s faltar \u00e0s grava\u00e7\u00f5es de seu programa. A previs\u00e3o era de que a segunda parte do dominical fosse gravada nesta sexta (13), por\u00e9m n\u00e3o ocorreu. Mais cedo, a dire\u00e7\u00e3o foi informada por Silvio de que n\u00e3o iria trabalhar por conta do frio. Se por um [&hellip;]<\/p>\n","protected":false},"author":2,"featured_media":116443,"comment_status":"closed","ping_status":"open","sticky":false,"template":"","format":"standard","meta":{"footnotes":""},"categories":[181],"tags":[403,657],"class_list":["post-116441","post","type-post","status-publish","format-standard","has-post-thumbnail","hentry","category-televisao","tag-sbt","tag-silvio-santos"],"_links":{"self":[{"href":"https:\/\/portalpopmais.com.br\/en\/wp-json\/wp\/v2\/posts\/116441","targetHints":{"allow":["GET"]}}],"collection":[{"href":"https:\/\/portalpopmais.com.br\/en\/wp-json\/wp\/v2\/posts"}],"about":[{"href":"https:\/\/portalpopmais.com.br\/en\/wp-json\/wp\/v2\/types\/post"}],"author":[{"embeddable":true,"href":"https:\/\/portalpopmais.com.br\/en\/wp-json\/wp\/v2\/users\/2"}],"replies":[{"embeddable":true,"href":"https:\/\/portalpopmais.com.br\/en\/wp-json\/wp\/v2\/comments?post=116441"}],"version-history":[{"count":0,"href":"https:\/\/portalpopmais.com.br\/en\/wp-json\/wp\/v2\/posts\/116441\/revisions"}],"wp:featuredmedia":[{"embeddable":true,"href":"https:\/\/portalpopmais.com.br\/en\/wp-json\/wp\/v2\/media\/116443"}],"wp:attachment":[{"href":"https:\/\/portalpopmais.com.br\/en\/wp-json\/wp\/v2\/media?parent=116441"}],"wp:term":[{"taxonomy":"category","embeddable":true,"href":"https:\/\/portalpopmais.com.br\/en\/wp-json\/wp\/v2\/categories?post=116441"},{"taxonomy":"post_tag","embeddable":true,"href":"https:\/\/portalpopmais.com.br\/en\/wp-json\/wp\/v2\/tags?post=116441"}],"curies":[{"name":"wp","href":"https:\/\/api.w.org\/{rel}","templated":true}]}}