{"id":116470,"date":"2022-05-14T10:15:37","date_gmt":"2022-05-14T13:15:37","guid":{"rendered":"https:\/\/portalpopmais.com.br\/?p=116470"},"modified":"2022-05-14T10:35:42","modified_gmt":"2022-05-14T13:35:42","slug":"arthur-aguiar-antecipa-retorno-redes-sociais","status":"publish","type":"post","link":"https:\/\/portalpopmais.com.br\/en\/arthur-aguiar-antecipa-retorno-redes-sociais\/","title":{"rendered":"Ap\u00f3s uma semana, Arthur Aguiar antecipa retorno as redes sociais e dispara: &#8220;N\u00e3o sou mais o mesmo de antes&#8221;"},"content":{"rendered":"<p>Uma semana ap\u00f3s anunciar que deixaria a internet, <strong><a href=\"https:\/\/portalpopmais.com.br\/en\/arthur-aguiar-jade-picon-atuar-juntos-travessia\/\" target=\"_blank\" data-type=\"post\" data-id=\"116198\" rel=\"noreferrer noopener\">Arthur Aguiar<\/a><\/strong> retornou \u00e0s redes sociais nesta sexta-feira (13). O ator apareceu brevemente nos Stories do Instagram, deixando seus f\u00e3s em <a href=\"http:\/\/instagram.com\/portalpopmais\" target=\"_blank\" rel=\"noopener\">alerta<\/a>. <\/p>\n\n\n\n<p>O marido de Ma\u00edra Cardi publicou alguns v\u00eddeos diretamente de seu resort em Pernambuco. <em>&#8220;J\u00e1 j\u00e1 eu explico o porqu\u00ea decidir voltar antes do tempo! J\u00e1 j\u00e1 eu divido com voc\u00eas&#8221;, <\/em>declarou ele, que pouco tempo depois revelou que o mist\u00e9rio era uma entrevista para um r\u00e1dio de Recife.<\/p>\n\n\n\n<h2 class=\"wp-block-heading\">Veja tamb\u00e9m<\/h2>\n\n\n<ul class=\"wp-block-latest-posts__list is-grid columns-3 wp-block-latest-posts\"><li><div class=\"wp-block-latest-posts__featured-image aligncenter\"><a href=\"https:\/\/portalpopmais.com.br\/en\/pedro-novaes-ja-apareceu-nu-na-internet\/\" aria-label=\"Pedro Novaes j\u00e1 apareceu nu na internet\"><img loading=\"lazy\" decoding=\"async\" width=\"586\" height=\"456\" src=\"https:\/\/portalpopmais.com.br\/wp-content\/uploads\/2025\/02\/2020-08-18-pedro-novaes-586x456.jpg\" class=\"attachment-medium size-medium wp-post-image\" alt=\"\" style=\"\" title=\"\"><\/a><\/div><a class=\"wp-block-latest-posts__post-title\" href=\"https:\/\/portalpopmais.com.br\/en\/pedro-novaes-ja-apareceu-nu-na-internet\/\">Pedro Novaes j\u00e1 apareceu nu na internet<\/a><\/li>\n<li><div class=\"wp-block-latest-posts__featured-image aligncenter\"><a href=\"https:\/\/portalpopmais.com.br\/en\/luana-piovani-rebate-criticas-apos-polemica-com-virginia-fonseca-voces-criaram-esse-monstro-video\/\" aria-label=\"Ap\u00f3s embate com Virginia, Luana Piovani dispara: &#8220;Voc\u00eas criaram esse monstro&#8221;\"><img loading=\"lazy\" decoding=\"async\" width=\"768\" height=\"435\" src=\"https:\/\/portalpopmais.com.br\/wp-content\/uploads\/2025\/07\/luana-piovani-virginia-fonseca-look-neymar-768x435.webp\" class=\"attachment-medium size-medium wp-post-image\" alt=\"\" style=\"\" title=\"\"><\/a><\/div><a class=\"wp-block-latest-posts__post-title\" href=\"https:\/\/portalpopmais.com.br\/en\/luana-piovani-rebate-criticas-apos-polemica-com-virginia-fonseca-voces-criaram-esse-monstro-video\/\">Ap\u00f3s embate com Virginia, Luana Piovani dispara: &#8220;Voc\u00eas criaram esse monstro&#8221;<\/a><\/li>\n<li><div class=\"wp-block-latest-posts__featured-image aligncenter\"><a href=\"https:\/\/portalpopmais.com.br\/en\/britney-spears-e-vista-pela-primeira-vez-apos-internacao-em-clinica-de-reabilitacao\/\" aria-label=\"Britney Spears \u00e9 vista pela primeira vez ap\u00f3s interna\u00e7\u00e3o em cl\u00ednica de reabilita\u00e7\u00e3o\"><img loading=\"lazy\" decoding=\"async\" width=\"768\" height=\"456\" src=\"https:\/\/portalpopmais.com.br\/wp-content\/uploads\/2026\/03\/comprimidos-britney-spears-768x456.jpg\" class=\"attachment-medium size-medium wp-post-image\" alt=\"comprimidos britney spears\" style=\"\" srcset=\"https:\/\/portalpopmais.com.br\/wp-content\/uploads\/2026\/03\/comprimidos-britney-spears-768x456.jpg 768w, https:\/\/portalpopmais.com.br\/wp-content\/uploads\/2026\/03\/comprimidos-britney-spears-1170x694.jpg 1170w, https:\/\/portalpopmais.com.br\/wp-content\/uploads\/2026\/03\/comprimidos-britney-spears-18x12.jpg 18w\" sizes=\"auto, (max-width: 768px) 100vw, 768px\" title=\"\"><\/a><\/div><a class=\"wp-block-latest-posts__post-title\" href=\"https:\/\/portalpopmais.com.br\/en\/britney-spears-e-vista-pela-primeira-vez-apos-internacao-em-clinica-de-reabilitacao\/\">Britney Spears \u00e9 vista pela primeira vez ap\u00f3s interna\u00e7\u00e3o em cl\u00ednica de reabilita\u00e7\u00e3o<\/a><\/li>\n<li><div class=\"wp-block-latest-posts__featured-image aligncenter\"><a href=\"https:\/\/portalpopmais.com.br\/en\/poliana-rocha-fala-sobre-desavenca-entre-filhas-de-leonardo\/\" aria-label=\"Poliana Rocha fala sobre desaven\u00e7a entre filhas de Leonardo\"><img loading=\"lazy\" decoding=\"async\" width=\"768\" height=\"456\" src=\"https:\/\/portalpopmais.com.br\/wp-content\/uploads\/2025\/08\/poliana-rocha-2025-04-10-at-120000-768x456.jpeg\" class=\"attachment-medium size-medium wp-post-image\" alt=\"\" style=\"\" srcset=\"https:\/\/portalpopmais.com.br\/wp-content\/uploads\/2025\/08\/poliana-rocha-2025-04-10-at-120000-768x456.jpeg 768w, https:\/\/portalpopmais.com.br\/wp-content\/uploads\/2025\/08\/poliana-rocha-2025-04-10-at-120000-1170x694.jpeg 1170w, https:\/\/portalpopmais.com.br\/wp-content\/uploads\/2025\/08\/poliana-rocha-2025-04-10-at-120000-18x10.jpeg 18w\" sizes=\"auto, (max-width: 768px) 100vw, 768px\" title=\"\"><\/a><\/div><a class=\"wp-block-latest-posts__post-title\" href=\"https:\/\/portalpopmais.com.br\/en\/poliana-rocha-fala-sobre-desavenca-entre-filhas-de-leonardo\/\">Poliana Rocha fala sobre desaven\u00e7a entre filhas de Leonardo<\/a><\/li>\n<li><div class=\"wp-block-latest-posts__featured-image aligncenter\"><a href=\"https:\/\/portalpopmais.com.br\/en\/apresentadora-anuncia-diagnostico-de-cancer-ao-vivo-e-se-emociona-assista\/\" aria-label=\"Apresentadora anuncia diagn\u00f3stico de c\u00e2ncer ao vivo e se emociona; assista\"><img loading=\"lazy\" decoding=\"async\" width=\"768\" height=\"456\" src=\"https:\/\/portalpopmais.com.br\/wp-content\/uploads\/2026\/05\/apresentadora-anunica-cancer-ao-vivo-768x456.png\" class=\"attachment-medium size-medium wp-post-image\" alt=\"apresentadora anunica cancer ao vivo\" style=\"\" srcset=\"https:\/\/portalpopmais.com.br\/wp-content\/uploads\/2026\/05\/apresentadora-anunica-cancer-ao-vivo-768x456.png 768w, https:\/\/portalpopmais.com.br\/wp-content\/uploads\/2026\/05\/apresentadora-anunica-cancer-ao-vivo-18x12.png 18w\" sizes=\"auto, (max-width: 768px) 100vw, 768px\" title=\"\"><\/a><\/div><a class=\"wp-block-latest-posts__post-title\" href=\"https:\/\/portalpopmais.com.br\/en\/apresentadora-anuncia-diagnostico-de-cancer-ao-vivo-e-se-emociona-assista\/\">Apresentadora anuncia diagn\u00f3stico de c\u00e2ncer ao vivo e se emociona; assista<\/a><\/li>\n<li><div class=\"wp-block-latest-posts__featured-image aligncenter\"><a href=\"https:\/\/portalpopmais.com.br\/en\/ana-castela-adota-gato\/\" aria-label=\"Ana Castela ganha gatinho e diverte f\u00e3s com relatos nas redes sociais\"><img loading=\"lazy\" decoding=\"async\" width=\"768\" height=\"456\" src=\"https:\/\/portalpopmais.com.br\/wp-content\/uploads\/2026\/05\/ana-castela-adota-gato-768x456.png\" class=\"attachment-medium size-medium wp-post-image\" alt=\"ana castela adota gato\" style=\"\" srcset=\"https:\/\/portalpopmais.com.br\/wp-content\/uploads\/2026\/05\/ana-castela-adota-gato-768x456.png 768w, https:\/\/portalpopmais.com.br\/wp-content\/uploads\/2026\/05\/ana-castela-adota-gato-1170x694.png 1170w, https:\/\/portalpopmais.com.br\/wp-content\/uploads\/2026\/05\/ana-castela-adota-gato-18x12.png 18w\" sizes=\"auto, (max-width: 768px) 100vw, 768px\" title=\"\"><\/a><\/div><a class=\"wp-block-latest-posts__post-title\" href=\"https:\/\/portalpopmais.com.br\/en\/ana-castela-adota-gato\/\">Ana Castela ganha gatinho e diverte f\u00e3s com relatos nas redes sociais<\/a><\/li>\n<\/ul>\n\n\n<p>O ex-BBB tamb\u00e9m compartilhou alguns momentos dos dias de descanso e afirmou que o casal passou por uma verdadeira mudan\u00e7a durante os dias offline. <\/p>\n\n\n\n<p><em>&#8220;Eu, Arthur, j\u00e1 n\u00e3o sou mais o mesmo de antes de entrar no programa e tenho me surpreendido com o quanto estou cada dia mais disposto a ser e fazer diferente, sem m\u00e1scaras, sem pudores, sem travas e te convido para se jogar comigo aqui do lado de fora\u2026 No jogo da vida, n\u00f3s vamos errar, vamos acertar, e no final se Deus quiser e ele quer, a gente vence junto!&#8221;, <\/em>disse ele. <\/p>","protected":false},"excerpt":{"rendered":"<p>Uma semana ap\u00f3s anunciar que deixaria a internet, Arthur Aguiar retornou \u00e0s redes sociais nesta sexta-feira (13). O ator apareceu brevemente nos Stories do Instagram, deixando seus f\u00e3s em alerta. O marido de Ma\u00edra Cardi publicou alguns v\u00eddeos diretamente de seu resort em Pernambuco. &#8220;J\u00e1 j\u00e1 eu explico o porqu\u00ea decidir voltar antes do tempo! [&hellip;]<\/p>\n","protected":false},"author":2,"featured_media":115149,"comment_status":"closed","ping_status":"open","sticky":false,"template":"","format":"standard","meta":{"footnotes":""},"categories":[173],"tags":[1185],"class_list":["post-116470","post","type-post","status-publish","format-standard","has-post-thumbnail","hentry","category-celebridades","tag-arthur-aguiar"],"_links":{"self":[{"href":"https:\/\/portalpopmais.com.br\/en\/wp-json\/wp\/v2\/posts\/116470","targetHints":{"allow":["GET"]}}],"collection":[{"href":"https:\/\/portalpopmais.com.br\/en\/wp-json\/wp\/v2\/posts"}],"about":[{"href":"https:\/\/portalpopmais.com.br\/en\/wp-json\/wp\/v2\/types\/post"}],"author":[{"embeddable":true,"href":"https:\/\/portalpopmais.com.br\/en\/wp-json\/wp\/v2\/users\/2"}],"replies":[{"embeddable":true,"href":"https:\/\/portalpopmais.com.br\/en\/wp-json\/wp\/v2\/comments?post=116470"}],"version-history":[{"count":0,"href":"https:\/\/portalpopmais.com.br\/en\/wp-json\/wp\/v2\/posts\/116470\/revisions"}],"wp:featuredmedia":[{"embeddable":true,"href":"https:\/\/portalpopmais.com.br\/en\/wp-json\/wp\/v2\/media\/115149"}],"wp:attachment":[{"href":"https:\/\/portalpopmais.com.br\/en\/wp-json\/wp\/v2\/media?parent=116470"}],"wp:term":[{"taxonomy":"category","embeddable":true,"href":"https:\/\/portalpopmais.com.br\/en\/wp-json\/wp\/v2\/categories?post=116470"},{"taxonomy":"post_tag","embeddable":true,"href":"https:\/\/portalpopmais.com.br\/en\/wp-json\/wp\/v2\/tags?post=116470"}],"curies":[{"name":"wp","href":"https:\/\/api.w.org\/{rel}","templated":true}]}}