{"id":116607,"date":"2022-05-15T13:01:03","date_gmt":"2022-05-15T16:01:03","guid":{"rendered":"https:\/\/portalpopmais.com.br\/?p=116607"},"modified":"2022-05-15T13:01:11","modified_gmt":"2022-05-15T16:01:11","slug":"maira-cardi-paulo-andre-ego-bobo","status":"publish","type":"post","link":"https:\/\/portalpopmais.com.br\/en\/maira-cardi-paulo-andre-ego-bobo\/","title":{"rendered":"Ma\u00edra Cardi diz que &#8220;ego bobo&#8221; de Paulo Andr\u00e9 o fez recusar presente para o filho: &#8220;Nunca me agradeceu\u201d"},"content":{"rendered":"<p class=\"wp-block-paragraph\">A influenciadora <strong><a href=\"https:\/\/portalpopmais.com.br\/en\/paulo-andre-recusa-presentes-maira-cardi\/\" data-type=\"post\" data-id=\"116080\">Ma\u00edra Cardi<\/a><\/strong> se manifestou pela primeira vez sobre o caso de <strong><a href=\"http:\/\/instagram.com\/portalpopmais\" target=\"_blank\" rel=\"noopener\">Paulo Andr\u00e9<\/a><\/strong>, vice-campe\u00e3o do reality, ter recusado o presente oferecido para o seu filho, Paulo Andr\u00e9 J\u00fanior. A esposa de Arthur Aguiar classificou a decis\u00e3o do atleta como \u201cego bobo\u201d.<\/p>\n\n\n\n<p class=\"wp-block-paragraph\"><em>\u201cVi uma mat\u00e9ria falando que o PA ficou super grato por eu ter dado os presentes para ele, mas ele n\u00e3o ia aceitar porque n\u00e3o precisava e agora j\u00e1 tinha o dinheiro dele, que ele tinha agradecido muito e era muito grato. Se ele ficou muito grato, ficou internamente, porque nunca falou isso para mim, nunca me agradeceu\u201d<\/em>, come\u00e7ou ela, via Stories do Instagram. <\/p>\n\n\n\n<h2 class=\"wp-block-heading\">Veja tamb\u00e9m<\/h2>\n\n\n<ul class=\"wp-block-latest-posts__list is-grid aligncenter wp-block-latest-posts is-layout-flow wp-block-latest-posts-is-layout-flow\"><li><div class=\"wp-block-latest-posts__featured-image aligncenter\"><a href=\"https:\/\/portalpopmais.com.br\/en\/ivete-sangalo-e-flagrada-aos-beijos-com-namorado-veja-video\/\" aria-label=\"Ivete Sangalo \u00e9 flagrada aos beijos com namorado; veja v\u00eddeo\"><img loading=\"lazy\" decoding=\"async\" width=\"768\" height=\"456\" src=\"https:\/\/portalpopmais.com.br\/wp-content\/uploads\/2026\/09\/ivete3-768x456.jpg\" class=\"attachment-medium size-medium wp-post-image\" alt=\"\" style=\"\" srcset=\"https:\/\/portalpopmais.com.br\/wp-content\/uploads\/2026\/09\/ivete3-768x456.jpg 768w, https:\/\/portalpopmais.com.br\/wp-content\/uploads\/2026\/09\/ivete3-18x12.jpg 18w\" sizes=\"auto, (max-width: 768px) 100vw, 768px\" title=\"\"><\/a><\/div><a class=\"wp-block-latest-posts__post-title\" href=\"https:\/\/portalpopmais.com.br\/en\/ivete-sangalo-e-flagrada-aos-beijos-com-namorado-veja-video\/\">Ivete Sangalo \u00e9 flagrada aos beijos com namorado; veja v\u00eddeo<\/a><\/li>\n<li><div class=\"wp-block-latest-posts__featured-image aligncenter\"><a href=\"https:\/\/portalpopmais.com.br\/en\/apresentadora-de-tv-e-condenada-a-morte-por-trafico-de-drogas-no-egito\/\" aria-label=\"Apresentadora de TV \u00e9 condenada \u00e0 morte por tr\u00e1fico de drogas no Egito\"><img loading=\"lazy\" decoding=\"async\" width=\"768\" height=\"456\" src=\"https:\/\/portalpopmais.com.br\/wp-content\/uploads\/2026\/09\/sarah-khalifa-768x456.webp\" class=\"attachment-medium size-medium wp-post-image\" alt=\"Apresentadora de TV \u00e9 condenada \u00e0 morte por tr\u00e1fico de drogas no Egito\" style=\"\" srcset=\"https:\/\/portalpopmais.com.br\/wp-content\/uploads\/2026\/09\/sarah-khalifa-768x456.webp 768w, https:\/\/portalpopmais.com.br\/wp-content\/uploads\/2026\/09\/sarah-khalifa-1170x694.webp 1170w\" sizes=\"auto, (max-width: 768px) 100vw, 768px\" title=\"\"><\/a><\/div><a class=\"wp-block-latest-posts__post-title\" href=\"https:\/\/portalpopmais.com.br\/en\/apresentadora-de-tv-e-condenada-a-morte-por-trafico-de-drogas-no-egito\/\">Apresentadora de TV \u00e9 condenada \u00e0 morte por tr\u00e1fico de drogas no Egito<\/a><\/li>\n<li><div class=\"wp-block-latest-posts__featured-image aligncenter\"><a href=\"https:\/\/portalpopmais.com.br\/en\/seguranca-se-irrita-e-derruba-celular-de-fa-que-filmava-harry-styles-veja-video\/\" aria-label=\"Seguran\u00e7a se irrita e derruba celular de f\u00e3 que filmava Harry Styles; veja v\u00eddeo\"><img loading=\"lazy\" decoding=\"async\" width=\"768\" height=\"456\" src=\"https:\/\/portalpopmais.com.br\/wp-content\/uploads\/2026\/02\/harry-styles-aperture-768x456.png\" class=\"attachment-medium size-medium wp-post-image\" alt=\"harry styles aperture\" style=\"\" srcset=\"https:\/\/portalpopmais.com.br\/wp-content\/uploads\/2026\/02\/harry-styles-aperture-768x456.png 768w, https:\/\/portalpopmais.com.br\/wp-content\/uploads\/2026\/02\/harry-styles-aperture-1170x694.png 1170w, https:\/\/portalpopmais.com.br\/wp-content\/uploads\/2026\/02\/harry-styles-aperture-18x10.png 18w\" sizes=\"auto, (max-width: 768px) 100vw, 768px\" title=\"\"><\/a><\/div><a class=\"wp-block-latest-posts__post-title\" href=\"https:\/\/portalpopmais.com.br\/en\/seguranca-se-irrita-e-derruba-celular-de-fa-que-filmava-harry-styles-veja-video\/\">Seguran\u00e7a se irrita e derruba celular de f\u00e3 que filmava Harry Styles; veja v\u00eddeo<\/a><\/li>\n<li><div class=\"wp-block-latest-posts__featured-image aligncenter\"><a href=\"https:\/\/portalpopmais.com.br\/en\/policia-investiga-streamer-que-promoveu-ataque-homofobico-contra-o-ator-joao-victor-goncalves\/\" aria-label=\"Pol\u00edcia investiga streamer que promoveu ataque homof\u00f3bico contra o ator Jo\u00e3o Victor Gon\u00e7alves\"><img loading=\"lazy\" decoding=\"async\" width=\"768\" height=\"456\" src=\"https:\/\/portalpopmais.com.br\/wp-content\/uploads\/2026\/09\/streamer-chama-joao-victor-goncalves-racista-768x456.webp\" class=\"attachment-medium size-medium wp-post-image\" alt=\"\" style=\"\" srcset=\"https:\/\/portalpopmais.com.br\/wp-content\/uploads\/2026\/09\/streamer-chama-joao-victor-goncalves-racista-768x456.webp 768w, https:\/\/portalpopmais.com.br\/wp-content\/uploads\/2026\/09\/streamer-chama-joao-victor-goncalves-racista-1170x694.webp 1170w, https:\/\/portalpopmais.com.br\/wp-content\/uploads\/2026\/09\/streamer-chama-joao-victor-goncalves-racista-18x12.webp 18w\" sizes=\"auto, (max-width: 768px) 100vw, 768px\" title=\"\"><\/a><\/div><a class=\"wp-block-latest-posts__post-title\" href=\"https:\/\/portalpopmais.com.br\/en\/policia-investiga-streamer-que-promoveu-ataque-homofobico-contra-o-ator-joao-victor-goncalves\/\">Pol\u00edcia investiga streamer que promoveu ataque homof\u00f3bico contra o ator Jo\u00e3o Victor Gon\u00e7alves<\/a><\/li>\n<li><div class=\"wp-block-latest-posts__featured-image aligncenter\"><a href=\"https:\/\/portalpopmais.com.br\/en\/rodrigo-simas-cueca-branca\/\" aria-label=\"Rodrigo Simas surge de cueca branca &#8220;recheada&#8221; e causa furor na web: &#8220;Um babador, por favor&#8221;\"><img loading=\"lazy\" decoding=\"async\" width=\"768\" height=\"456\" src=\"https:\/\/portalpopmais.com.br\/wp-content\/uploads\/2026\/09\/rodrigo-simas-cueca-branca-768x456.jpg\" class=\"attachment-medium size-medium wp-post-image\" alt=\"rodrigo simas cueca branca\" style=\"\" srcset=\"https:\/\/portalpopmais.com.br\/wp-content\/uploads\/2026\/09\/rodrigo-simas-cueca-branca-768x456.jpg 768w, https:\/\/portalpopmais.com.br\/wp-content\/uploads\/2026\/09\/rodrigo-simas-cueca-branca-1170x694.jpg 1170w, https:\/\/portalpopmais.com.br\/wp-content\/uploads\/2026\/09\/rodrigo-simas-cueca-branca-18x10.jpg 18w\" sizes=\"auto, (max-width: 768px) 100vw, 768px\" title=\"\"><\/a><\/div><a class=\"wp-block-latest-posts__post-title\" href=\"https:\/\/portalpopmais.com.br\/en\/rodrigo-simas-cueca-branca\/\">Rodrigo Simas surge de cueca branca &#8220;recheada&#8221; e causa furor na web: &#8220;Um babador, por favor&#8221;<\/a><\/li>\n<li><div class=\"wp-block-latest-posts__featured-image aligncenter\"><a href=\"https:\/\/portalpopmais.com.br\/en\/barbara-borges-anuncia-fim-do-relacionamento-com-iran-malfitano-apos-tres-anos\/\" aria-label=\"B\u00e1rbara Borges anuncia fim do relacionamento com Iran Malfitano ap\u00f3s tr\u00eas anos\"><img loading=\"lazy\" decoding=\"async\" width=\"768\" height=\"456\" src=\"https:\/\/portalpopmais.com.br\/wp-content\/uploads\/2026\/09\/barbara-borges-anuncia-termino-iran-malfitano6-768x456.webp\" class=\"attachment-medium size-medium wp-post-image\" alt=\"\" style=\"\" srcset=\"https:\/\/portalpopmais.com.br\/wp-content\/uploads\/2026\/09\/barbara-borges-anuncia-termino-iran-malfitano6-768x456.webp 768w, https:\/\/portalpopmais.com.br\/wp-content\/uploads\/2026\/09\/barbara-borges-anuncia-termino-iran-malfitano6-1170x694.webp 1170w, https:\/\/portalpopmais.com.br\/wp-content\/uploads\/2026\/09\/barbara-borges-anuncia-termino-iran-malfitano6-18x12.webp 18w\" sizes=\"auto, (max-width: 768px) 100vw, 768px\" title=\"\"><\/a><\/div><a class=\"wp-block-latest-posts__post-title\" href=\"https:\/\/portalpopmais.com.br\/en\/barbara-borges-anuncia-fim-do-relacionamento-com-iran-malfitano-apos-tres-anos\/\">B\u00e1rbara Borges anuncia fim do relacionamento com Iran Malfitano ap\u00f3s tr\u00eas anos<\/a><\/li>\n<\/ul>\n\n\n<p class=\"wp-block-paragraph\"><em>\u201cO que n\u00e3o tem problema nenhum porque eu n\u00e3o fiz nada para ele agradecer. Eu fiz de cora\u00e7\u00e3o e essa sou eu. Quem me acompanha nas redes sociais sabe que eu amo dar presentes para as pessoas. Quando eu posso dou, quando n\u00e3o posso, dou tamb\u00e9m. Muitas coisas voc\u00eas nem sabem porque eu nem mostro, mas dou apartamento, casa, carro, moto\u2026 Esse \u00e9 o meu jeito, eu gosto e me sinto feliz. Nem fa\u00e7o pelo outro, fa\u00e7o porque me d\u00e1 prazer ver as pessoas felizes\u201d<\/em>, completou.<\/p>\n\n\n\n<p class=\"wp-block-paragraph\">A influenciadora afirmou que resolveu dar um quarto decorado de presente para o filho de Paulo Andr\u00e9 como uma forma de agradecimento pelo seu carinho com Arthur Aguiar, ap\u00f3s ele ter voltado de um pared\u00e3o falso no BBB 22.<\/p>\n\n\n\n<p class=\"wp-block-paragraph\"><em>\u201cVia muito ele falando do filho dele, do quanto era importante ele dar as coisas para o filho dele, e eu como m\u00e3e quis dar tudo isso. Eu como m\u00e3e sei a import\u00e2ncia que tem um carrinho de beb\u00ea, cadeirinha de carro, cadeirinha de comer, quarto completo\u2026 Enfim, tudo o que eu pude, coloquei ali que eu queria ter entregue. Insisti muito, tentamos falar milh\u00f5es de vezes com a fam\u00edlia dele, falamos v\u00e1rias vezes com o empres\u00e1rio, que, coitado, ficou nos enrolando para passar o contato e cada hora dava uma desculpa. Tenho um milh\u00e3o de mensagens com ele. N\u00e3o consegui entregar as coisas porque eles realmente n\u00e3o quiseram\u201d,<\/em> disse Ma\u00edra Cardi.<\/p>\n\n\n\n<p class=\"wp-block-paragraph\">Ela destacou que decidiu dar o presente antes da final do reality, quando nem sabia que o atleta estaria nela.<\/p>","protected":false},"excerpt":{"rendered":"<p>A influenciadora Ma\u00edra Cardi se manifestou pela primeira vez sobre o caso de Paulo Andr\u00e9, vice-campe\u00e3o do reality, ter recusado o presente oferecido para o seu filho, Paulo Andr\u00e9 J\u00fanior. A esposa de Arthur Aguiar classificou a decis\u00e3o do atleta como \u201cego bobo\u201d. \u201cVi uma mat\u00e9ria falando que o PA ficou super grato por eu [&hellip;]<\/p>\n","protected":false},"author":2,"featured_media":116609,"comment_status":"closed","ping_status":"open","sticky":false,"template":"","format":"standard","meta":{"footnotes":""},"categories":[173],"tags":[10355,10432],"class_list":["post-116607","post","type-post","status-publish","format-standard","has-post-thumbnail","hentry","category-celebridades","tag-maira-cardi","tag-paulo-andre"],"_links":{"self":[{"href":"https:\/\/portalpopmais.com.br\/en\/wp-json\/wp\/v2\/posts\/116607","targetHints":{"allow":["GET"]}}],"collection":[{"href":"https:\/\/portalpopmais.com.br\/en\/wp-json\/wp\/v2\/posts"}],"about":[{"href":"https:\/\/portalpopmais.com.br\/en\/wp-json\/wp\/v2\/types\/post"}],"author":[{"embeddable":true,"href":"https:\/\/portalpopmais.com.br\/en\/wp-json\/wp\/v2\/users\/2"}],"replies":[{"embeddable":true,"href":"https:\/\/portalpopmais.com.br\/en\/wp-json\/wp\/v2\/comments?post=116607"}],"version-history":[{"count":0,"href":"https:\/\/portalpopmais.com.br\/en\/wp-json\/wp\/v2\/posts\/116607\/revisions"}],"wp:featuredmedia":[{"embeddable":true,"href":"https:\/\/portalpopmais.com.br\/en\/wp-json\/wp\/v2\/media\/116609"}],"wp:attachment":[{"href":"https:\/\/portalpopmais.com.br\/en\/wp-json\/wp\/v2\/media?parent=116607"}],"wp:term":[{"taxonomy":"category","embeddable":true,"href":"https:\/\/portalpopmais.com.br\/en\/wp-json\/wp\/v2\/categories?post=116607"},{"taxonomy":"post_tag","embeddable":true,"href":"https:\/\/portalpopmais.com.br\/en\/wp-json\/wp\/v2\/tags?post=116607"}],"curies":[{"name":"wp","href":"https:\/\/api.w.org\/{rel}","templated":true}]}}