{"id":116722,"date":"2022-05-16T13:23:17","date_gmt":"2022-05-16T16:23:17","guid":{"rendered":"https:\/\/portalpopmais.com.br\/?p=116722"},"modified":"2022-05-16T13:23:24","modified_gmt":"2022-05-16T16:23:24","slug":"juliette-clipe-cansar-de-dancar","status":"publish","type":"post","link":"https:\/\/portalpopmais.com.br\/en\/juliette-clipe-cansar-de-dancar\/","title":{"rendered":"Juliette quer extravasar no clipe de &#8220;Cansar de Dan\u00e7ar&#8221;; assista"},"content":{"rendered":"<p>Nesta segunda-feira (16), <strong><a href=\"https:\/\/portalpopmais.com.br\/en\/sensitiva-juliette-presidente-do-brasil\/\" target=\"_blank\" data-type=\"post\" data-id=\"116044\" rel=\"noreferrer noopener\">Juliette<\/a><\/strong> liberou o clipe da faixa \u201cCansar de Dan\u00e7ar\u201d, co-escrita pela pr\u00f3pria. O registro conta conta a hist\u00f3ria de uma pessoa que est\u00e1 cansada, entediada e se sente silenciada e que v\u00ea no ator de sair para dan\u00e7ar uma forma de se libertar e de extravasar.<\/p>\n\n\n\n<p><em>\u201cO roteiro do clipe de &#8220;Cansar de Dan\u00e7ar&#8221; foi nascendo na minha cabe\u00e7a j\u00e1 durante a grava\u00e7\u00e3o da m\u00fasica. Fui fazendo a m\u00fasica e pensando nele. O diretor acrescentou ideias e chegamos na ideia final\u201d,<\/em> conta <a href=\"http:\/\/instagram.com\/portalpopmais\" target=\"_blank\" rel=\"noopener\">Juliette<\/a>.<\/p>\n\n\n\n<p>A moda do clipe \u00e9 composta por algumas releituras de roupas que marcaram a hist\u00f3ria de sua int\u00e9rprete. O \u201clook da Juliette&#8221;, por exemplo, que consiste em uma camisa social branca e a sobreposi\u00e7\u00e3o de um top preto junto com uma bota da mesma cor, \u00e9 uma das roupas com as quais vemos a paraibana. Al\u00e9m dele, um terninho preto e um vestido fazem parte da hist\u00f3ria.<\/p>\n\n\n\n<p>Sobre o clipe, Juliette comenta:<em> \u201cCriamos uma analogia com a minha hist\u00f3ria. Minha personagem usa, no in\u00edcio, as roupas que eu usava quando trabalhava em escrit\u00f3rios e os dois looks que uso depois s\u00e3o roupas importantes na minha trajet\u00f3ria, que representam momentos em que me reconectei comigo mesma e que mostram algumas das minhas diferentes faces\u201d.<\/em><\/p>\n\n\n\n<div class=\"wp-block-image is-style-default\"><figure class=\"aligncenter size-full\"><img loading=\"lazy\" decoding=\"async\" width=\"1500\" height=\"2248\" src=\"https:\/\/portalpopmais.com.br\/wp-content\/uploads\/2022\/05\/Creditos-@igoormelo-1.jpeg\" alt=\"Juliette no clipe &quot;Cansar de Dan\u00e7ar&quot; - Foto: Igoor Melo\" class=\"wp-image-116724\" title=\"\"><figcaption>Juliette no clipe &#8220;Cansar de Dan\u00e7ar&#8221; &#8211; Foto: Igoor Melo<\/figcaption><\/figure><\/div>\n\n\n\n<p>No elenco do clipe vemos amigos e amigas da cantora e uma narrativa positiva, que acompanha a mensagem da m\u00fasica. \u201c<em>O v\u00eddeo passa uma mensagem forte e que eu gosto muito: de que quero sempre estar conectada comigo mesma, independente do julgamento dos outros (que n\u00e3o veem tudo est\u00e1 acontecendo comigo)\u201d,<\/em> revela.<\/p>\n\n\n\n<p>Essa faixa \u00e9 co-composta por Juliette e \u00e9 marcada por elementos do bregafunk e do pis\u00earo. Foi produzida por HITMAKER &#8211; dupla de produtores respons\u00e1veis por trabalhos de grandes nomes, como Anitta, Lu\u00edsa Sonza, Marina Sena e J\u00e3o &#8211; e por Juz\u00e9, que participou do EP \u201cJuliette\u201d. Mais solta e dan\u00e7ante, aqui a artista canta sobre querer se jogar na pista, sem amarras ou medo de ser quem \u00e9. A mensagem \u00e9 ditada por versos como: <em>\u201cEntender quem sou \/ Qual o meu valor \/ Aonde eu quero ir \/ Vou me libertar\u201d.<\/em><\/p>\n\n\n\n<p><em>\u201cGosto muito de trabalhar sons e elementos que me fazem bem, que eu mesma gostaria de ouvir. \u00c9 desse desejo que nasceu \u2018Cansar de Dan\u00e7ar\u2019. \u00c9 uma m\u00fasica cheia de leveza, bom-humor, uma novidade no meu repert\u00f3rio. Espero de verdade atingir um efeito positivo na<\/em>s pessoas\u201d, diz.<\/p>\n\n\n\n<figure class=\"wp-block-embed is-type-video is-provider-youtube wp-block-embed-youtube wp-embed-aspect-16-9 wp-has-aspect-ratio\"><div class=\"wp-block-embed__wrapper\">\n<iframe loading=\"lazy\" title=\"Juliette - Cansar de Dan\u00e7ar (Clipe oficial)\" width=\"880\" height=\"495\" src=\"https:\/\/www.youtube.com\/embed\/-Plje1__Dpg?feature=oembed\" frameborder=\"0\" allow=\"accelerometer; autoplay; clipboard-write; encrypted-media; gyroscope; picture-in-picture; web-share\" referrerpolicy=\"strict-origin-when-cross-origin\" allowfullscreen><\/iframe>\n<\/div><\/figure>","protected":false},"excerpt":{"rendered":"<p>Nesta segunda-feira (16), Juliette liberou o clipe da faixa \u201cCansar de Dan\u00e7ar\u201d, co-escrita pela pr\u00f3pria. O registro conta conta a hist\u00f3ria de uma pessoa que est\u00e1 cansada, entediada e se sente silenciada e que v\u00ea no ator de sair para dan\u00e7ar uma forma de se libertar e de extravasar. \u201cO roteiro do clipe de &#8220;Cansar [&hellip;]<\/p>\n","protected":false},"author":1,"featured_media":116725,"comment_status":"closed","ping_status":"open","sticky":false,"template":"","format":"standard","meta":{"footnotes":""},"categories":[154],"tags":[8135],"class_list":["post-116722","post","type-post","status-publish","format-standard","has-post-thumbnail","hentry","category-musica","tag-juliette"],"_links":{"self":[{"href":"https:\/\/portalpopmais.com.br\/en\/wp-json\/wp\/v2\/posts\/116722","targetHints":{"allow":["GET"]}}],"collection":[{"href":"https:\/\/portalpopmais.com.br\/en\/wp-json\/wp\/v2\/posts"}],"about":[{"href":"https:\/\/portalpopmais.com.br\/en\/wp-json\/wp\/v2\/types\/post"}],"author":[{"embeddable":true,"href":"https:\/\/portalpopmais.com.br\/en\/wp-json\/wp\/v2\/users\/1"}],"replies":[{"embeddable":true,"href":"https:\/\/portalpopmais.com.br\/en\/wp-json\/wp\/v2\/comments?post=116722"}],"version-history":[{"count":0,"href":"https:\/\/portalpopmais.com.br\/en\/wp-json\/wp\/v2\/posts\/116722\/revisions"}],"wp:featuredmedia":[{"embeddable":true,"href":"https:\/\/portalpopmais.com.br\/en\/wp-json\/wp\/v2\/media\/116725"}],"wp:attachment":[{"href":"https:\/\/portalpopmais.com.br\/en\/wp-json\/wp\/v2\/media?parent=116722"}],"wp:term":[{"taxonomy":"category","embeddable":true,"href":"https:\/\/portalpopmais.com.br\/en\/wp-json\/wp\/v2\/categories?post=116722"},{"taxonomy":"post_tag","embeddable":true,"href":"https:\/\/portalpopmais.com.br\/en\/wp-json\/wp\/v2\/tags?post=116722"}],"curies":[{"name":"wp","href":"https:\/\/api.w.org\/{rel}","templated":true}]}}