{"id":116728,"date":"2022-05-16T13:35:31","date_gmt":"2022-05-16T16:35:31","guid":{"rendered":"https:\/\/portalpopmais.com.br\/?p=116728"},"modified":"2022-05-16T13:35:36","modified_gmt":"2022-05-16T16:35:36","slug":"na-cara-de-juliana-paes-juliette-diz-que-e-uma-obrigacao-se-posicionar-politicamente-veja-video","status":"publish","type":"post","link":"https:\/\/portalpopmais.com.br\/en\/na-cara-de-juliana-paes-juliette-diz-que-e-uma-obrigacao-se-posicionar-politicamente-veja-video\/","title":{"rendered":"Na cara de Juliana Paes, Juliette diz que \u00e9 \u2018uma obriga\u00e7\u00e3o\u2019 se posicionar politicamente; veja v\u00eddeo"},"content":{"rendered":"<p>Critica do governo de Jair Bolsonaro nas redes sociais, <strong><a href=\"https:\/\/portalpopmais.com.br\/en\/juliette-clipe-cansar-de-dancar\/\" data-type=\"post\" data-id=\"116722\">Juliette<\/a><\/strong> falou sobre o assunto no programa \u201cAltas Horas\u201d, na Globo, no \u00faltimo s\u00e1bado (14). Questionada por Serginho Groisman se ela n\u00e3o temia em comentar sobre pol\u00edtica, a campe\u00e3 do BBB21 se <a href=\"http:\/\/instagram.com\/portalpopmais\" target=\"_blank\" rel=\"noopener\">mostrou<\/a> firme. <\/p>\n\n\n\n<p><em>\u201cN\u00e3o, eu acho que, como pessoa an\u00f4nima, eu j\u00e1 fazia quest\u00e3o de participar de tudo aquilo que refletisse na sociedade, ou em mim, contribuir de uma forma positiva\u201d,<\/em> come\u00e7ou Juliette.<\/p>\n\n\n\n<p><em>\u201cComo artista eu acho que \u00e9 uma obriga\u00e7\u00e3o. A gente t\u00e1 num lugar de destaque, a nossa carreira n\u00e3o \u00e9 s\u00f3 para n\u00f3s, a gente tem um papel social, ent\u00e3o acho que tudo que atinge a sociedade nos diz respeito. Eu, como artista hoje, que estou me tornando, eu acho que \u00e9 obriga\u00e7\u00e3o\u201d<\/em>, completou.<\/p>\n\n\n\n<p>Nas redes sociais, os internautas comentaram as caras e bocas de Juliana Paes, que tamb\u00e9m estava no programa, e \u00e9 tida como apoiadora de Bolsonaro, ap\u00f3s criticar o regime socialista de Cuba. Al\u00e9m disso, a atriz global nunca se manifestou contr\u00e1ria ao atual presidente do Brasil. Assista:<\/p>\n\n\n\n<figure class=\"wp-block-embed is-type-rich is-provider-twitter wp-block-embed-twitter\"><div class=\"wp-block-embed__wrapper\">\n<blockquote class=\"twitter-tweet\" data-width=\"550\" data-dnt=\"true\"><p lang=\"pt\" dir=\"ltr\">A Juliette no Altas Horas destacando a import\u00e2ncia dos artistas se posicionaram na pol\u00edtica e causas sociais. Hablou tudo! <a href=\"https:\/\/t.co\/QbfXvpemZg\">pic.twitter.com\/QbfXvpemZg<\/a><\/p>&mdash; BCharts (@bchartsnet) <a href=\"https:\/\/twitter.com\/bchartsnet\/status\/1525857780925616128?ref_src=twsrc%5Etfw\" target=\"_blank\" rel=\"noopener\">May 15, 2022<\/a><\/blockquote><script async src=\"https:\/\/platform.twitter.com\/widgets.js\" charset=\"utf-8\"><\/script>\n<\/div><\/figure>","protected":false},"excerpt":{"rendered":"<p>Critica do governo de Jair Bolsonaro nas redes sociais, Juliette falou sobre o assunto no programa \u201cAltas Horas\u201d, na Globo, no \u00faltimo s\u00e1bado (14). Questionada por Serginho Groisman se ela n\u00e3o temia em comentar sobre pol\u00edtica, a campe\u00e3 do BBB21 se mostrou firme. \u201cN\u00e3o, eu acho que, como pessoa an\u00f4nima, eu j\u00e1 fazia quest\u00e3o de [&hellip;]<\/p>\n","protected":false},"author":2,"featured_media":116731,"comment_status":"closed","ping_status":"open","sticky":false,"template":"","format":"standard","meta":{"footnotes":""},"categories":[173],"tags":[6094,8135],"class_list":["post-116728","post","type-post","status-publish","format-standard","has-post-thumbnail","hentry","category-celebridades","tag-juliana-paes","tag-juliette"],"_links":{"self":[{"href":"https:\/\/portalpopmais.com.br\/en\/wp-json\/wp\/v2\/posts\/116728","targetHints":{"allow":["GET"]}}],"collection":[{"href":"https:\/\/portalpopmais.com.br\/en\/wp-json\/wp\/v2\/posts"}],"about":[{"href":"https:\/\/portalpopmais.com.br\/en\/wp-json\/wp\/v2\/types\/post"}],"author":[{"embeddable":true,"href":"https:\/\/portalpopmais.com.br\/en\/wp-json\/wp\/v2\/users\/2"}],"replies":[{"embeddable":true,"href":"https:\/\/portalpopmais.com.br\/en\/wp-json\/wp\/v2\/comments?post=116728"}],"version-history":[{"count":0,"href":"https:\/\/portalpopmais.com.br\/en\/wp-json\/wp\/v2\/posts\/116728\/revisions"}],"wp:featuredmedia":[{"embeddable":true,"href":"https:\/\/portalpopmais.com.br\/en\/wp-json\/wp\/v2\/media\/116731"}],"wp:attachment":[{"href":"https:\/\/portalpopmais.com.br\/en\/wp-json\/wp\/v2\/media?parent=116728"}],"wp:term":[{"taxonomy":"category","embeddable":true,"href":"https:\/\/portalpopmais.com.br\/en\/wp-json\/wp\/v2\/categories?post=116728"},{"taxonomy":"post_tag","embeddable":true,"href":"https:\/\/portalpopmais.com.br\/en\/wp-json\/wp\/v2\/tags?post=116728"}],"curies":[{"name":"wp","href":"https:\/\/api.w.org\/{rel}","templated":true}]}}