{"id":116759,"date":"2022-05-16T19:23:56","date_gmt":"2022-05-16T22:23:56","guid":{"rendered":"https:\/\/portalpopmais.com.br\/?p=116759"},"modified":"2022-05-17T09:34:42","modified_gmt":"2022-05-17T12:34:42","slug":"casos-de-familia-pode-deixar-de-ser-exibido-no-sbt-saiba-o-motivo","status":"publish","type":"post","link":"https:\/\/portalpopmais.com.br\/en\/casos-de-familia-pode-deixar-de-ser-exibido-no-sbt-saiba-o-motivo\/","title":{"rendered":"&#8220;Casos de Fam\u00edlia&#8221; pode deixar de ser exibido no SBT; Saiba o motivo"},"content":{"rendered":"<p>Sob amea\u00e7a de deixar a grade do <a href=\"https:\/\/portalpopmais.com.br\/en\/casos-de-familia-pode-deixar-de-ser-exibido-no-sbt-saiba-o-motivo\/\" target=\"_blank\" data-type=\"post\" data-id=\"116759\" rel=\"noreferrer noopener\">SBT<\/a>, o \u201cCasos de Fam\u00edlia\u201d est\u00e1 deixando a desejar. Dando a entender que seja o hor\u00e1rio, o canal vem enfrentando problemas com o <a href=\"http:\/\/instagram.com\/portalpopmais\" target=\"_blank\" rel=\"noopener\">programa<\/a>.<\/p>\n\n\n\n<p>Conforme apurou o site NaTelinha, caso o vespertino de Christina Rocha n\u00e3o apresente um avan\u00e7o nos pr\u00f3ximos programas, poder\u00e1 sofrer baixa na emissora.<\/p>\n\n\n\n<p>Com um novo formato, recebendo diversas personalidades, o \u201cCasos\u201d agora passa a contar com a an\u00e1lise de temas do cotidiano, desde jornalistas at\u00e9 influencers.<\/p>\n\n\n\n<p>Contudo, mesmo registrando baixos \u00edndices, o que \u00e9 comentado internamente \u00e9 o hor\u00e1rio para o qual foi destinado ao programa seja o culpado dos \u00edndices em queda. Antes sendo sucessor do \u201cFofocalizando\u201d, o programa passou ocupar o espa\u00e7o de s\u00e9ries, como \u201cSam e Cat\u201d.<\/p>\n\n\n\n<p>Agora, com 45 minutos adiante, o vespertino passa a ir ao ar \u00e0s 15h j\u00e1 a partir desta segunda-feira (16). E parece que o novo hor\u00e1rio n\u00e3o deu muito certo.<\/p>\n\n\n\n<figure class=\"wp-block-embed is-type-rich is-provider-twitter wp-block-embed-twitter\"><div class=\"wp-block-embed__wrapper\">\n<blockquote class=\"twitter-tweet\" data-width=\"550\" data-dnt=\"true\"><p lang=\"pt\" dir=\"ltr\">15h11<a href=\"https:\/\/twitter.com\/hashtag\/OCravoEARosa?src=hash&amp;ref_src=twsrc%5Etfw\" target=\"_blank\" rel=\"noopener\">#OCravoEARosa<\/a> 15.2<a href=\"https:\/\/twitter.com\/hashtag\/Balan%C3%A7oGeral?src=hash&amp;ref_src=twsrc%5Etfw\" target=\"_blank\" rel=\"noopener\">#Balan\u00e7oGeral<\/a> 6.9<br>Soma dos canais pagos 3.4<a href=\"https:\/\/twitter.com\/hashtag\/CasosDeFam%C3%ADlia?src=hash&amp;ref_src=twsrc%5Etfw\" target=\"_blank\" rel=\"noopener\">#CasosDeFam\u00edlia<\/a> 1.7<a href=\"https:\/\/twitter.com\/hashtag\/MelhorDaTarde?src=hash&amp;ref_src=twsrc%5Etfw\" target=\"_blank\" rel=\"noopener\">#MelhorDaTarde<\/a> 1.5<a href=\"https:\/\/twitter.com\/hashtag\/QuintalDaCultura?src=hash&amp;ref_src=twsrc%5Etfw\" target=\"_blank\" rel=\"noopener\">#QuintalDaCultura<\/a> 1.2<\/p>&mdash; Ricardo S (@RickSouza) <a href=\"https:\/\/twitter.com\/RickSouza\/status\/1526265787807318018?ref_src=twsrc%5Etfw\" target=\"_blank\" rel=\"noopener\">May 16, 2022<\/a><\/blockquote><script async src=\"https:\/\/platform.twitter.com\/widgets.js\" charset=\"utf-8\"><\/script>\n<\/div><\/figure>","protected":false},"excerpt":{"rendered":"<p>Sob amea\u00e7a de deixar a grade do SBT, o \u201cCasos de Fam\u00edlia\u201d est\u00e1 deixando a desejar. Dando a entender que seja o hor\u00e1rio, o canal vem enfrentando problemas com o programa. Conforme apurou o site NaTelinha, caso o vespertino de Christina Rocha n\u00e3o apresente um avan\u00e7o nos pr\u00f3ximos programas, poder\u00e1 sofrer baixa na emissora. Com [&hellip;]<\/p>\n","protected":false},"author":2,"featured_media":116760,"comment_status":"closed","ping_status":"open","sticky":false,"template":"","format":"standard","meta":{"footnotes":""},"categories":[181],"tags":[11112,11208,403],"class_list":["post-116759","post","type-post","status-publish","format-standard","has-post-thumbnail","hentry","category-televisao","tag-casos-de-familia","tag-christina-rocha","tag-sbt"],"_links":{"self":[{"href":"https:\/\/portalpopmais.com.br\/en\/wp-json\/wp\/v2\/posts\/116759","targetHints":{"allow":["GET"]}}],"collection":[{"href":"https:\/\/portalpopmais.com.br\/en\/wp-json\/wp\/v2\/posts"}],"about":[{"href":"https:\/\/portalpopmais.com.br\/en\/wp-json\/wp\/v2\/types\/post"}],"author":[{"embeddable":true,"href":"https:\/\/portalpopmais.com.br\/en\/wp-json\/wp\/v2\/users\/2"}],"replies":[{"embeddable":true,"href":"https:\/\/portalpopmais.com.br\/en\/wp-json\/wp\/v2\/comments?post=116759"}],"version-history":[{"count":0,"href":"https:\/\/portalpopmais.com.br\/en\/wp-json\/wp\/v2\/posts\/116759\/revisions"}],"wp:featuredmedia":[{"embeddable":true,"href":"https:\/\/portalpopmais.com.br\/en\/wp-json\/wp\/v2\/media\/116760"}],"wp:attachment":[{"href":"https:\/\/portalpopmais.com.br\/en\/wp-json\/wp\/v2\/media?parent=116759"}],"wp:term":[{"taxonomy":"category","embeddable":true,"href":"https:\/\/portalpopmais.com.br\/en\/wp-json\/wp\/v2\/categories?post=116759"},{"taxonomy":"post_tag","embeddable":true,"href":"https:\/\/portalpopmais.com.br\/en\/wp-json\/wp\/v2\/tags?post=116759"}],"curies":[{"name":"wp","href":"https:\/\/api.w.org\/{rel}","templated":true}]}}