{"id":117016,"date":"2022-05-18T10:58:18","date_gmt":"2022-05-18T13:58:18","guid":{"rendered":"https:\/\/portalpopmais.com.br\/?p=117016"},"modified":"2022-05-18T10:58:25","modified_gmt":"2022-05-18T13:58:25","slug":"jade-picon-sonho-atuar-quero-muito","status":"publish","type":"post","link":"https:\/\/portalpopmais.com.br\/en\/jade-picon-sonho-atuar-quero-muito\/","title":{"rendered":"Jade Picon fala sobre o sonho de atuar: \u201cQuero muito estudar e me jogar\u201d"},"content":{"rendered":"<p class=\"wp-block-paragraph\">Sucesso no BBB22, <strong><a href=\"http:\/\/instagram.com\/portalpopmais\" target=\"_blank\" rel=\"noopener\">Jade Picon<\/a><\/strong> contou, em entrevista para a Vogue, sobre o seu desejo de estudar se aprofundar na carreira como atriz. A influenciadora digital foi escalada pela Globo para um papel na novela &#8220;Travessia&#8221; e causou tumulto nas redes sociais por n\u00e3o possuir o registro da profiss\u00e3o no sindicato da <a href=\"https:\/\/portalpopmais.com.br\/en\/arthur-aguiar-jade-picon-atuar-juntos-travessia\/\" target=\"_blank\" data-type=\"post\" data-id=\"116198\" rel=\"noreferrer noopener\">categoria<\/a>. <\/p>\n\n\n\n<p class=\"wp-block-paragraph\"><em>\u201cTenho muitos planos e tenho o sonho de ser atriz. Quero muito estudar e quem sabe me jogar nessa nova aventura\u201d, <\/em>disse Picon.<\/p>\n\n\n\n<h2 class=\"wp-block-heading\">Veja tamb\u00e9m<\/h2>\n\n\n<ul class=\"wp-block-latest-posts__list is-grid aligncenter wp-block-latest-posts is-layout-flow wp-block-latest-posts-is-layout-flow\"><li><div class=\"wp-block-latest-posts__featured-image aligncenter\"><a href=\"https:\/\/portalpopmais.com.br\/en\/patricia-ramos-anuncia-fim-do-namoro-com-modelo-apos-dois-meses-e-responde-criticas-manda-curriculo\/\" aria-label=\"Patr\u00edcia Ramos anuncia fim do namoro com modelo ap\u00f3s dois meses e responde cr\u00edticas: &#8220;Manda curr\u00edculo&#8221;\"><img loading=\"lazy\" decoding=\"async\" width=\"768\" height=\"456\" src=\"https:\/\/portalpopmais.com.br\/wp-content\/uploads\/2026\/09\/texto-do-seu-paragrafo-2026-09-01t165110.515-768x456.jpeg\" class=\"attachment-medium size-medium wp-post-image\" alt=\"texto do seu paragrafo 2026 09 01t165110.515\" style=\"\" srcset=\"https:\/\/portalpopmais.com.br\/wp-content\/uploads\/2026\/09\/texto-do-seu-paragrafo-2026-09-01t165110.515-768x456.jpeg 768w, https:\/\/portalpopmais.com.br\/wp-content\/uploads\/2026\/09\/texto-do-seu-paragrafo-2026-09-01t165110.515-18x12.jpeg 18w\" sizes=\"auto, (max-width: 768px) 100vw, 768px\" title=\"\"><\/a><\/div><a class=\"wp-block-latest-posts__post-title\" href=\"https:\/\/portalpopmais.com.br\/en\/patricia-ramos-anuncia-fim-do-namoro-com-modelo-apos-dois-meses-e-responde-criticas-manda-curriculo\/\">Patr\u00edcia Ramos anuncia fim do namoro com modelo ap\u00f3s dois meses e responde cr\u00edticas: &#8220;Manda curr\u00edculo&#8221;<\/a><\/li>\n<li><div class=\"wp-block-latest-posts__featured-image aligncenter\"><a href=\"https:\/\/portalpopmais.com.br\/en\/esposa-tenta-convencer-roberto-justus-a-comer-escorpiao-e-grilo-durante-viagem-a-china\/\" aria-label=\"Esposa tenta convencer Roberto Justus a comer escorpi\u00e3o e grilo durante viagem \u00e0 China\"><img loading=\"lazy\" decoding=\"async\" width=\"768\" height=\"456\" src=\"https:\/\/portalpopmais.com.br\/wp-content\/uploads\/2026\/09\/image-16-768x456.png\" class=\"attachment-medium size-medium wp-post-image\" alt=\"image\" style=\"\" srcset=\"https:\/\/portalpopmais.com.br\/wp-content\/uploads\/2026\/09\/image-16-768x456.png 768w, https:\/\/portalpopmais.com.br\/wp-content\/uploads\/2026\/09\/image-16-18x10.png 18w, https:\/\/portalpopmais.com.br\/wp-content\/uploads\/2026\/09\/image-16-1170x694.png 1170w\" sizes=\"auto, (max-width: 768px) 100vw, 768px\" title=\"\"><\/a><\/div><a class=\"wp-block-latest-posts__post-title\" href=\"https:\/\/portalpopmais.com.br\/en\/esposa-tenta-convencer-roberto-justus-a-comer-escorpiao-e-grilo-durante-viagem-a-china\/\">Esposa tenta convencer Roberto Justus a comer escorpi\u00e3o e grilo durante viagem \u00e0 China<\/a><\/li>\n<li><div class=\"wp-block-latest-posts__featured-image aligncenter\"><a href=\"https:\/\/portalpopmais.com.br\/en\/harry-e-meghan-matriculam-archie-e-lilibet-em-escola-de-elite-com-mensalidade-superior-a-r-180-mil-por-ano\/\" aria-label=\"Harry e Meghan matriculam Archie e Lilibet em escola de elite com mensalidade superior a R$ 180 mil por ano\"><img loading=\"lazy\" decoding=\"async\" width=\"768\" height=\"456\" src=\"https:\/\/portalpopmais.com.br\/wp-content\/uploads\/2026\/09\/meghan-1766157304-3791124706129706755-54096840309-1--768x456.jpg\" class=\"attachment-medium size-medium wp-post-image\" alt=\"meghan 1766157304 3791124706129706755 54096840309 1\" style=\"\" srcset=\"https:\/\/portalpopmais.com.br\/wp-content\/uploads\/2026\/09\/meghan-1766157304-3791124706129706755-54096840309-1--768x456.jpg 768w, https:\/\/portalpopmais.com.br\/wp-content\/uploads\/2026\/09\/meghan-1766157304-3791124706129706755-54096840309-1--18x12.jpg 18w\" sizes=\"auto, (max-width: 768px) 100vw, 768px\" title=\"\"><\/a><\/div><a class=\"wp-block-latest-posts__post-title\" href=\"https:\/\/portalpopmais.com.br\/en\/harry-e-meghan-matriculam-archie-e-lilibet-em-escola-de-elite-com-mensalidade-superior-a-r-180-mil-por-ano\/\">Harry e Meghan matriculam Archie e Lilibet em escola de elite com mensalidade superior a R$ 180 mil por ano<\/a><\/li>\n<li><div class=\"wp-block-latest-posts__featured-image aligncenter\"><a href=\"https:\/\/portalpopmais.com.br\/en\/simone-mendes-e-alvo-de-acao-de-r-13-milhao-apos-desabamento-atingir-casa-de-guitarrista-do-tihuana\/\" aria-label=\"Simone Mendes \u00e9 alvo de a\u00e7\u00e3o de R$ 1,3 milh\u00e3o ap\u00f3s desabamento atingir casa de guitarrista do Tihuana\"><img loading=\"lazy\" decoding=\"async\" width=\"768\" height=\"456\" src=\"https:\/\/portalpopmais.com.br\/wp-content\/uploads\/2022\/08\/WhatsApp-Image-2022-08-24-at-14.21.33-768x456.jpeg\" class=\"attachment-medium size-medium wp-post-image\" alt=\"Simone Mendes - Foto: Marcio Amaral\" style=\"\" title=\"\"><\/a><\/div><a class=\"wp-block-latest-posts__post-title\" href=\"https:\/\/portalpopmais.com.br\/en\/simone-mendes-e-alvo-de-acao-de-r-13-milhao-apos-desabamento-atingir-casa-de-guitarrista-do-tihuana\/\">Simone Mendes \u00e9 alvo de a\u00e7\u00e3o de R$ 1,3 milh\u00e3o ap\u00f3s desabamento atingir casa de guitarrista do Tihuana<\/a><\/li>\n<li><div class=\"wp-block-latest-posts__featured-image aligncenter\"><a href=\"https:\/\/portalpopmais.com.br\/en\/lionel-richie-investigacao-problema-cardiaco\/\" aria-label=\"Lionel Richie segue internado na UTI e m\u00e9dicos investigam problemas card\u00edacos\"><img loading=\"lazy\" decoding=\"async\" width=\"768\" height=\"456\" src=\"https:\/\/portalpopmais.com.br\/wp-content\/uploads\/2025\/09\/lionel-richie-live-2023-getty-768x456.jpg\" class=\"attachment-medium size-medium wp-post-image\" alt=\"\" style=\"\" srcset=\"https:\/\/portalpopmais.com.br\/wp-content\/uploads\/2025\/09\/lionel-richie-live-2023-getty-768x456.jpg 768w, https:\/\/portalpopmais.com.br\/wp-content\/uploads\/2025\/09\/lionel-richie-live-2023-getty-1170x694.jpg 1170w, https:\/\/portalpopmais.com.br\/wp-content\/uploads\/2025\/09\/lionel-richie-live-2023-getty-18x12.jpg 18w\" sizes=\"auto, (max-width: 768px) 100vw, 768px\" title=\"\"><\/a><\/div><a class=\"wp-block-latest-posts__post-title\" href=\"https:\/\/portalpopmais.com.br\/en\/lionel-richie-investigacao-problema-cardiaco\/\">Lionel Richie segue internado na UTI e m\u00e9dicos investigam problemas card\u00edacos<\/a><\/li>\n<li><div class=\"wp-block-latest-posts__featured-image aligncenter\"><a href=\"https:\/\/portalpopmais.com.br\/en\/morre-gracindo-jr\/\" aria-label=\"Morre o ator e diretor Gracindo Jr., aos 83 anos\"><img loading=\"lazy\" decoding=\"async\" width=\"768\" height=\"456\" src=\"https:\/\/portalpopmais.com.br\/wp-content\/uploads\/2026\/09\/morre-gracindo-jr-768x456.png\" class=\"attachment-medium size-medium wp-post-image\" alt=\"morre gracindo jr\" style=\"\" srcset=\"https:\/\/portalpopmais.com.br\/wp-content\/uploads\/2026\/09\/morre-gracindo-jr-768x456.png 768w, https:\/\/portalpopmais.com.br\/wp-content\/uploads\/2026\/09\/morre-gracindo-jr-1170x694.png 1170w, https:\/\/portalpopmais.com.br\/wp-content\/uploads\/2026\/09\/morre-gracindo-jr-18x12.png 18w\" sizes=\"auto, (max-width: 768px) 100vw, 768px\" title=\"\"><\/a><\/div><a class=\"wp-block-latest-posts__post-title\" href=\"https:\/\/portalpopmais.com.br\/en\/morre-gracindo-jr\/\">Morre o ator e diretor Gracindo Jr., aos 83 anos<\/a><\/li>\n<\/ul>\n\n\n<p class=\"wp-block-paragraph\">Ainda na conversa, Jade falou sobre a responsabilidade de ter muitos seguidores. <em>Gosto de dizer que n\u00e3o foi \u2018do nada\u2019. \u00c0s vezes \u00e9 complicado quando voc\u00ea explode do nada, mas no meu caso, meu perfil nas redes foi criado quando eu tinha 11 anos de idade. Foi algo que eu tive tempo de absorver e ver a responsabilidade de que tudo o que eu fazia era reproduzido. Hoje com vinte anos e vinte milh\u00f5es de seguidores j\u00e1 \u00e9 mais comum. E para mim \u00e9 maravilhosa essa troca e fico muito feliz<\/em>\u201d, afirmou.<\/p>\n\n\n\n<p class=\"wp-block-paragraph\">Destaque no BBB22, Jade Picon classificou a experi\u00eancia de participar do reality show como a melhor de sua vida<em>. \u201cEu me joguei sem medo algum, me doei por inteiro, nem pensava no mundo aqui fora. A cada dia que eu acordava, ficava mais feliz. Me surpreendeu demais e minha volta foi maravilhosa. S\u00f3 sinto orgulho de tudo o que eu passei e da minha trajet\u00f3ria\u201d<\/em>, disse.<\/p>\n\n\n\n<h2 class=\"wp-block-heading\">Sindicato quer barrar Jade Picon em novela<\/h2>\n\n\n\n<p class=\"wp-block-paragraph\">O Sindicato dos Artistas do Rio de Janeiro (Sated-RJ) se posicionou contra a contrata\u00e7\u00e3o de Jade Picon para um papel na nova novela da Globo. De acordo com a entidade, foram cerca de 3.000 liga\u00e7\u00f5es de filiados e n\u00e3o filiados de todo Brasil em pouco mais de 24h pedindo esclarecimentos contra a possibilidade da ex-BBB trabalhar no pr\u00f3ximo folhetim da emissora. As informa\u00e7\u00f5es s\u00e3o da jornalista Ana Cora Lima, da Folha de S.Paulo.<\/p>\n\n\n\n<p class=\"wp-block-paragraph\">Hugo Gross, presidente do SATERDRJ, acredita n\u00e3o ser \u2018justo\u2019 a escala\u00e7\u00e3o da influenciadora, por isso vai agir para impedir a participa\u00e7\u00e3o da ex-BBB na nova produ\u00e7\u00e3o da TV Globo, que tem previs\u00e3o de estreia para outubro deste ano.<\/p>\n\n\n\n<p class=\"wp-block-paragraph\"><em>\u201cN\u00e3o acho justo ela tomar um espa\u00e7o em qualquer emissora de televis\u00e3o e a gente vai tomar as medidas cab\u00edveis para que isso n\u00e3o aconte\u00e7a. E a categoria vai nos apoiar\u201d<\/em>, disse Hugo.<\/p>\n\n\n\n<p class=\"wp-block-paragraph\">A irm\u00e3 de Leo Picon, que acumula mais de 20 milh\u00f5es de seguidores nas redes sociais, n\u00e3o tem registro profissional da categoria, o DRT. De acordo com informa\u00e7\u00f5es do TV Pop, ela tamb\u00e9m n\u00e3o deu entrada com qualquer pedido de autoriza\u00e7\u00e3o provis\u00f3ria de atua\u00e7\u00e3o na categoria no \u00faltimo ano. <\/p>\n\n\n\n<p class=\"wp-block-paragraph\">Gross garantiu que sem o documento ela n\u00e3o vai atuar na novela de Gloria Perez. <em>\u201cO sindicato est\u00e1 de olho e posso garantir: n\u00e3o tem registro, n\u00e3o trabalha\u201d, <\/em>afirmou<em>.<\/em><\/p>","protected":false},"excerpt":{"rendered":"<p>Sucesso no BBB22, Jade Picon contou, em entrevista para a Vogue, sobre o seu desejo de estudar se aprofundar na carreira como atriz. A influenciadora digital foi escalada pela Globo para um papel na novela &#8220;Travessia&#8221; e causou tumulto nas redes sociais por n\u00e3o possuir o registro da profiss\u00e3o no sindicato da categoria. \u201cTenho muitos [&hellip;]<\/p>\n","protected":false},"author":2,"featured_media":117018,"comment_status":"closed","ping_status":"open","sticky":false,"template":"","format":"standard","meta":{"footnotes":""},"categories":[181],"tags":[9180],"class_list":["post-117016","post","type-post","status-publish","format-standard","has-post-thumbnail","hentry","category-televisao","tag-jade-picon"],"_links":{"self":[{"href":"https:\/\/portalpopmais.com.br\/en\/wp-json\/wp\/v2\/posts\/117016","targetHints":{"allow":["GET"]}}],"collection":[{"href":"https:\/\/portalpopmais.com.br\/en\/wp-json\/wp\/v2\/posts"}],"about":[{"href":"https:\/\/portalpopmais.com.br\/en\/wp-json\/wp\/v2\/types\/post"}],"author":[{"embeddable":true,"href":"https:\/\/portalpopmais.com.br\/en\/wp-json\/wp\/v2\/users\/2"}],"replies":[{"embeddable":true,"href":"https:\/\/portalpopmais.com.br\/en\/wp-json\/wp\/v2\/comments?post=117016"}],"version-history":[{"count":0,"href":"https:\/\/portalpopmais.com.br\/en\/wp-json\/wp\/v2\/posts\/117016\/revisions"}],"wp:featuredmedia":[{"embeddable":true,"href":"https:\/\/portalpopmais.com.br\/en\/wp-json\/wp\/v2\/media\/117018"}],"wp:attachment":[{"href":"https:\/\/portalpopmais.com.br\/en\/wp-json\/wp\/v2\/media?parent=117016"}],"wp:term":[{"taxonomy":"category","embeddable":true,"href":"https:\/\/portalpopmais.com.br\/en\/wp-json\/wp\/v2\/categories?post=117016"},{"taxonomy":"post_tag","embeddable":true,"href":"https:\/\/portalpopmais.com.br\/en\/wp-json\/wp\/v2\/tags?post=117016"}],"curies":[{"name":"wp","href":"https:\/\/api.w.org\/{rel}","templated":true}]}}