{"id":117110,"date":"2022-05-18T15:55:52","date_gmt":"2022-05-18T18:55:52","guid":{"rendered":"https:\/\/portalpopmais.com.br\/?p=117110"},"modified":"2022-05-18T16:11:20","modified_gmt":"2022-05-18T19:11:20","slug":"felipe-prior-participaria-de-a-fazenda-condicao","status":"publish","type":"post","link":"https:\/\/portalpopmais.com.br\/en\/felipe-prior-participaria-de-a-fazenda-condicao\/","title":{"rendered":"Felipe Prior diz que participaria de &#8216;A Fazenda&#8217;, mas imp\u00f5e condi\u00e7\u00e3o; saiba qual"},"content":{"rendered":"<p>O ex-participante do BBB20, <a href=\"https:\/\/portalpopmais.com.br\/en\/me-coloquem-na-casa-de-vidro-dispara-felipe-prior\/\" data-type=\"post\" data-id=\"104061\">Felipe Prior<\/a>, respondeu alguns seguidores em suas redes sociais. O rapaz contou que pretende participar de &#8216;<a href=\"https:\/\/portalpopmais.com.br\/en\/bil-araujo-descobre-morte-marilia-mendonca\/\" data-type=\"post\" data-id=\"99692\">A Fazenda<\/a>&#8216;, reality da RecordTV, desde que algumas exig\u00eancias feitas por ele sejam atendidas.<\/p>\n\n\n\n<p>Atrav\u00e9s de seu perfil no Instagram, o arquiteto resolveu responder uma das perguntas mais comuns entre seus f\u00e3s: &#8220;Voc\u00ea iria para &#8216;A Fazenda?&#8221;. <\/p>\n\n\n\n<h2 class=\"wp-block-heading\">Veja tamb\u00e9m<\/h2>\n\n\n<ul class=\"wp-block-latest-posts__list is-grid columns-3 aligncenter wp-block-latest-posts\"><li><div class=\"wp-block-latest-posts__featured-image aligncenter\"><a href=\"https:\/\/portalpopmais.com.br\/en\/preso-e-condenado-hytalo-santos-e-alvo-de-nova-acao-judicial-veja\/\" aria-label=\"Preso e condenado, Hytalo Santos \u00e9 alvo de nova a\u00e7\u00e3o judicial; veja\"><img loading=\"lazy\" decoding=\"async\" width=\"768\" height=\"456\" src=\"https:\/\/portalpopmais.com.br\/wp-content\/uploads\/2025\/08\/Hytalo-Santos-preso-768x456.png\" class=\"attachment-medium size-medium wp-post-image\" alt=\"Hytalo Santos\" style=\"\" srcset=\"https:\/\/portalpopmais.com.br\/wp-content\/uploads\/2025\/08\/Hytalo-Santos-preso-768x456.png 768w, https:\/\/portalpopmais.com.br\/wp-content\/uploads\/2025\/08\/Hytalo-Santos-preso-1170x694.png 1170w\" sizes=\"auto, (max-width: 768px) 100vw, 768px\" title=\"\"><\/a><\/div><a class=\"wp-block-latest-posts__post-title\" href=\"https:\/\/portalpopmais.com.br\/en\/preso-e-condenado-hytalo-santos-e-alvo-de-nova-acao-judicial-veja\/\">Preso e condenado, Hytalo Santos \u00e9 alvo de nova a\u00e7\u00e3o judicial; veja<\/a><\/li>\n<li><div class=\"wp-block-latest-posts__featured-image aligncenter\"><a href=\"https:\/\/portalpopmais.com.br\/en\/sam-neill-anuncia-remissao-de-cancer-apos-tratamento-experimental\/\" aria-label=\"Sam Neill anuncia remiss\u00e3o de c\u00e2ncer ap\u00f3s tratamento experimental\"><img loading=\"lazy\" decoding=\"async\" width=\"768\" height=\"456\" src=\"https:\/\/portalpopmais.com.br\/wp-content\/uploads\/2026\/04\/sam-neill-768x456.png\" class=\"attachment-medium size-medium wp-post-image\" alt=\"sam neill\" style=\"\" title=\"\"><\/a><\/div><a class=\"wp-block-latest-posts__post-title\" href=\"https:\/\/portalpopmais.com.br\/en\/sam-neill-anuncia-remissao-de-cancer-apos-tratamento-experimental\/\">Sam Neill anuncia remiss\u00e3o de c\u00e2ncer ap\u00f3s tratamento experimental<\/a><\/li>\n<li><div class=\"wp-block-latest-posts__featured-image aligncenter\"><a href=\"https:\/\/portalpopmais.com.br\/en\/ator-de-danca-com-lobos-nathan-chasing-horse-e-condenado-a-prisao-perpetua-nos-eua\/\" aria-label=\"Ator de \u2018Dan\u00e7a com Lobos\u2019, Nathan Chasing Horse \u00e9 condenado \u00e0 pris\u00e3o perp\u00e9tua nos EUA\"><img loading=\"lazy\" decoding=\"async\" width=\"768\" height=\"456\" src=\"https:\/\/portalpopmais.com.br\/wp-content\/uploads\/2026\/04\/Nathan-Chasing-Horse-prisao-perpetua-768x456.png\" class=\"attachment-medium size-medium wp-post-image\" alt=\"Nathan Chasing Horse prisao perpetua\" style=\"\" srcset=\"https:\/\/portalpopmais.com.br\/wp-content\/uploads\/2026\/04\/Nathan-Chasing-Horse-prisao-perpetua-768x456.png 768w, https:\/\/portalpopmais.com.br\/wp-content\/uploads\/2026\/04\/Nathan-Chasing-Horse-prisao-perpetua-18x10.png 18w\" sizes=\"auto, (max-width: 768px) 100vw, 768px\" title=\"\"><\/a><\/div><a class=\"wp-block-latest-posts__post-title\" href=\"https:\/\/portalpopmais.com.br\/en\/ator-de-danca-com-lobos-nathan-chasing-horse-e-condenado-a-prisao-perpetua-nos-eua\/\">Ator de \u2018Dan\u00e7a com Lobos\u2019, Nathan Chasing Horse \u00e9 condenado \u00e0 pris\u00e3o perp\u00e9tua nos EUA<\/a><\/li>\n<li><div class=\"wp-block-latest-posts__featured-image aligncenter\"><a href=\"https:\/\/portalpopmais.com.br\/en\/video-daniela-mercury-insinua-que-edson-gomes-bate-na-esposa-e-cantor-se-revolta\/\" aria-label=\"V\u00eddeo: Daniela Mercury insinua que Edson Gomes bate na esposa e cantor se revolta\"><img loading=\"lazy\" decoding=\"async\" width=\"768\" height=\"456\" src=\"https:\/\/portalpopmais.com.br\/wp-content\/uploads\/2026\/04\/daniela-mercury-768x456.png\" class=\"attachment-medium size-medium wp-post-image\" alt=\"daniela mercury\" style=\"\" srcset=\"https:\/\/portalpopmais.com.br\/wp-content\/uploads\/2026\/04\/daniela-mercury-768x456.png 768w, https:\/\/portalpopmais.com.br\/wp-content\/uploads\/2026\/04\/daniela-mercury-18x12.png 18w\" sizes=\"auto, (max-width: 768px) 100vw, 768px\" title=\"\"><\/a><\/div><a class=\"wp-block-latest-posts__post-title\" href=\"https:\/\/portalpopmais.com.br\/en\/video-daniela-mercury-insinua-que-edson-gomes-bate-na-esposa-e-cantor-se-revolta\/\">V\u00eddeo: Daniela Mercury insinua que Edson Gomes bate na esposa e cantor se revolta<\/a><\/li>\n<li><div class=\"wp-block-latest-posts__featured-image aligncenter\"><a href=\"https:\/\/portalpopmais.com.br\/en\/justica-do-df-torna-felipe-prior-reu-por-suposto-esquema-de-apostas-predatorias\/\" aria-label=\"Justi\u00e7a do DF torna Felipe Prior r\u00e9u por suposto esquema de apostas predat\u00f3rias\"><img loading=\"lazy\" decoding=\"async\" width=\"768\" height=\"456\" src=\"https:\/\/portalpopmais.com.br\/wp-content\/uploads\/2022\/05\/Felipe-prior-a-fazenda-768x456.jpg\" class=\"attachment-medium size-medium wp-post-image\" alt=\"Felipe Prior\" style=\"\" title=\"\"><\/a><\/div><a class=\"wp-block-latest-posts__post-title\" href=\"https:\/\/portalpopmais.com.br\/en\/justica-do-df-torna-felipe-prior-reu-por-suposto-esquema-de-apostas-predatorias\/\">Justi\u00e7a do DF torna Felipe Prior r\u00e9u por suposto esquema de apostas predat\u00f3rias<\/a><\/li>\n<li><div class=\"wp-block-latest-posts__featured-image aligncenter\"><a href=\"https:\/\/portalpopmais.com.br\/en\/pai-da-dupla-victor-leo-morre-aos-75-anos\/\" aria-label=\"Pai da dupla Victor &amp; Leo morre aos 75 anos\"><img loading=\"lazy\" decoding=\"async\" width=\"768\" height=\"456\" src=\"https:\/\/portalpopmais.com.br\/wp-content\/uploads\/2026\/04\/morre-pai-victor-e-leo-768x456.png\" class=\"attachment-medium size-medium wp-post-image\" alt=\"morre pai victor e leo\" style=\"\" srcset=\"https:\/\/portalpopmais.com.br\/wp-content\/uploads\/2026\/04\/morre-pai-victor-e-leo-768x456.png 768w, https:\/\/portalpopmais.com.br\/wp-content\/uploads\/2026\/04\/morre-pai-victor-e-leo-1170x694.png 1170w, https:\/\/portalpopmais.com.br\/wp-content\/uploads\/2026\/04\/morre-pai-victor-e-leo-18x12.png 18w\" sizes=\"auto, (max-width: 768px) 100vw, 768px\" title=\"\"><\/a><\/div><a class=\"wp-block-latest-posts__post-title\" href=\"https:\/\/portalpopmais.com.br\/en\/pai-da-dupla-victor-leo-morre-aos-75-anos\/\">Pai da dupla Victor &amp; Leo morre aos 75 anos<\/a><\/li>\n<\/ul>\n\n\n<p><em>&#8220;Meu sonho \u00e9 ganhar o BBB. Mas, se pagarem o valor que eu acho que vale o passe do jogador aqui, eu vou, sim! Para ganhar a jogar&#8221;,<\/em> respondeu ele. <\/p>\n\n\n\n<p>Mesmo tendo se envolvido em algumas pol\u00eamicas no reality global, Felipe Prior continua querido pelo p\u00fablico devido suas atitudes controversas e opini\u00f5es pol\u00eamicas.<\/p>\n\n\n\n<p>Anteriormente, por\u00e9m, ele havia dito que n\u00e3o gostaria de participar de realities novamente. &#8220;N\u00e3o essas chatices de reality que estou vendo agora nesse momento, com pessoas brigando por tomar sol&#8221;, afirmou. Aparentemente, o rapaz mudou de ideia\u2026<\/p>","protected":false},"excerpt":{"rendered":"<p>O ex-participante do BBB20, Felipe Prior, respondeu alguns seguidores em suas redes sociais. O rapaz contou que pretende participar de &#8216;A Fazenda&#8216;, reality da RecordTV, desde que algumas exig\u00eancias feitas por ele sejam atendidas. Atrav\u00e9s de seu perfil no Instagram, o arquiteto resolveu responder uma das perguntas mais comuns entre seus f\u00e3s: &#8220;Voc\u00ea iria para [&hellip;]<\/p>\n","protected":false},"author":3,"featured_media":117111,"comment_status":"closed","ping_status":"open","sticky":false,"template":"","format":"standard","meta":{"footnotes":""},"categories":[8605],"tags":[2240],"class_list":["post-117110","post","type-post","status-publish","format-standard","has-post-thumbnail","hentry","category-realities","tag-felipe-prior"],"_links":{"self":[{"href":"https:\/\/portalpopmais.com.br\/en\/wp-json\/wp\/v2\/posts\/117110","targetHints":{"allow":["GET"]}}],"collection":[{"href":"https:\/\/portalpopmais.com.br\/en\/wp-json\/wp\/v2\/posts"}],"about":[{"href":"https:\/\/portalpopmais.com.br\/en\/wp-json\/wp\/v2\/types\/post"}],"author":[{"embeddable":true,"href":"https:\/\/portalpopmais.com.br\/en\/wp-json\/wp\/v2\/users\/3"}],"replies":[{"embeddable":true,"href":"https:\/\/portalpopmais.com.br\/en\/wp-json\/wp\/v2\/comments?post=117110"}],"version-history":[{"count":0,"href":"https:\/\/portalpopmais.com.br\/en\/wp-json\/wp\/v2\/posts\/117110\/revisions"}],"wp:featuredmedia":[{"embeddable":true,"href":"https:\/\/portalpopmais.com.br\/en\/wp-json\/wp\/v2\/media\/117111"}],"wp:attachment":[{"href":"https:\/\/portalpopmais.com.br\/en\/wp-json\/wp\/v2\/media?parent=117110"}],"wp:term":[{"taxonomy":"category","embeddable":true,"href":"https:\/\/portalpopmais.com.br\/en\/wp-json\/wp\/v2\/categories?post=117110"},{"taxonomy":"post_tag","embeddable":true,"href":"https:\/\/portalpopmais.com.br\/en\/wp-json\/wp\/v2\/tags?post=117110"}],"curies":[{"name":"wp","href":"https:\/\/api.w.org\/{rel}","templated":true}]}}